{"id":961,"date":"2019-01-11T09:50:04","date_gmt":"2019-01-11T08:50:04","guid":{"rendered":"https:\/\/freitagsworte.de\/?p=961"},"modified":"2020-04-19T21:05:53","modified_gmt":"2020-04-19T19:05:53","slug":"stolziere-nicht-eitel-auf-der-erde-herum","status":"publish","type":"post","link":"https:\/\/freitagsworte.de\/index.php\/2019\/01\/11\/stolziere-nicht-eitel-auf-der-erde-herum\/","title":{"rendered":"&#8220;Stolziere nicht eitel auf der Erde herum&#8221;"},"content":{"rendered":"\n<p>Es gibt Haltungen, Emotionen, die sind mindestens so alt wie die Sch\u00f6pfung des Menschen. Vertrauen ist solch eine Emotion. Das Vertrauen Allahs gegen\u00fcber dem Menschen. Trotz aller Zweifel der Engeln gegen\u00fcber der Sch\u00f6pfung des Menschen, ihrem Verweis auf seine Neigung zu Verderben und Blut vergie\u00dfen, spricht der Sch\u00f6pfer dem Menschen sein Vertrauen aus: <\/p>\n\n\n\n<p>\u201cUnd als dein Herr zu den Engeln sprach: \u00bbSiehe, Ich will auf der Erde f\u00fcr Mich einen Sachwalter einsetzen\u00ab, da sagten sie: \u00bbWillst Du auf ihr einen einsetzen, der auf ihr Verderben anrichtet und Blut vergie\u00dft? Wir verk\u00fcnden doch Dein Lob und r\u00fchmen Dich.\u00ab Er sprach: \u00bbSiehe, Ich wei\u00df, was ihr nicht wisst.\u00ab\u201d (2:30)<\/p>\n\n\n\n<!--more-->\n\n\n\n<p>Fast genauso alt ist eine andere Emotion, eine andere Haltung: der Hochmut. Die Sch\u00f6pfung des Menschen ist auch hier der Anlass f\u00fcr diese Haltung. Iblis ist es, der seinen Hochmut nicht in Zaum halten kann.  \u00dcber die Natur von Iblis gibt es unterschiedliche \u00dcberlieferungen. Allen ist gemeinsam, dass er eine hohe Stellung bei Allah hatte. Er war angesehen, er hatte einen Namen. Dies wurde aber auch zu seinem Verh\u00e4ngnis. <\/p>\n\n\n\n<p>Nach der Erschaffung des Menschen wies Allah teala die Wesen des Himmels an, sich vor seiner Sch\u00f6pfung nieder zuwerfen. <\/p>\n\n\n\n<p>\u201cUnd als Wir zu den Engeln sprachen: \u00bbWerft euch vor Adam nieder!\u00ab &#8211; da warfen sie sich nieder, au\u00dfer Iblis, der sich aus Hochmut weigerte und so zu einem der Ungl\u00e4ubigen wurde.\u201d (2:34)<\/p>\n\n\n\n<p>Iblis sah dieses Gebot als eine Ehrerbietung gegen\u00fcber Adam an. Einem Gesch\u00f6pf, dem er eine niedere Position als sich selbst zuschrieb. Dabei vergas er, dass nicht ihm diese Wertung zustand, sondern nur Allah. Die Niederwerfung galt nicht Adam, sie war eine Anerkennung und Lobpreisung des Sch\u00f6pfungsaktes Allahs. Nicht dem Gesch\u00f6pf galt die Niederwerfung, sondern dem Sch\u00f6pfer. <\/p>\n\n\n\n<p>Der Hochmut lag in der Wertzuschreibung, die Iblis vornahm. Er stellte sich \u00fcber andere, blickte auf sie herab. Dabei ging es gar nicht darum, ob der Wert Adams h\u00f6her war oder der Wert Iblis. Das Bewerten an sich war bereits sein Fehler. <\/p>\n\n\n\n<p>Die Geschichte von Iblis ist nicht die einzige Warnung im Koran vor dem Hochmut. Auch in den Ratschl\u00e4gen des Propheten Luqman an seinen Sohn, wird das Thema aufgegriffen. <\/p>\n\n\n\n<p>\u201cUnd sei gegen die Menschen nicht hochfahrend und stolziere nicht eitel auf der Erde herum. Siehe, Allah liebt keinen eingebildeten Prahler.\u201d (31:18)<\/p>\n\n\n\n<p>Beim Hochmut handelt es sich nicht um eine Lappalie, um eine kleine S\u00fcnde, der man einfach nebenher fr\u00f6nen k\u00f6nnte. In einem Ausspruch, einem Hadis, setzt der Prophet den Hochmut in Kontrast zum Glauben an Allah. <\/p>\n\n\n\n<p>\u201cWer einen senfkorngro\u00dfen Glauben (Iman) im Herzen tr\u00e4gt, der wird nicht in die Dschahannam (H\u00f6lle) eintreten; wer ein senfkorngro\u00dfes Teil an Hochmut in seinem Herzen tr\u00e4gt, der wird nicht in das Paradies eintreten.\u201d (Muslim, Iman) (ek)<\/p>\n","protected":false},"excerpt":{"rendered":"<p>Es gibt Haltungen, Emotionen, die sind mindestens so alt wie die Sch\u00f6pfung des Menschen. Vertrauen ist solch eine Emotion. Das Vertrauen Allahs gegen\u00fcber dem Menschen. Trotz aller Zweifel der Engeln gegen\u00fcber der Sch\u00f6pfung des Menschen, ihrem Verweis auf seine Neigung zu Verderben und Blut vergie\u00dfen, spricht der Sch\u00f6pfer dem Menschen sein Vertrauen aus: \u201cUnd als&hellip; <\/p>\n<p class=\"simppeli-read-more\"><a href=\"https:\/\/freitagsworte.de\/index.php\/2019\/01\/11\/stolziere-nicht-eitel-auf-der-erde-herum\/\" class=\"more-link\">Weiterlesen <span class=\"screen-reader-text\">&#8220;Stolziere nicht eitel auf der Erde herum&#8221;<\/span> <span class=\"meta-nav\">&rarr;<\/span><\/a><\/p>\n","protected":false},"author":1,"featured_media":0,"comment_status":"closed","ping_status":"closed","sticky":false,"template":"","format":"standard","meta":{"spay_email":"","jetpack_publicize_message":"","jetpack_is_tweetstorm":false,"jetpack_publicize_feature_enabled":true},"categories":[329],"tags":[],"jetpack_publicize_connections":[],"jetpack_featured_media_url":"","jetpack_sharing_enabled":true,"jetpack_shortlink":"https:\/\/wp.me\/p8tv7g-fv","jetpack-related-posts":[{"id":203,"url":"https:\/\/freitagsworte.de\/index.php\/2017\/06\/02\/zu-fragen-bedeutet-hoffnung-zu-haben\/","url_meta":{"origin":961,"position":0},"title":"Zu Fragen bedeutet, Hoffnung zu haben","date":"2. Juni 2017","format":false,"excerpt":"\u201cDamals, als dein Herr zu den Engeln sprach: \u201cSiehe, einen Sachwalter will ich einsetzen auf der Erde!\u201d Da sprachen sie: \u201cWillst du jemanden auf ihr einsetzen, der Unheil auf ihr anrichtet und Blut vergie\u00dft - wo wir dir Lobpreis singen und dich heiligen?\u201d Er sprach: \u201cSiehe, ich wei\u00df, was ihr\u2026","rel":"","context":"In &quot;Skepsis&quot;","img":{"alt_text":"","src":"","width":0,"height":0},"classes":[]},{"id":1671,"url":"https:\/\/freitagsworte.de\/index.php\/2021\/06\/11\/zu-fragen-bedeutet-hoffnung-zu-haben-2\/","url_meta":{"origin":961,"position":1},"title":"Zu fragen bedeutet, Hoffnung zu haben","date":"11. Juni 2021","format":false,"excerpt":"In der Sure Bakara wird die Sch\u00f6pfung Adams in einem Dialog zwischen Gott und den Engeln aufgegriffen: \u201cDamals, als dein Herr zu den Engeln sprach: \u201cSiehe, einen Sachwalter will ich einsetzen auf der Erde!\u201d Da sprachen sie: \u201cWillst du jemanden auf ihr einsetzen, der Unheil auf ihr anrichtet und Blut\u2026","rel":"","context":"\u00c4hnlicher Beitrag","img":{"alt_text":"","src":"","width":0,"height":0},"classes":[]},{"id":550,"url":"https:\/\/freitagsworte.de\/index.php\/2018\/03\/02\/die-schoepfung-bewahren\/","url_meta":{"origin":961,"position":2},"title":"Die Sch\u00f6pfung bewahren","date":"2. M\u00e4rz 2018","format":false,"excerpt":"Wir erleben derzeit eine extreme K\u00e4ltewelle in Europa. Wer morgens fr\u00fch aus dem Haus muss, um zur Arbeit oder zur Schule zu fahren, wundert sich oft, wann es in den letzten Jahren solch kalte Tage und N\u00e4chte gegeben hat. Ein Blick auf die Wetterkarten der letzten Woche offenbarte erstaunliches. So\u2026","rel":"","context":"In &quot;Sch\u00f6pfung&quot;","img":{"alt_text":"","src":"","width":0,"height":0},"classes":[]},{"id":1758,"url":"https:\/\/freitagsworte.de\/index.php\/2021\/10\/29\/die-illusion-von-macht-2\/","url_meta":{"origin":961,"position":3},"title":"Die Illusion von Macht","date":"29. Oktober 2021","format":false,"excerpt":"Unsere Gegenwart ist gepr\u00e4gt von der Faszination, die unsere M\u00f6glichkeiten uns vermitteln. In dem Ausma\u00df, in welchem wir das Spirituelle, das buchst\u00e4blich Unbegreifbare, das Nichtk\u00f6rperliche, das Transzendente aus unserem Leben und unserer unmittelbaren Orientierung verdr\u00e4ngt haben, in dem Ma\u00dfe hat das K\u00f6rperliche, das Materielle, die Anh\u00e4ufung des Konkreten Bedeutung f\u00fcr\u2026","rel":"","context":"\u00c4hnlicher Beitrag","img":{"alt_text":"","src":"","width":0,"height":0},"classes":[]},{"id":1117,"url":"https:\/\/freitagsworte.de\/index.php\/2019\/07\/19\/die-illusion-von-macht\/","url_meta":{"origin":961,"position":4},"title":"Die Illusion von Macht","date":"19. Juli 2019","format":false,"excerpt":"Unsere Gegenwart ist gepr\u00e4gt von der Faszination, die unsere M\u00f6glichkeiten uns vermitteln. In dem Ausma\u00df, in welchem wir das Spirituelle, das buchst\u00e4blich Unbegreifbare, das Nichtk\u00f6rperliche, das Transzendente aus unserem Leben und unserer unmittelbaren Orientierung verdr\u00e4ngt haben, in dem Ma\u00dfe hat das K\u00f6rperliche, das Materielle, die Anh\u00e4ufung des Konkreten Bedeutung f\u00fcr\u2026","rel":"","context":"\u00c4hnlicher Beitrag","img":{"alt_text":"","src":"","width":0,"height":0},"classes":[]},{"id":667,"url":"https:\/\/freitagsworte.de\/index.php\/2018\/06\/22\/wir-verneigen-uns-vor-dem-menschen\/","url_meta":{"origin":961,"position":5},"title":"Wir verneigen uns vor dem Menschen","date":"22. Juni 2018","format":false,"excerpt":"Eine \u00e4hnliche Geschichte finden wir auch im Koran. Dort sind es die Engel, die sich vor einem Menschen \u2013 Adam \u2013 niederwerfen, von dem sie zuvor sagen, dass er auf der Erde \u201eUnheil anrichten und Blut vergie\u00dfen\u201c werde (2:30-34).","rel":"","context":"In &quot;Menschlichkeit&quot;","img":{"alt_text":"","src":"","width":0,"height":0},"classes":[]}],"_links":{"self":[{"href":"https:\/\/freitagsworte.de\/index.php\/wp-json\/wp\/v2\/posts\/961"}],"collection":[{"href":"https:\/\/freitagsworte.de\/index.php\/wp-json\/wp\/v2\/posts"}],"about":[{"href":"https:\/\/freitagsworte.de\/index.php\/wp-json\/wp\/v2\/types\/post"}],"author":[{"embeddable":true,"href":"https:\/\/freitagsworte.de\/index.php\/wp-json\/wp\/v2\/users\/1"}],"replies":[{"embeddable":true,"href":"https:\/\/freitagsworte.de\/index.php\/wp-json\/wp\/v2\/comments?post=961"}],"version-history":[{"count":1,"href":"https:\/\/freitagsworte.de\/index.php\/wp-json\/wp\/v2\/posts\/961\/revisions"}],"predecessor-version":[{"id":962,"href":"https:\/\/freitagsworte.de\/index.php\/wp-json\/wp\/v2\/posts\/961\/revisions\/962"}],"wp:attachment":[{"href":"https:\/\/freitagsworte.de\/index.php\/wp-json\/wp\/v2\/media?parent=961"}],"wp:term":[{"taxonomy":"category","embeddable":true,"href":"https:\/\/freitagsworte.de\/index.php\/wp-json\/wp\/v2\/categories?post=961"},{"taxonomy":"post_tag","embeddable":true,"href":"https:\/\/freitagsworte.de\/index.php\/wp-json\/wp\/v2\/tags?post=961"}],"curies":[{"name":"wp","href":"https:\/\/api.w.org\/{rel}","templated":true}]}}