{"id":853,"date":"2018-11-30T09:50:05","date_gmt":"2018-11-30T08:50:05","guid":{"rendered":"https:\/\/freitagsworte.de\/?p=853"},"modified":"2018-12-14T14:13:44","modified_gmt":"2018-12-14T13:13:44","slug":"der-preis-ist-hart","status":"publish","type":"post","link":"https:\/\/freitagsworte.de\/index.php\/2018\/11\/30\/der-preis-ist-hart\/","title":{"rendered":"Der Preis ist hart"},"content":{"rendered":"\n<p>Als im April 2013 in Bangladesh das &#8220;Rana Plaza&#8221; einst\u00fcrzte und \u00fcber 1000 Menschen ihr Leben verloren haben, war die Best\u00fcrzung weltweit gro\u00df.&nbsp;<br>Beim &#8220;Rana Plaza&#8221; handelte es sich um eine von zahlreichen Textilfabriken in Asien, die f\u00fcr verschiedene globale Bekleidungskonzerne m\u00f6glichst billig Jacken, Hosen und Hemden hergestellt haben.<\/p>\n\n\n\n<p>Oftmals gen\u00e4ht von Frauen, die f\u00fcr wenige Euro im Monat unter unmenschlichen Arbeitsbedingungen ihre Gesundheit und sogar ihr Leben riskieren. <\/p>\n\n\n\n<p>Seit diesem Ungl\u00fcck versuchen einige Anbieter die Arbeitsbedingungen in den von ihnen beauftragten Fabriken zu verbessern. Bisher eher mit bescheidenem Erfolg. <\/p>\n\n\n\n<!--more-->\n\n\n\n<p>Der harte Wettbewerb auf dem globalen Textilmarkt und die steigende Nachfrage nach schnellen Modetrends zu g\u00fcnstigen Preisen scheint eine schnellere Verbesserung der Arbeitsbedingungen zu bremsen. <\/p>\n\n\n\n<p>Hat man fr\u00fcher bei einem Loch in der Hose dieses ausgebessert oder den getragenen Pullover seinem Bruder gegeben, werden diese Klamotten heute schnell aussortiert. Neuer Stoff muss her und das m\u00f6glichst g\u00fcnstig. <\/p>\n\n\n\n<p>Man hat wohl zwar im Hinterkopf, dass die Jeans f\u00fcr 9,99 \u20ac und das T-Shirt f\u00fcr 3,99 \u20ac von schlecht bezahlten N\u00e4herinnen in Asien hergestellt worden sind, oft setzt sich aber dann doch der Kaufwunsch durch. <\/p>\n\n\n\n<p>Im Islam wird das Thema &#8220;Konsum und Verschwendung&#8221; mehrmals deutlich benannt. <\/p>\n\n\n\n<p>So hei\u00dft es im Koran<\/p>\n\n\n\n<blockquote class=\"wp-block-quote\"><p>\u201eUnd seid nicht verschwenderisch; siehe, er liebt die Verschwender nicht.\u201c (Sure 6:141)<\/p><\/blockquote>\n\n\n\n<p>Ein bekannter Hadith sagt dazu:<\/p>\n\n\n\n<blockquote class=\"wp-block-quote\"><p>\u201eEsst und trinkt, kleidet euch und spendet. Aber h\u00fctet euch vor der Verschwendung.\u201c (Buhari) <\/p><\/blockquote>\n\n\n\n<p>Demnach sind wir als Muslime verpflichtet, sorgsam auf den Verbrauch von Ressourcen zu achten.&nbsp;Im Alltag kann man sich bereits mit kleinen Schritten f\u00fcr einen nachhaltigen Gebrauch von Kleidung einsetzen.<\/p>\n\n\n\n<p>Zum einen hilft es schon, sich vor dem Kauf genau zu \u00fcberlegen, ob man jetzt wirklich etwas neues kaufen muss.&nbsp;Wenn ja, sollte man sich vorher genauer \u00fcber die Produktionsbedingungen des Anbieters informieren. Diese k\u00f6nnen sich nur \u00e4ndern, wenn Konsumierende selbst die Signale setzen.&nbsp;Eine Alternative w\u00e4re auch mal Kleidung als Second Hand zu kaufen oder, wenn m\u00f6glich, zu tauschen.&nbsp;<\/p>\n\n\n\n<p>Letztlich d\u00fcrfen wir nicht vergessen, dass f\u00fcr viele unserer gekauften Sachen Menschen stehen, die oft einen harten Preis f\u00fcr die Produktion bezahlen. (ab) <\/p>\n\n\n\n<hr class=\"wp-block-separator\"\/>\n\n\n<script class=\"podigee-podcast-player\" src=\"https:\/\/cdn.podigee.com\/podcast-player\/javascripts\/podigee-podcast-player.js\" data-configuration=\"https:\/\/freitagsworte.podigee.io\/91-schnatterfleck\/embed?context=external\"><\/script>\n","protected":false},"excerpt":{"rendered":"<p>Als im April 2013 in Bangladesh das &#8220;Rana Plaza&#8221; einst\u00fcrzte und \u00fcber 1000 Menschen ihr Leben verloren haben, war die Best\u00fcrzung weltweit gro\u00df.&nbsp;Beim &#8220;Rana Plaza&#8221; handelte es sich um eine von zahlreichen Textilfabriken in Asien, die f\u00fcr verschiedene globale Bekleidungskonzerne m\u00f6glichst billig Jacken, Hosen und Hemden hergestellt haben. Oftmals gen\u00e4ht von Frauen, die f\u00fcr wenige&hellip; <\/p>\n<p class=\"simppeli-read-more\"><a href=\"https:\/\/freitagsworte.de\/index.php\/2018\/11\/30\/der-preis-ist-hart\/\" class=\"more-link\">Weiterlesen <span class=\"screen-reader-text\">Der Preis ist hart<\/span> <span class=\"meta-nav\">&rarr;<\/span><\/a><\/p>\n","protected":false},"author":6,"featured_media":0,"comment_status":"closed","ping_status":"closed","sticky":false,"template":"","format":"standard","meta":{"spay_email":"","jetpack_publicize_message":"","jetpack_is_tweetstorm":false,"jetpack_publicize_feature_enabled":true},"categories":[319],"tags":[323,322,320,321],"jetpack_publicize_connections":[],"jetpack_featured_media_url":"","jetpack_sharing_enabled":true,"jetpack_shortlink":"https:\/\/wp.me\/p8tv7g-dL","jetpack-related-posts":[{"id":1100,"url":"https:\/\/freitagsworte.de\/index.php\/2019\/06\/14\/ein-zimmer-zu-wenig\/","url_meta":{"origin":853,"position":0},"title":"Ein Zimmer zu wenig\u2026","date":"14. Juni 2019","format":false,"excerpt":"\u201eGanz gleich, wen ich frage\u201c, schrieb einmal der t\u00fcrkische Dichter \u00d6zdemir Asaf (1923-1981), \u201ejeder ist der Ansicht, dass sein Haus ein Zimmer zu wenig habe\u201c. Nehmen wir diese Aussage doch zum Anlass und horchen kurz in uns hinein. Verfallen nicht auch wir hin und wieder diesem Glauben? Dem Glauben n\u00e4mlich,\u2026","rel":"","context":"In &quot;Gen\u00fcgsamkeit&quot;","img":{"alt_text":"","src":"","width":0,"height":0},"classes":[]},{"id":1803,"url":"https:\/\/freitagsworte.de\/index.php\/2022\/01\/21\/ein-zimmer-zu-wenig-2\/","url_meta":{"origin":853,"position":1},"title":"EIN ZIMMER ZU WENIG\u2026","date":"21. Januar 2022","format":false,"excerpt":"\u201eGanz gleich, wen ich frage\u201c, schrieb einmal der t\u00fcrkische Dichter \u00d6zdemir Asaf (1923-1981), \u201ejeder ist der Ansicht, dass sein Haus ein Zimmer zu wenig habe\u201c. Nehmen wir diese Aussage doch zum Anlass und horchen kurz in uns hinein. Verfallen nicht auch wir hin und wieder diesem Glauben? Dem Glauben n\u00e4mlich,\u2026","rel":"","context":"\u00c4hnlicher Beitrag","img":{"alt_text":"","src":"","width":0,"height":0},"classes":[]},{"id":1405,"url":"https:\/\/freitagsworte.de\/index.php\/2020\/07\/03\/statt-billigfleisch-halal-weiter-denken\/","url_meta":{"origin":853,"position":2},"title":"Statt Billigfleisch: Halal weiter denken","date":"3. Juli 2020","format":false,"excerpt":"In den letzten Tagen hat der Skandal um die Ausbreitung von COVID19 in einem der gr\u00f6\u00dften Fleischfabriken Europas bei uns f\u00fcr gro\u00dfes Aufsehen gesorgt. Nicht nur, dass sich \u00fcber 1500 Mitarbeiter dort infizierten und somit eine ganze Region unter strengen Kontaktbeschr\u00e4nkungen und Kontrollen fallen lie\u00df sorgte f\u00fcr \u00c4rger und Entsetzen.\u2026","rel":"","context":"\u00c4hnlicher Beitrag","img":{"alt_text":"","src":"","width":0,"height":0},"classes":[]},{"id":275,"url":"https:\/\/freitagsworte.de\/index.php\/2017\/08\/04\/nicht-wegschauen-sich-kuemmern\/","url_meta":{"origin":853,"position":3},"title":"Nicht wegschauen, sich k\u00fcmmern","date":"4. August 2017","format":false,"excerpt":"In Sure 5:90-92 wird der Alkoholkonsum verboten und grunds\u00e4tzlich wird vom Konsum psychoaktiver Substanzen abgeraten, da sie die Wahrnehmung vernebeln. Gleichwohl gibt es in unserer Gemeinde Menschen, die s\u00fcchtig sind oder ein Suchtverhalten aufweisen. Begriffe wie Sucht und Suchtmittel, Drogen und Drogenabh\u00e4ngigkeit oder Spielsucht, Internetsucht und Alkoholsucht schrecken uns ab.\u2026","rel":"","context":"In &quot;Gemeinschaft&quot;","img":{"alt_text":"","src":"","width":0,"height":0},"classes":[]},{"id":1466,"url":"https:\/\/freitagsworte.de\/index.php\/2020\/09\/18\/menschen-sehen-dich-an\/","url_meta":{"origin":853,"position":4},"title":"Menschen sehen dich an","date":"18. September 2020","format":false,"excerpt":"Theodor W. Adorno schreibt in seinem Werk \u201eMinima Moralia\u201c unter der \u00dcberschrift \u201eMenschen sehen dich an\u201c Folgendes: \u201eDie Entr\u00fcstung \u00fcber begangene Grausamkeiten wird um so geringer, je un\u00e4hnlicher die Betroffenen den normalen Lesern sind, je brunetter, \u00bbschmutziger\u00ab, dagohafter. Das besagt \u00fcber die Greuel selbst nicht weniger als \u00fcber die Betrachter.\u2026","rel":"","context":"\u00c4hnlicher Beitrag","img":{"alt_text":"","src":"","width":0,"height":0},"classes":[]},{"id":1007,"url":"https:\/\/freitagsworte.de\/index.php\/2019\/02\/22\/junge-menschen-verstehen\/","url_meta":{"origin":853,"position":5},"title":"Junge Menschen verstehen","date":"22. Februar 2019","format":false,"excerpt":"Die Jugend stellt eine besondere Phase unseres Lebens dar. Zwischen Kindheit und Erwachsenensein erlebt der junge Mensch gro\u00dfe k\u00f6rperliche und seelische Ver\u00e4nderungen, was sowohl von den Eltern als auch von den Jugendlichen meistens als schwierig empfunden wird. Junge Menschen nabeln sich von den Eltern ab und begeben sich auf Identit\u00e4tssuche.\u2026","rel":"","context":"In \"Eltern\"","img":{"alt_text":"","src":"","width":0,"height":0},"classes":[]}],"_links":{"self":[{"href":"https:\/\/freitagsworte.de\/index.php\/wp-json\/wp\/v2\/posts\/853"}],"collection":[{"href":"https:\/\/freitagsworte.de\/index.php\/wp-json\/wp\/v2\/posts"}],"about":[{"href":"https:\/\/freitagsworte.de\/index.php\/wp-json\/wp\/v2\/types\/post"}],"author":[{"embeddable":true,"href":"https:\/\/freitagsworte.de\/index.php\/wp-json\/wp\/v2\/users\/6"}],"replies":[{"embeddable":true,"href":"https:\/\/freitagsworte.de\/index.php\/wp-json\/wp\/v2\/comments?post=853"}],"version-history":[{"count":3,"href":"https:\/\/freitagsworte.de\/index.php\/wp-json\/wp\/v2\/posts\/853\/revisions"}],"predecessor-version":[{"id":933,"href":"https:\/\/freitagsworte.de\/index.php\/wp-json\/wp\/v2\/posts\/853\/revisions\/933"}],"wp:attachment":[{"href":"https:\/\/freitagsworte.de\/index.php\/wp-json\/wp\/v2\/media?parent=853"}],"wp:term":[{"taxonomy":"category","embeddable":true,"href":"https:\/\/freitagsworte.de\/index.php\/wp-json\/wp\/v2\/categories?post=853"},{"taxonomy":"post_tag","embeddable":true,"href":"https:\/\/freitagsworte.de\/index.php\/wp-json\/wp\/v2\/tags?post=853"}],"curies":[{"name":"wp","href":"https:\/\/api.w.org\/{rel}","templated":true}]}}