{"id":545,"date":"2018-02-23T09:50:20","date_gmt":"2018-02-23T08:50:20","guid":{"rendered":"http:\/\/freitagsworte.de\/?p=545"},"modified":"2018-02-23T09:09:39","modified_gmt":"2018-02-23T08:09:39","slug":"das-schoene-in-uns","status":"publish","type":"post","link":"https:\/\/freitagsworte.de\/index.php\/2018\/02\/23\/das-schoene-in-uns\/","title":{"rendered":"Das Sch\u00f6ne in uns"},"content":{"rendered":"<p>\u201eSpieglein, Spieglein an der Wand&#8230;\u201c<br \/>\nWir kennen alle das M\u00e4rchen, in dem die b\u00f6se K\u00f6nigin um jeden Preis die Sch\u00f6nste im Land sein m\u00f6chte. Sie fragt t\u00e4glich ihren Spiegel und erhofft sich die Best\u00e4tigung, die Allersch\u00f6nste zu sein. Erfasst von ihrem Narzissmus ist sie bereit, alles daf\u00fcr zu tun, um die Konkurrenz auszumerzen.<!--more--><\/p>\n<p>Ein sehr sch\u00f6nes Beispiel aus einem M\u00e4rchen, das unsere heutige Gesellschaft widerspiegelt. Frauen und M\u00e4nner investieren viel Geld und Zeit f\u00fcr ihre \u00e4u\u00dferliche Erscheinung. Um einem vorgegebenen Sch\u00f6nheitsideal zu entsprechen, sind sie bereit, riskante und gesundheitsgef\u00e4hrdende Operationen in Kauf zu nehmen. Bei Sch\u00f6nheitswettbewerben eifern sie mit Konkurrenten um den ersten Preis, um von einer strengen Jury als die oder der Sch\u00f6nste im Land oder Universum gekr\u00f6nt zu werden.<\/p>\n<p>Die Sch\u00f6nheit des K\u00f6rpers wird an definierten Parametern gemessen. Jede Abweichung davon, distanziert den Bewerber vom Traum der oder die Sch\u00f6nste zu sein. Vor allem junge Menschen verkraften diese Abweichungen von der Sch\u00f6nheitsnorm oft nicht und reagieren mit Krankheiten wie Minderwertigkeitskomplexen, Narzissmus, Magersucht oder Bulimie. Sie bef\u00fcrchten, auf Ablehnung im Alltag zu sto\u00dfen, z.B. wenn es um die Partnerfindung oder manchmal auch um einen Arbeitsplatz geht. Gef\u00fcttert wird dieser Sch\u00f6nheitswahn von der Werbeindustrie, die wiederum der Modeindustrie dient und am Ende geht es nur um den Kommerz.<\/p>\n<p>Es ist interessant zu beobachten, dass L\u00e4nder mit muslimischen Bev\u00f6lkerungsmehrheiten die ersten Pl\u00e4tze belegen, wenn es um die Zahl der durchgef\u00fchrten Sch\u00f6nheitsoperationen geht. Dabei m\u00f6chte man fragen, wie ernst denn eigentlich diese g\u00f6ttliche Offenbarung genommen wird: \u201e<em>Wir erschufen den Menschen in vollendeter Gestalt<\/em>\u201c (95:4).<\/p>\n<p>Dabei richtet sich die Kritik nicht an die Sch\u00f6nheitsoperationen selbst oder der Aufmerksamkeit, die man seiner \u00e4u\u00dferen Erscheinung widmet. Es geht vielmehr darum, sich nicht ein Sch\u00f6nheitsideal auferlegen zu lassen, das von einer Gruppe von Menschen mit kommerziellen oder ideologischen Zwecken definiert wurde. Der Wunsch, mit seinem Spiegelbild im Reinen zu sein, ist verst\u00e4ndlich. Selbst \u2013 Wert \u2013 Gef\u00fchl kann aber nur mit einem Selbstbewusstsein erreicht werden, das die eigene Sch\u00f6nheit individuell und eigenm\u00e4chtig definiert.<\/p>\n<p>Sch\u00f6nheit liegt dann im Auge des Betrachters, wenn sie Abweichungen von der suggerierten Norm als etwas Besonderes erkennt, so wie viele Dichter und K\u00fcnstler aus dem Morgen- und Abendland in ihren Werken davon schw\u00e4rmen. Ein Spiegelbild erstrahlt erst dann, wenn innere Sch\u00f6nheit die \u00c4u\u00dfere durchscheint. Innere Sch\u00f6nheit ist die Reinheit unserer Herzen, der Umgang mit unseren Mitmenschen und die Dankbarkeit, die wir f\u00fcr unser Dasein sp\u00fcren. Der Prophet weist uns in einem Hadith darauf hin, worauf es wirklich ankommt: \u201e<em>Allah schaut nicht auf eure \u00e4u\u00dfere Erscheinung oder auf euer Verm\u00f6gen, er schaut auf eure Herzen und Taten.<\/em>\u201c<\/p>\n<p>M\u00f6ge Allah uns wahre Sch\u00f6nheit erfahren und vorleben und somit auch die Resilienz junger Menschen st\u00e4rken lassen, damit sie nicht Opfer eines verg\u00e4nglichen Sch\u00f6nheitswahns werden. (sbk)<\/p>\n","protected":false},"excerpt":{"rendered":"<p>\u201eSpieglein, Spieglein an der Wand&#8230;\u201c<br \/>\nWir kennen alle das M\u00e4rchen, in dem die b\u00f6se K\u00f6nigin um jeden Preis die Sch\u00f6nste im Land sein m\u00f6chte. Sie fragt t\u00e4glich ihren Spiegel und erhofft sich die Best\u00e4tigung, die Allersch\u00f6nste zu sein. Erfasst von ihrem Narzissmus ist sie bereit, alles daf\u00fcr zu tun, um die Konkurrenz auszumerzen.<\/p>\n","protected":false},"author":6,"featured_media":0,"comment_status":"closed","ping_status":"closed","sticky":false,"template":"","format":"standard","meta":{"spay_email":"","jetpack_publicize_message":"","jetpack_is_tweetstorm":false,"jetpack_publicize_feature_enabled":true},"categories":[241],"tags":[244,243,242],"jetpack_publicize_connections":[],"jetpack_featured_media_url":"","jetpack_sharing_enabled":true,"jetpack_shortlink":"https:\/\/wp.me\/p8tv7g-8N","jetpack-related-posts":[{"id":1431,"url":"https:\/\/freitagsworte.de\/index.php\/2020\/08\/07\/mono-no-aware\/","url_meta":{"origin":545,"position":0},"title":"Mono no aware","date":"7. August 2020","format":false,"excerpt":"Sakura hei\u00dft die japanische Kirschbl\u00fcte. Sie bl\u00fcht in verschiedenen Gegenden Japans zwischen Ende M\u00e4rz bis Anfang Mai und l\u00e4utet mit ihrer Farbenpracht den Fr\u00fchling ein. Der Kirschbaum tr\u00e4gt keine essbaren Fr\u00fcchte, hat daf\u00fcr aber viele Bl\u00fcten. Wenn man so will, erf\u00fcllt die japanische Kirsche ihren Lebenszweck nur f\u00fcr die Zeit\u2026","rel":"","context":"\u00c4hnlicher Beitrag","img":{"alt_text":"","src":"","width":0,"height":0},"classes":[]},{"id":1057,"url":"https:\/\/freitagsworte.de\/index.php\/2019\/04\/26\/die-schoenheit-des-anderen\/","url_meta":{"origin":545,"position":1},"title":"Die Sch\u00f6nheit des Anderen","date":"26. April 2019","format":false,"excerpt":"Christchurch. Sri Lanka. An diesen Orten haben wir wieder erleben m\u00fcssen, in welche Abgr\u00fcnde menschliches Handeln sinken kann; dass der Mensch zu Handlungen gr\u00f6\u00dfter Grausamkeit f\u00e4hig ist. Das ist die erste Erkenntnis, der wir uns stellen m\u00fcssen. Die T\u00e4ter sind keine Monster, keine Verirrungen unseres menschlichen Wesens, keine \u00fcbernat\u00fcrlichen, unfassbaren\u2026","rel":"","context":"In \"christchurch\"","img":{"alt_text":"","src":"","width":0,"height":0},"classes":[]},{"id":638,"url":"https:\/\/freitagsworte.de\/index.php\/2018\/05\/25\/nur-unser-innerstes-wird-unsere-welt-veraendern\/","url_meta":{"origin":545,"position":2},"title":"Nur unser Innerstes wird unsere Welt ver\u00e4ndern","date":"25. Mai 2018","format":false,"excerpt":"Anl\u00e4sslich jedes Freitagsgebetes erleben wir Woche f\u00fcr Woche eine ganz wichtige, weil pr\u00e4gende Dimension unserer Religion. Im Gemeindegebet werden wir jede Woche mit der kollektiven Dimension unseres Glaubens konfrontiert. Unsere t\u00e4gliche Erfahrung, dass Religion Privatsache ist, wird der Erfahrung, manchmal dem ber\u00fchrenden Moment, manchmal der schwierigen Zumutung ausgesetzt, dass Religion\u2026","rel":"","context":"In &quot;Gebet&quot;","img":{"alt_text":"","src":"","width":0,"height":0},"classes":[]},{"id":293,"url":"https:\/\/freitagsworte.de\/index.php\/2017\/08\/18\/allahu-akbar\/","url_meta":{"origin":545,"position":3},"title":"Allahu akbar!","date":"18. August 2017","format":false,"excerpt":"\u201eEr ist Allah, der Sch\u00f6pfer, der Erschaffer, der Gestalter. Sein sind die sch\u00f6nsten Namen. Ihn preist alles, was in den Himmeln und auf der Erde ist. Und Er ist der Allm\u00e4chtige und Allweise.\u201c In diesem 24. Vers der Sure 59 werden einige der sch\u00f6nen Namen Gottes hervorgehoben. Im arabischen Original\u2026","rel":"","context":"In &quot;Sch\u00f6pfung&quot;","img":{"alt_text":"","src":"","width":0,"height":0},"classes":[]},{"id":1526,"url":"https:\/\/freitagsworte.de\/index.php\/2020\/12\/10\/chanukka-sameach\/","url_meta":{"origin":545,"position":4},"title":"Chanukka sameach!","date":"10. Dezember 2020","format":false,"excerpt":"\u201eBaruch Atah Adonaj, Elohejnu Melech ha'Olam, schehechejanu, vekijemanu vehigianu laSman haseh.\u201c \u201eGepriesen seist Du, Ewiger, unser Gott, K\u00f6nig der Welt, der Du uns hast Leben und Erhaltung gegeben und uns hast diese Zeit erreichen lassen.\u201c Dies ist einer der drei Segensspr\u00fcche, mit dem das erste Licht des Chanukka-Leuchters entz\u00fcndet wird.\u2026","rel":"","context":"\u00c4hnlicher Beitrag","img":{"alt_text":"","src":"","width":0,"height":0},"classes":[]},{"id":1869,"url":"https:\/\/freitagsworte.de\/index.php\/2022\/05\/06\/nur-unser-innerstes-wird-unsere-welt-veraendern-2\/","url_meta":{"origin":545,"position":5},"title":"Nur unser Innerstes wird unsere Welt ver\u00e4ndern","date":"6. Mai 2022","format":false,"excerpt":"Anl\u00e4sslich jedes Freitagsgebetes erleben wir Woche f\u00fcr Woche eine ganz wichtige, weil pr\u00e4gende Dimension unserer Religion. Im Gemeindegebet werden wir jede Woche mit der kollektiven Dimension unseres Glaubens konfrontiert. Unsere t\u00e4gliche Erfahrung, dass Religion Privatsache ist, wird der Erfahrung, manchmal dem ber\u00fchrenden Moment, manchmal der schwierigen Zumutung ausgesetzt, dass Religion\u2026","rel":"","context":"\u00c4hnlicher Beitrag","img":{"alt_text":"","src":"","width":0,"height":0},"classes":[]}],"_links":{"self":[{"href":"https:\/\/freitagsworte.de\/index.php\/wp-json\/wp\/v2\/posts\/545"}],"collection":[{"href":"https:\/\/freitagsworte.de\/index.php\/wp-json\/wp\/v2\/posts"}],"about":[{"href":"https:\/\/freitagsworte.de\/index.php\/wp-json\/wp\/v2\/types\/post"}],"author":[{"embeddable":true,"href":"https:\/\/freitagsworte.de\/index.php\/wp-json\/wp\/v2\/users\/6"}],"replies":[{"embeddable":true,"href":"https:\/\/freitagsworte.de\/index.php\/wp-json\/wp\/v2\/comments?post=545"}],"version-history":[{"count":3,"href":"https:\/\/freitagsworte.de\/index.php\/wp-json\/wp\/v2\/posts\/545\/revisions"}],"predecessor-version":[{"id":549,"href":"https:\/\/freitagsworte.de\/index.php\/wp-json\/wp\/v2\/posts\/545\/revisions\/549"}],"wp:attachment":[{"href":"https:\/\/freitagsworte.de\/index.php\/wp-json\/wp\/v2\/media?parent=545"}],"wp:term":[{"taxonomy":"category","embeddable":true,"href":"https:\/\/freitagsworte.de\/index.php\/wp-json\/wp\/v2\/categories?post=545"},{"taxonomy":"post_tag","embeddable":true,"href":"https:\/\/freitagsworte.de\/index.php\/wp-json\/wp\/v2\/tags?post=545"}],"curies":[{"name":"wp","href":"https:\/\/api.w.org\/{rel}","templated":true}]}}