{"id":522,"date":"2018-02-09T09:50:45","date_gmt":"2018-02-09T08:50:45","guid":{"rendered":"http:\/\/freitagsworte.de\/?p=522"},"modified":"2018-02-09T09:52:48","modified_gmt":"2018-02-09T08:52:48","slug":"eine-andere-form-der-islamisierung","status":"publish","type":"post","link":"https:\/\/freitagsworte.de\/index.php\/2018\/02\/09\/eine-andere-form-der-islamisierung\/","title":{"rendered":"Eine andere Form der &#8216;Islamisierung&#8217;"},"content":{"rendered":"<p>Wir Muslime leiden manchmal unter einem Komplex, alles M\u00f6gliche unbedingt \u201aislamisieren\u2018 zu m\u00fcssen. Manchmal betrifft diese Haltung relativ banale Dinge, nicht selten aber auch Bereiche, die weitreichendere Folgen haben. Es ist aber insgesamt ein Anzeichen f\u00fcr eine Haltung, die wir als Muslime problematisieren m\u00fcssen. Es ist eine Geisteshaltung, mit der wir besonders mit dem Beginn der Moderne konfrontiert sind. Es ist ein Symptom f\u00fcr unsere intellektuelle und geistige Schw\u00e4che, zu relevanten Fragen unserer Zeit eigene Positionen und L\u00f6sungsm\u00f6glichkeiten zu formulieren.<\/p>\n<p><!--more--><\/p>\n<p>Zu Recht beschweren wir Muslime uns dar\u00fcber, dass in Medienberichten das Terrorregime der Daesch unkritisch als \u201aIslamischer Staat\u2018 bezeichnet, und somit das Vokabular jener M\u00f6rderbande einfach unhinterfragt \u00fcbernommen wird. Aber auch schon vor dem Ph\u00e4nomen Daesch gab es diesen Begriff des \u201aIslamischen Staates\u2018. Zwar waren es andere ideologische Str\u00f6mungen, die diesen Begriff pr\u00e4gten, und damit etwas anderes meinten, aber auch dort hinterfragen wir selten die Nutzung dieses Begriffes, der das Konzept des Staates unhinterfragt \u00fcbernimmt, um es dann mit dem Label Islam zu \u00fcberst\u00fclpen. Wird das moderne Konzept des Staates \u201aislamisch\u2018, in dem man es einfach islamisiert? Das ist die eigentliche Frage, mit der wir uns als Muslime zuerst besch\u00e4ftigen m\u00fcssen. Denn ansonsten wird uns nicht bewusst, was wir da eigentlich als \u201aislamisch\u2018 pr\u00e4sentieren, das vielleicht mit dem Grundverst\u00e4ndnis des Din wenig zu tun hat. W\u00e4hrend der Konfrontation mit den Herausforderungen der Moderne sind Konstrukte in der islamischen Welt entstanden, die wir insgesamt Revue passieren lassen m\u00fcssen, um aus fehlerhaften Entwicklungen der Vergangenheit auch Lehren f\u00fcr die zuk\u00fcnftigen Herausforderungen zu ziehen.<\/p>\n<p>Auch in ganz banalen Angelegenheiten des Alltags wird man mit dieser Haltung konfrontiert. Manchmal muss man schmunzeln, wenn man eine Email oder einen Brief bekommt, wo man am Ende mit \u201aislamischen Gr\u00fc\u00dfen\u2018 gegr\u00fc\u00dft wird. Was genau ist eigentlich ein \u201aislamischer Gru\u00df\u2018 bzw. was macht diesen Gru\u00df islamisch? Es ist eine Banalit\u00e4t, aber auch Banalit\u00e4ten sind oft ein Anzeichen f\u00fcr Haltungen, die viel tiefere Gr\u00fcnde haben. Der Din oder besser gesagt das Attribut \u201eislamisch\u201c droht zu einer Floskel zu werden.<\/p>\n<p>Wir werden immer \u00f6fter mit Begrifflichkeiten konfrontiert, deren Bedeutung wir nicht einfach ignorieren d\u00fcrfen. \u00dcberhaupt sollte man gerade in Fragen des Din Begrifflichkeiten verwenden, deren Bedeutung einem auch bewusst ist. Denn mit den Begriffen \u00fcbernehmen wir bewusst oder unbewusst auch deren Bedeutung. Beispiele f\u00fcr diese Begriffskonstruktionen, die zur Modeerscheinungen geworden sind, sind z.B. die \u201aislamische Bank\u2018 oder die \u201aislamische Partei\u2018. Beides s\u00e4kulare Konzepte, die durch eine oberfl\u00e4chliche \u201aIslamisierung\u2018 bewusst oder unbewusst zu etwas Heiligem transformiert werden. Nur an der Funktionsweise und der Struktur dieser Konstrukte \u00e4ndert sich nichts dadurch. Viel mehr haben wir es oft mit einem &#8211; salopp formuliert &#8211; Etikettenschwindel zu tun. Dadurch werden Konstrukte zu einem Bestandteil des Dins gemacht und sakralisiert. Dieses recht moderne Ph\u00e4nomen ist Ausdruck eines Mangels. Eines Mangels an Auseinandersetzung der islamischen Lehre mit den Grundfragen unserer Zeit und der Formulierung eines eigenen Ansatzes. Das sollte unser Anspruch als Muslime sein: Nur wenn man zu Fragen unserer Zeit auch einen eigenen Ansatz formulieren kann, kann man bei gesellschaftliche Fragen auch einen eigenen Beitrag leisten und zur Diskussion stellen. (eg)<\/p>\n","protected":false},"excerpt":{"rendered":"<p>Wir Muslime leiden manchmal unter einem Komplex, alles M\u00f6gliche unbedingt \u201aislamisieren\u2018 zu m\u00fcssen. Manchmal betrifft diese Haltung relativ banale Dinge, nicht selten aber auch Bereiche, die weitreichendere Folgen haben. Es ist aber insgesamt ein Anzeichen f\u00fcr eine Haltung, die wir als Muslime problematisieren m\u00fcssen. Es ist eine Geisteshaltung, mit der wir besonders mit dem Beginn&hellip; <\/p>\n<p class=\"simppeli-read-more\"><a href=\"https:\/\/freitagsworte.de\/index.php\/2018\/02\/09\/eine-andere-form-der-islamisierung\/\" class=\"more-link\">Weiterlesen <span class=\"screen-reader-text\">Eine andere Form der &#8216;Islamisierung&#8217;<\/span> <span class=\"meta-nav\">&rarr;<\/span><\/a><\/p>\n","protected":false},"author":6,"featured_media":0,"comment_status":"closed","ping_status":"closed","sticky":false,"template":"","format":"standard","meta":{"spay_email":"","jetpack_publicize_message":"","jetpack_is_tweetstorm":false,"jetpack_publicize_feature_enabled":true},"categories":[195,20,192,1,147,145],"tags":[233,235,234,236,232],"jetpack_publicize_connections":[],"jetpack_featured_media_url":"","jetpack_sharing_enabled":true,"jetpack_shortlink":"https:\/\/wp.me\/p8tv7g-8q","jetpack-related-posts":[{"id":380,"url":"https:\/\/freitagsworte.de\/index.php\/2017\/10\/20\/kein-liberaler-muslim\/","url_meta":{"origin":522,"position":0},"title":"Kein liberaler Muslim","date":"20. Oktober 2017","format":false,"excerpt":"Bereits die Realit\u00e4t unserer gesellschaftlichen Diskussion \u00fcber vermeintlich \u201ekonservative\u201c und \u201eliberale\u201c Muslime verdeutlicht mit der ihr innewohnenden destruktiven Spannung, dass in dieser konstruierten Spaltung von Muslimen\u00a0bereits der Keim gegenseitiger Anfeindung und damit wenig Segen f\u00fcr unser Zusammenleben liegt. Dem Begriff des Liberalismus entsprechend betonen Personen, die sich explizit als \u201eliberale\u2026","rel":"","context":"In &quot;Freiheit&quot;","img":{"alt_text":"","src":"","width":0,"height":0},"classes":[]},{"id":376,"url":"https:\/\/freitagsworte.de\/index.php\/2017\/10\/13\/und-geheiligt-sei-nicht-die-nation\/","url_meta":{"origin":522,"position":1},"title":"Und geheiligt sei nicht die Nation","date":"13. Oktober 2017","format":false,"excerpt":"Kann man dann \u00fcberhaupt hier in Deutschland Muslim sein? Kann es den Islam ohne eine nationale Einf\u00e4rbung geben? Gibt es den Islam immer nur in Kombination mit einem nationalistischen Bewusstsein, mit einem \u00fcbersteigerten Bewusstsein vom Wert und der Bedeutung der Nation?","rel":"","context":"In &quot;Ideologie&quot;","img":{"alt_text":"","src":"","width":0,"height":0},"classes":[]},{"id":1761,"url":"https:\/\/freitagsworte.de\/index.php\/2021\/11\/05\/und-geheiligt-sei-nicht-die-nation-2\/","url_meta":{"origin":522,"position":2},"title":"Und geheiligt sei nicht die Nation","date":"5. November 2021","format":false,"excerpt":"Muslime mit einem Migrationshintergrund aus L\u00e4ndern mit mehrheitlich muslimischer Bev\u00f6lkerung sind diesem Ph\u00e4nomen sicherlich schon begegnet. Ein religi\u00f6s unterlegter Nationalismus, der das Islamverst\u00e4ndnis in den L\u00e4ndern eng umschlungen hat. Der Islam scheint gem\u00e4\u00df dem nationalistischen Verst\u00e4ndnis ohne Nation nicht zu funktionieren, das Dasein als authentischer Muslim nur in einer t\u00fcrkischen,\u2026","rel":"","context":"\u00c4hnlicher Beitrag","img":{"alt_text":"","src":"","width":0,"height":0},"classes":[]},{"id":1715,"url":"https:\/\/freitagsworte.de\/index.php\/2021\/08\/20\/das-hat-nichts-mit-afghanistan-zu-tun\/","url_meta":{"origin":522,"position":3},"title":"Das hat nichts mit Afghanistan zu tun!","date":"20. August 2021","format":false,"excerpt":"Das hat nichts mit dem Islam zu tun! Wie oft haben wir diesen Satz bereits geh\u00f6rt? Als erste Reaktion muslimischer Vertreter auf Extremismus und Gewalt im Namen des Islam. Gleichg\u00fcltig, wie laut Terroristen sich vor, w\u00e4hrend und nach ihren Taten auf den Islam berufen \u2013 die muslimischen Vertreter waren und\u2026","rel":"","context":"\u00c4hnlicher Beitrag","img":{"alt_text":"","src":"","width":0,"height":0},"classes":[]},{"id":180,"url":"https:\/\/freitagsworte.de\/index.php\/2017\/05\/19\/brueder-im-tin\/","url_meta":{"origin":522,"position":4},"title":"Br\u00fcder im Tin","date":"19. Mai 2017","format":false,"excerpt":"Aber zus\u00e4tzlich zur Br\u00fcderlichkeit im Din gibt es nach Imam Nawawi auch die \u201eBr\u00fcderlichkeit im Tin\u201c. \"Tin\" steht f\u00fcr Lehm oder Erde. Mit der \"Br\u00fcderlichkeit im Tin\" verweist Imam Nawawi auf die Br\u00fcderlichkeit als Menschen, denn in Sure 15, Vers 26 hei\u00dft es im Koran: \u201eUnd wahrlich, wir haben den\u2026","rel":"","context":"In &quot;Menschlichkeit&quot;","img":{"alt_text":"","src":"","width":0,"height":0},"classes":[]},{"id":1555,"url":"https:\/\/freitagsworte.de\/index.php\/2021\/01\/08\/warum-wir-die-welt-in-halal-und-haram-sehen\/","url_meta":{"origin":522,"position":5},"title":"Warum wir die Welt in Halal und Haram sehen","date":"8. Januar 2021","format":false,"excerpt":"Ein Gastbeitrag von Prof. Dr. Serdar Kurnaz Wenn ein*e gl\u00e4ubige*r Muslim*a vor einer Entscheidung steht, oder etwas tun oder unterlassen muss, ist die erste Frage, die durch seinen*ihren Kopf geht: Ist das, was ich tue, halal oder haram? Zum Beispiel: Ist Sylvester zu feiern erlaubt oder verboten? Stellen Sie sich\u2026","rel":"","context":"\u00c4hnlicher Beitrag","img":{"alt_text":"","src":"","width":0,"height":0},"classes":[]}],"_links":{"self":[{"href":"https:\/\/freitagsworte.de\/index.php\/wp-json\/wp\/v2\/posts\/522"}],"collection":[{"href":"https:\/\/freitagsworte.de\/index.php\/wp-json\/wp\/v2\/posts"}],"about":[{"href":"https:\/\/freitagsworte.de\/index.php\/wp-json\/wp\/v2\/types\/post"}],"author":[{"embeddable":true,"href":"https:\/\/freitagsworte.de\/index.php\/wp-json\/wp\/v2\/users\/6"}],"replies":[{"embeddable":true,"href":"https:\/\/freitagsworte.de\/index.php\/wp-json\/wp\/v2\/comments?post=522"}],"version-history":[{"count":5,"href":"https:\/\/freitagsworte.de\/index.php\/wp-json\/wp\/v2\/posts\/522\/revisions"}],"predecessor-version":[{"id":529,"href":"https:\/\/freitagsworte.de\/index.php\/wp-json\/wp\/v2\/posts\/522\/revisions\/529"}],"wp:attachment":[{"href":"https:\/\/freitagsworte.de\/index.php\/wp-json\/wp\/v2\/media?parent=522"}],"wp:term":[{"taxonomy":"category","embeddable":true,"href":"https:\/\/freitagsworte.de\/index.php\/wp-json\/wp\/v2\/categories?post=522"},{"taxonomy":"post_tag","embeddable":true,"href":"https:\/\/freitagsworte.de\/index.php\/wp-json\/wp\/v2\/tags?post=522"}],"curies":[{"name":"wp","href":"https:\/\/api.w.org\/{rel}","templated":true}]}}