{"id":495,"date":"2018-01-19T09:50:47","date_gmt":"2018-01-19T08:50:47","guid":{"rendered":"http:\/\/freitagsworte.de\/?p=495"},"modified":"2018-11-14T10:51:29","modified_gmt":"2018-11-14T09:51:29","slug":"frevler-sind-immer-die-anderen","status":"publish","type":"post","link":"https:\/\/freitagsworte.de\/index.php\/2018\/01\/19\/frevler-sind-immer-die-anderen\/","title":{"rendered":"Frevler sind immer die anderen"},"content":{"rendered":"<p>Der Weg in die H\u00f6lle ist mit guten Vors\u00e4tzen gepflastert. Dieser Sinnspruch ist in vielen Kulturen, in vielen unterschiedlichen Sprachen bekannt. Wir Muslime sind davon \u00fcberzeugt, dass der Vorsatz, die Absicht, die unserem Handeln zu Grunde liegt, das Entscheidende ist. Wir nehmen h\u00e4ufig an, das Resultat unseres Handelns oder unserer Unt\u00e4tigkeit sei nicht so bedeutsam, wie die Absicht, die unserem Tun oder Unterlassen zu Grunde liegt. In diesem Denken liegt zugleich gro\u00dfe Einsicht und tiefer Irrtum.<\/p>\n<p>Einsicht insoweit, dass wir nat\u00fcrlich in Allahs Hand sind und die Ereignisse um uns allein seinem Willen folgen.<\/p>\n<p>Aber zugleich auch tiefer Irrtum, wenn wir annehmen, es k\u00e4me nicht auf unser konkretes Verhalten, nicht auf unsere M\u00fche im allt\u00e4glichen Tun an und nur unsere innere Haltung, unsere Motive und stillen Absichten seien genug. Ein tiefer Irrtum auch dann, wenn wir annehmen, wir k\u00f6nnten unsere vermeintlich so gefestigten guten Absichten zum Ma\u00dfstab f\u00fcr das Verhalten anderer Menschen machen.<!--more--><\/p>\n<p>Wie h\u00e4ufig passiert es, dass wir uns besser als andere, vielleicht tugendhafter als andere f\u00fchlen, weil wir unsere muslimischen Absichten dem konkreten Verhalten anderer Menschen gegen\u00fcberstellen \u2013 ohne dass wir uns aufrichtig selbst befragen, ob wir unsere Absichten auch in ein eigenes konkretes Handeln haben umsetzen k\u00f6nnen, das auch anderen als Vorbild taugt? Oder ohne dass wir uns Gedanken dar\u00fcber machen, welche Motive, welche Gr\u00fcnde ein anderer Mensch f\u00fcr sein Verhalten haben mag?<\/p>\n<p>Wie h\u00e4ufig passiert es, dass wir \u00fcber Menschen urteilen, weil sie nicht so aussehen, sich nicht so verhalten, nicht so glauben, ihren Glauben nicht so praktizieren, nicht so aussehen oder nicht so reden, wie wir es uns als richtig vorstellen? Und schon sind wir auf einem Pfad, in dessen Verlauf wir uns immer mehr in der Rolle gefallen, \u00fcber andere Menschen urteilen zu k\u00f6nnen.<\/p>\n<p>Schon ma\u00dfen wir uns im Allt\u00e4glichen, im Kleinen eine Rolle an, die nur Allah als \u201eHerrscher, am Tag des Gerichts\u201c zusteht \u2013 so rezitieren wir diese Passage aus der Sure Fatiha t\u00e4glich bei allen unseren Gebeten. Und doch \u00fcbersehen wir, dass wir dazu neigen, unsere Vorstellungen von richtig und falsch, von Recht und Unrecht, von Tugend und Frevel zum Richtma\u00df f\u00fcr das Verhalten anderer Menschen zu machen.<\/p>\n<p>Diese Anma\u00dfung von Urteilskraft und die \u00dcberzeugung von der Unfehlbarkeit der eigenen Absichten sind bereits Schritte in Richtung jenes Verhaltens, von dem Allah uns im Koran wissen l\u00e4sst, dass er es nicht vergeben wird. (vgl. Sure 4, Vers 116). Ein solches Verhalten bringt uns in die N\u00e4he des Shirk \u2013 in die Gefahr der Beigesellung, der Verleugnung der Einzigkeit Allahs.<\/p>\n<p>Nicht nur der G\u00f6tzendienst, wie er in der Offenbarung am Beispiel der polytheistischen St\u00e4mme beschrieben wird, ist Shirk. Jedes Verhalten, das einen anderen au\u00dfer Allah zum Ziel von Hoffnung und Gebeten werden l\u00e4sst, jedes Verhalten, mit dem auch jemand anderem die Macht zugeschrieben wird, allein durch seinen Willen \u00fcber Menschen richten zu k\u00f6nnen, jedes Verhalten mit dem wir \u00fcber die Motive, die Beweggr\u00fcnde oder das Verhalten anderer Menschen als islamisch oder unislamisch urteilen \u2013 all dies sind Schritte, die uns dem Abgrund des Shirk n\u00e4her bringen.<\/p>\n<p>Es ist eben nicht so, wie manchmal unwissend \u00fcber den Islam gesprochen und diskutiert wird: Der Islam habe einen zornigen, eifers\u00fcchtigen Allah im Zentrum seiner Glaubensvorstellung, der neben sich niemand anderen mehr dulde.<\/p>\n<p>In Wirklichkeit ist es ganz anders: Allah wei\u00df um seine Sch\u00f6pfung. Er kennt unsere Machttrunkenheit. Er kennt unseren Stolz und unsere Eitelkeit. Er wei\u00df, dass uns die Aus\u00fcbung von Autorit\u00e4t hartherzig und ungerecht werden l\u00e4sst. Er wei\u00df, dass wir in Fragen des Glaubens dazu neigen, uns f\u00fcr vollkommen und andere stets f\u00fcr mit Makeln behaftet zu halten. Denn Frevler sind immer die anderen.<\/p>\n<p>Allah l\u00e4sst uns durch die Worte Luqmans, die er an seinen Sohn richtet, wissen, dass Shirk ein \u201egro\u00dfer Frevel, ein gro\u00dfes Unrecht\u201c ist. (vgl. Sure 31, Vers 13) Es ist bemerkenswert, dass im Original der Offenbarung Shirk mit den Worten \u201ezulmun aziym\u201c beschrieben wird. Zulmun leitet sich vom Wortstamm Zulmet ab. Es bedeutet so viel wie Dunkelheit oder Finsternis.<\/p>\n<p>Allah betont seine Einzigkeit deshalb in dieser ausschlie\u00dflichen und alternativlosen und nicht zu relativierenden Weise: Damit auf Erden kein Mensch sich zum Gott seines N\u00e4chsten erhebe. Weder in den gro\u00dfen, elementaren Dingen der menschlichen Existenz, noch im kleinen und scheinbar verborgenen Detail des allt\u00e4glichen Miteinanders.<\/p>\n<p>Denn es sind diese kleinen, vermeintlich unschuldigen und unbedeutenden Schritte der Selbstgerechtigkeit und der Geringsch\u00e4tzung des Anderen, mit denen wir vom rechten Pfad abkommen und uns immer weiter in Ungerechtigkeit, Hass und Verblendung verirren. Es sind diese Schritte, mit denen wir uns und andere in die Dunkelheit f\u00fchren. (mk)<\/p>\n","protected":false},"excerpt":{"rendered":"<p>Der Weg in die H\u00f6lle ist mit guten Vors\u00e4tzen gepflastert. Dieser Sinnspruch ist in vielen Kulturen, in vielen unterschiedlichen Sprachen bekannt. Wir Muslime sind davon \u00fcberzeugt, dass der Vorsatz, die Absicht, die unserem Handeln zu Grunde liegt, das Entscheidende ist. Wir nehmen h\u00e4ufig an, das Resultat unseres Handelns oder unserer Unt\u00e4tigkeit sei nicht so bedeutsam,&hellip; <\/p>\n<p class=\"simppeli-read-more\"><a href=\"https:\/\/freitagsworte.de\/index.php\/2018\/01\/19\/frevler-sind-immer-die-anderen\/\" class=\"more-link\">Weiterlesen <span class=\"screen-reader-text\">Frevler sind immer die anderen<\/span> <span class=\"meta-nav\">&rarr;<\/span><\/a><\/p>\n","protected":false},"author":6,"featured_media":0,"comment_status":"closed","ping_status":"closed","sticky":false,"template":"","format":"standard","meta":{"spay_email":"","jetpack_publicize_message":"","jetpack_is_tweetstorm":false,"jetpack_publicize_feature_enabled":true},"categories":[46,68,91,180,20,1,215],"tags":[],"jetpack_publicize_connections":[],"jetpack_featured_media_url":"","jetpack_sharing_enabled":true,"jetpack_shortlink":"https:\/\/wp.me\/p8tv7g-7Z","jetpack-related-posts":[{"id":1663,"url":"https:\/\/freitagsworte.de\/index.php\/2021\/05\/28\/frevler-sind-immer-die-anderen-3\/","url_meta":{"origin":495,"position":0},"title":"Frevler sind immer die anderen","date":"28. Mai 2021","format":false,"excerpt":"Der Weg in die H\u00f6lle ist mit guten Vors\u00e4tzen gepflastert. Dieser Sinnspruch ist in vielen Kulturen, in vielen unterschiedlichen Sprachen bekannt. Wir Muslime sind davon \u00fcberzeugt, dass der Vorsatz, die Absicht, die unserem Handeln zu Grunde liegt, das Entscheidende ist. Wir nehmen h\u00e4ufig an, das Resultat unseres Handelns oder unserer\u2026","rel":"","context":"\u00c4hnlicher Beitrag","img":{"alt_text":"","src":"","width":0,"height":0},"classes":[]},{"id":1402,"url":"https:\/\/freitagsworte.de\/index.php\/2020\/06\/26\/frevler-sind-immer-die-anderen-2\/","url_meta":{"origin":495,"position":1},"title":"Frevler sind immer die Anderen","date":"26. Juni 2020","format":false,"excerpt":"Der Weg in die H\u00f6lle ist mit guten Vors\u00e4tzen gepflastert. Dieser Sinnspruch ist in vielen Kulturen, in vielen unterschiedlichen Sprachen bekannt. Wir Muslime sind davon \u00fcberzeugt, dass der Vorsatz, die Absicht, die unserem Handeln zu Grunde liegt, das Entscheidende ist. Wir nehmen h\u00e4ufig an, das Resultat unseres Handelns oder unserer\u2026","rel":"","context":"\u00c4hnlicher Beitrag","img":{"alt_text":"","src":"","width":0,"height":0},"classes":[]},{"id":1848,"url":"https:\/\/freitagsworte.de\/index.php\/2022\/03\/25\/ramadan-an-der-grenze-zu-neuen-anfaengen-2\/","url_meta":{"origin":495,"position":2},"title":"Ramadan &#8211; An der Grenze zu neuen Anf\u00e4ngen","date":"25. M\u00e4rz 2022","format":false,"excerpt":"In der kommenden Woche beginnt der Monat Ramadan. Es ist der neunte Monat des islamischen Mondkalenders. Von Anfang April bis Anfang Mai werden wir einen Monat lang uns auf eine der f\u00fcnf S\u00e4ulen des Islam st\u00fctzen \u2013 das Fasten. Verschiedene Koranverse verweisen auf das Fasten und auf den Monat Ramadan,\u2026","rel":"","context":"\u00c4hnlicher Beitrag","img":{"alt_text":"","src":"","width":0,"height":0},"classes":[]},{"id":622,"url":"https:\/\/freitagsworte.de\/index.php\/2018\/05\/11\/ramadan-an-der-grenze-zu-neuen-anfaengen\/","url_meta":{"origin":495,"position":3},"title":"Ramadan &#8211; An der Grenze zu neuen Anf\u00e4ngen","date":"11. Mai 2018","format":false,"excerpt":"In der kommenden Woche beginnt der Monat Ramadan. Es ist der neunte Monat des islamischen Mondkalenders. Von Mitte Mai bis Mitte Juni werden wir einen Monat lang uns auf eine der f\u00fcnf S\u00e4ulen des Islam st\u00fctzen \u2013 das Fasten. Verschiedene Koranverse verweisen auf das Fasten und auf den Monat Ramadan,\u2026","rel":"","context":"In &quot;Gebet&quot;","img":{"alt_text":"","src":"","width":0,"height":0},"classes":[]},{"id":1010,"url":"https:\/\/freitagsworte.de\/index.php\/2019\/03\/01\/woher-kommst-du\/","url_meta":{"origin":495,"position":4},"title":"Woher kommst Du?","date":"1. M\u00e4rz 2019","format":false,"excerpt":"Die Frage \u201eWoher kommst Du?\u201c bewegt unser Land seit einigen Tagen. In dieser Frage und in den Diskussionen, die sie ausl\u00f6st, spiegelt sich die Seele unserer Gesellschaft. In den lebendigen und teilweise scharfen Debatten, die wir miteinander und viel zu oft gegeneinander f\u00fchren, verk\u00f6rpert sich der Zustand unseres gesellschaftlichen Zusammenlebens.\u2026","rel":"","context":"In \"#vonhier\"","img":{"alt_text":"","src":"","width":0,"height":0},"classes":[]},{"id":1481,"url":"https:\/\/freitagsworte.de\/index.php\/2020\/10\/09\/das-wesen-unseres-glaubens\/","url_meta":{"origin":495,"position":5},"title":"Das Wesen unseres Glaubens","date":"9. Oktober 2020","format":false,"excerpt":"Wenn wir im Alltag danach gefragt werden, was der Islam ist, antworten viele von uns mit der Aufz\u00e4hlung der f\u00fcnf S\u00e4ulen des Islam - das Glaubensbekenntnis, das Ritualgebet, das Fasten, die Pflichtabgabe und die Pilgerfahrt. Wir neigen h\u00e4ufig zu einer solchen Aussage, weil diese Elemente der Glaubenspraxis uns vertraut und\u2026","rel":"","context":"\u00c4hnlicher Beitrag","img":{"alt_text":"","src":"","width":0,"height":0},"classes":[]}],"_links":{"self":[{"href":"https:\/\/freitagsworte.de\/index.php\/wp-json\/wp\/v2\/posts\/495"}],"collection":[{"href":"https:\/\/freitagsworte.de\/index.php\/wp-json\/wp\/v2\/posts"}],"about":[{"href":"https:\/\/freitagsworte.de\/index.php\/wp-json\/wp\/v2\/types\/post"}],"author":[{"embeddable":true,"href":"https:\/\/freitagsworte.de\/index.php\/wp-json\/wp\/v2\/users\/6"}],"replies":[{"embeddable":true,"href":"https:\/\/freitagsworte.de\/index.php\/wp-json\/wp\/v2\/comments?post=495"}],"version-history":[{"count":4,"href":"https:\/\/freitagsworte.de\/index.php\/wp-json\/wp\/v2\/posts\/495\/revisions"}],"predecessor-version":[{"id":828,"href":"https:\/\/freitagsworte.de\/index.php\/wp-json\/wp\/v2\/posts\/495\/revisions\/828"}],"wp:attachment":[{"href":"https:\/\/freitagsworte.de\/index.php\/wp-json\/wp\/v2\/media?parent=495"}],"wp:term":[{"taxonomy":"category","embeddable":true,"href":"https:\/\/freitagsworte.de\/index.php\/wp-json\/wp\/v2\/categories?post=495"},{"taxonomy":"post_tag","embeddable":true,"href":"https:\/\/freitagsworte.de\/index.php\/wp-json\/wp\/v2\/tags?post=495"}],"curies":[{"name":"wp","href":"https:\/\/api.w.org\/{rel}","templated":true}]}}