{"id":426,"date":"2017-12-01T09:50:09","date_gmt":"2017-12-01T08:50:09","guid":{"rendered":"http:\/\/freitagsworte.de\/?p=426"},"modified":"2017-12-01T07:14:42","modified_gmt":"2017-12-01T06:14:42","slug":"weil-du-nicht-fuerchten-musst-dass-die-frist-verstreicht","status":"publish","type":"post","link":"https:\/\/freitagsworte.de\/index.php\/2017\/12\/01\/weil-du-nicht-fuerchten-musst-dass-die-frist-verstreicht\/","title":{"rendered":"&#8230;weil Du nicht f\u00fcrchten musst, dass die Frist verstreicht"},"content":{"rendered":"<p>Die einfachste Form unseren Kummer loszuwerden ist die M\u00f6glichkeit dar\u00fcber reden zu k\u00f6nnen. Tats\u00e4chlich kann die verbale Kommunikation f\u00fcr eine \u201eEntleerung\u201c dessen sorgen, was wir nicht mehr in uns tragen m\u00f6chten, da wir das Gef\u00fchl haben, dass es unserer Seele schadet. Bei solchen Konflikten mit uns selbst und seelischen Belastungen tuen uns Dialoge mit Bezugspersonen besonders gut. Das sind Menschen, zu denen wir eine gewisse N\u00e4he versp\u00fcren und Vertrauen aufgebaut haben.<!--more--><\/p>\n<p>Es ist sch\u00f6n, wenn unsere sozialen Grundbed\u00fcrfnisse nach Familie und Freundschaft gedeckt sind und wenn wir auch in Krisensituationen auf sie z\u00e4hlen k\u00f6nnen. Ist das nicht der Fall, empfinden wir eine \u201eLeere\u201c. In solchen F\u00e4llen haben wir die M\u00f6glichkeit uns professionelle Hilfe zu holen und k\u00f6nnen z.B. bei einer Gespr\u00e4chstherapie uns etwas von der Seele reden. Manchmal beobachten auch wir Menschen, die Selbstgespr\u00e4che f\u00fchren, und halten sie f\u00fcr \u201egest\u00f6rt\u201c, weil wir einen Gespr\u00e4chspartner f\u00fcr selbstverst\u00e4ndlich und einen Monolog als sinnlos betrachten. Wir w\u00fcnschen uns einen Zuh\u00f6rer, der uns Feedback \u00fcber unsere S\u00e4tze gibt. Was einen guten Zuh\u00f6rer ausmacht, hat der ber\u00fchmte Psychoanalytiker Erich Fromm in seinem Werk<em> Von der Kunst des Zuh\u00f6rens<\/em> zusammengefasst und stellt dabei vor allem die Empathief\u00e4higkeit und Aufmerksamkeit des Zuh\u00f6rers in den Vordergrund. Der Zuh\u00f6rer soll in der Lage sein, sich in die Situation seines Gespr\u00e4chspartners hineindenken und mit ihm mitf\u00fchlen zu k\u00f6nnen.<\/p>\n<p>Doch wie sieht es in der Realit\u00e4t aus? Steht uns so ein idealer Zuh\u00f6rer zur Verf\u00fcgung? Hat unser Lebenspartner, unsere Mutter, unser Freund oder unser Therapeut Zeit zum Zuh\u00f6ren oder ist diese Zeit begrenzt? Wie aufmerksam sind sie dabei, haben sie uns wirklich verstanden? Sehnen sie sich m\u00f6glicherweise selbst nach einem Zuh\u00f6rer? Wie entt\u00e4uscht waren wir am Handy, als wir feststellen mussten das unser Teilnehmer nicht erreichbar ist?<\/p>\n<p>Bei dem Gebet oder Bittgebet haben wir die M\u00f6glichkeit Kontakt zu Gott aufzunehmen,<em> der Lebendig und Best\u00e4ndig ist, den weder Schlummer noch Schlaf \u00fcberkommt<\/em> (2:225). Gott l\u00e4sst uns seine N\u00e4he sp\u00fcren und l\u00e4dt uns zum Gespr\u00e4ch ein: \u201e<em>Wahrlich, ich bin nahe. Ich antworte dem Ruf des Rufenden, wenn er mich anruft.<\/em>\u201c(2:182). Was f\u00fcr ein sch\u00f6nes Gef\u00fchl und was f\u00fcr eine Gnade, zum Sch\u00f6pfer selbst sprechen zu k\u00f6nnen. Der Sch\u00f6pfer, der Allwissend ist und uns am Besten kennt, sogar die tiefsten Geheimnisse, die wir uns selbst nicht einzugestehen wagen. Er schenkt uns zu jeder Sekunde die Gelegenheit, unsere W\u00fcnsche und unsere Sorgen vor Ihn zu bringen. Damit befreit Er uns auch von der Last der Abh\u00e4ngigkeit von Menschen. Nat\u00fcrlich schlie\u00dft diese unermessliche und unerm\u00fcdliche Verf\u00fcgbarkeit Gottes die Kommunikation der Menschen untereinander nicht aus. Das Gebet erf\u00fcllt unsere Herzen und mobilisiert Kr\u00e4fte in uns, unsere Sorgen und N\u00f6te anzupacken und zur inneren Mitte zu finden, da wir direkten Kontakt zur Quelle der Sch\u00f6pfung aufnehmen.<\/p>\n<p>Der Prophet fasste diese \u00fcberragende Bedeutung des Gebetes bei einem seiner eigenen Gebete selbst folgenderma\u00dfen zusammen:<br \/>\n<em>O Du, der Du jede Stimme h\u00f6rst, o Du, der Du die Seelen wiederbelebst nach dem Tode, o Du, der Du nicht \u00fcbereilst, weil Du nicht f\u00fcrchten musst, dass die Frist verstreicht, o immerw\u00e4hrend Best\u00e4ndiger, o Du, der die Pflanzen sprie\u00dfen l\u00e4sst und die verwesten Gebeine belebt \u2013 Im Namen Gottes! Ich verlasse mich auf Gott und vertraue auf den Lebendigen, der niemals stirbt, und werfe alles auf Ihn, was mich qu\u00e4lt. Denn es gibt keine Macht und keine Kraft au\u00dfer bei Gott, dem Erhabenen, dem Weisen.<\/em> (sbk)<\/p>\n","protected":false},"excerpt":{"rendered":"<p>Die einfachste Form unseren Kummer loszuwerden ist die M\u00f6glichkeit dar\u00fcber reden zu k\u00f6nnen. Tats\u00e4chlich kann die verbale Kommunikation f\u00fcr eine \u201eEntleerung\u201c dessen sorgen, was wir nicht mehr in uns tragen m\u00f6chten, da wir das Gef\u00fchl haben, dass es unserer Seele schadet. Bei solchen Konflikten mit uns selbst und seelischen Belastungen tuen uns Dialoge mit Bezugspersonen besonders gut. Das sind Menschen, zu denen wir eine gewisse N\u00e4he versp\u00fcren und Vertrauen aufgebaut haben.<\/p>\n","protected":false},"author":6,"featured_media":0,"comment_status":"closed","ping_status":"closed","sticky":false,"template":"","format":"standard","meta":{"spay_email":"","jetpack_publicize_message":"","jetpack_is_tweetstorm":false,"jetpack_publicize_feature_enabled":true},"categories":[214],"tags":[],"jetpack_publicize_connections":[],"jetpack_featured_media_url":"","jetpack_sharing_enabled":true,"jetpack_shortlink":"https:\/\/wp.me\/p8tv7g-6S","jetpack-related-posts":[{"id":1477,"url":"https:\/\/freitagsworte.de\/index.php\/2020\/10\/02\/danken-und-gedenken-der-wahre-pfad-zur-freiheit-der-seele\/","url_meta":{"origin":426,"position":0},"title":"Danken und Gedenken \u2013 der wahre Pfad zur Freiheit der Seele!","date":"2. Oktober 2020","format":false,"excerpt":"Ein Gastbeitrag von Fatih Seyfi Grenzschlie\u00dfungen, Reiseeinschr\u00e4nkungen, Schlie\u00dfungen von kleinen wie gro\u00dfen Arbeitsst\u00e4tten, Einschr\u00e4nkungen des pers\u00f6nlichen Treffens im Familien- und Freundeskreis, Quarant\u00e4ne-Auflagen \u2013 es ist jetzt schon gewiss, dass die weltweite Ausbreitung der COVID-19-Pandemie eine einschneidende Z\u00e4sur f\u00fcr die Welt darstellen wird. Diese bisweilen f\u00fcr die Menschheit schwierige Phase l\u00e4sst\u2026","rel":"","context":"\u00c4hnlicher Beitrag","img":{"alt_text":"","src":"","width":0,"height":0},"classes":[]},{"id":243,"url":"https:\/\/freitagsworte.de\/index.php\/2017\/07\/14\/seelen-nahrung\/","url_meta":{"origin":426,"position":1},"title":"Seelen-Nahrung","date":"14. Juli 2017","format":false,"excerpt":"Nehmen wir unsere Mitmenschen tats\u00e4chlich wahr? Die Menschen um uns herum, sind wir uns ihrer Existenz vollends bewusst? Morgens wenn wir beim Fr\u00fchst\u00fccken unseren Kaffee schl\u00fcrfen und unserem Ehepartner gegen\u00fcbersitzen, sehen wir dann in ihren, in seinen Augen, wie es ihr oder ihm geht? Motiviert uns der Blickkontakt und das\u2026","rel":"","context":"In &quot;Seele&quot;","img":{"alt_text":"","src":"","width":0,"height":0},"classes":[]},{"id":1409,"url":"https:\/\/freitagsworte.de\/index.php\/2020\/07\/10\/der-atem-und-der-duft-der-rose\/","url_meta":{"origin":426,"position":2},"title":"Der Atem und der Duft der Rose","date":"10. Juli 2020","format":false,"excerpt":"Ganz gleich, wie gewahr wir uns unserer Fehler und Neigungen sind. Wir sind Menschen. Wir sind fehlbar und es ist sogar so, dass wir zuweilen Gefallen an unseren Fehlern finden. Wir schauen von Zeit zu Zeit mit stiller oder gar offen zum Ausdruck gebrachter Freude in die Abgr\u00fcnde unseres Selbst.\u2026","rel":"","context":"\u00c4hnlicher Beitrag","img":{"alt_text":"","src":"","width":0,"height":0},"classes":[]},{"id":782,"url":"https:\/\/freitagsworte.de\/index.php\/2018\/10\/12\/keine-strafe-sondern-pruefung\/","url_meta":{"origin":426,"position":3},"title":"Keine Strafe, sondern Pr\u00fcfung","date":"12. Oktober 2018","format":false,"excerpt":"So einfach wie im M\u00e4rchen ist die Heilung f\u00fcr Menschen mit Depressionen nicht. Eine Depression ist eine Krankheit, die medizinisch und therapeutisch behandelt werden muss. Leider wird sie in einigen F\u00e4llen nicht als solche wahrgenommen oder diagnostiziert und wird als \u201eKrise\u201c oder \u201eTief\u201c abgetan.","rel":"","context":"In &quot;Pr\u00fcfung&quot;","img":{"alt_text":"","src":"","width":0,"height":0},"classes":[]},{"id":1071,"url":"https:\/\/freitagsworte.de\/index.php\/2019\/05\/10\/mit-alltagsdogmen-brechen\/","url_meta":{"origin":426,"position":4},"title":"Mit Alltagsdogmen brechen","date":"10. Mai 2019","format":false,"excerpt":"Ein Gastbeitrag von Muharrem \u00dcnl\u00fc Wenn man an eine Religion denkt, denkt man nicht selten an Dogmen; an nicht hinterfragbare Absolutismen. Ungeachtet dessen, dass der Begriff Dogma \u2013 nach meinem pers\u00f6nlichen Verst\u00e4ndnis \u2013 negative und positive Aspekte beinhaltet, birgt auch unser Alltag viele davon. Allt\u00e4gliche Denkgewohnheiten, die man durchaus auch\u2026","rel":"","context":"In \"Fasten\"","img":{"alt_text":"","src":"","width":0,"height":0},"classes":[]},{"id":1093,"url":"https:\/\/freitagsworte.de\/index.php\/2019\/06\/07\/sein-oder-nichtsein\/","url_meta":{"origin":426,"position":5},"title":"Sein oder Nichtsein","date":"7. Juni 2019","format":false,"excerpt":"Ein Gastbeitrag von Sercan Sever Was \u00fcberhaupt ist eigentlich ein gutes Leben? Diese Frage besch\u00e4ftigt nicht nur uns, sondern Menschen rund um den Globus. Nicht selten verf\u00fchrt sie zur Auflistung eines ganzen Kriterienkatalogs, wonach ein gutes Leben gegeben sei, wenn a), b) c) und bestenfalls auch d) in unserem Besitz\u2026","rel":"","context":"\u00c4hnlicher Beitrag","img":{"alt_text":"","src":"","width":0,"height":0},"classes":[]}],"_links":{"self":[{"href":"https:\/\/freitagsworte.de\/index.php\/wp-json\/wp\/v2\/posts\/426"}],"collection":[{"href":"https:\/\/freitagsworte.de\/index.php\/wp-json\/wp\/v2\/posts"}],"about":[{"href":"https:\/\/freitagsworte.de\/index.php\/wp-json\/wp\/v2\/types\/post"}],"author":[{"embeddable":true,"href":"https:\/\/freitagsworte.de\/index.php\/wp-json\/wp\/v2\/users\/6"}],"replies":[{"embeddable":true,"href":"https:\/\/freitagsworte.de\/index.php\/wp-json\/wp\/v2\/comments?post=426"}],"version-history":[{"count":5,"href":"https:\/\/freitagsworte.de\/index.php\/wp-json\/wp\/v2\/posts\/426\/revisions"}],"predecessor-version":[{"id":433,"href":"https:\/\/freitagsworte.de\/index.php\/wp-json\/wp\/v2\/posts\/426\/revisions\/433"}],"wp:attachment":[{"href":"https:\/\/freitagsworte.de\/index.php\/wp-json\/wp\/v2\/media?parent=426"}],"wp:term":[{"taxonomy":"category","embeddable":true,"href":"https:\/\/freitagsworte.de\/index.php\/wp-json\/wp\/v2\/categories?post=426"},{"taxonomy":"post_tag","embeddable":true,"href":"https:\/\/freitagsworte.de\/index.php\/wp-json\/wp\/v2\/tags?post=426"}],"curies":[{"name":"wp","href":"https:\/\/api.w.org\/{rel}","templated":true}]}}