{"id":393,"date":"2017-10-27T09:50:52","date_gmt":"2017-10-27T07:50:52","guid":{"rendered":"http:\/\/freitagsworte.de\/?p=393"},"modified":"2017-10-28T08:38:28","modified_gmt":"2017-10-28T06:38:28","slug":"kinder-geben-uns-schon-hier-ein-paradies","status":"publish","type":"post","link":"https:\/\/freitagsworte.de\/index.php\/2017\/10\/27\/kinder-geben-uns-schon-hier-ein-paradies\/","title":{"rendered":"Kinder geben uns schon hier ein Paradies"},"content":{"rendered":"<p>Unser Umgang mit Menschen, der variiert bisweilen. Auch wenn wir wissen, dass jeder Mensch vor Gott gleich ist, so schaffen es die wenigstens von uns, alle Gesch\u00f6pfe Gottes gleich zu behandeln. Es gibt keine Garantie daf\u00fcr, dass wir in Zukunft unsere Mitmenschen tats\u00e4chlich besser behandeln, besser mit ihnen umgehen werden. Immer wieder gab es in der Menschheitsgeschichte Zeiten und Phasen, in denen sich die Menschen jeweils besser aber auch wesentlich schlechter behandelt haben.<\/p>\n<p>Selbst die Art, wie mit den Kindern innerhalb einer Familie umgegangen wurde, war nicht immer gleich. W\u00e4hrend wir heute die F\u00fcrsorge f\u00fcr unsere Kinder allgemein zu unseren Lebenszwecken z\u00e4hlen, manchmal als Helikoptereltern sogar andere Akteure in der Kindererziehung zur Verzweiflung treiben k\u00f6nnen, kennen wir auch Berichte aus Zeiten, in denen selbst das Leben und die Unversehrtheit von Kindern nicht heilig gewesen zu sein scheint.<!--more--><\/p>\n<p>Auch heute erinnern uns tragischen F\u00e4lle, ob es nun grausame Nachrichten \u00fcber missbrauchte und get\u00f6tete Kinder sind, zumeist von n\u00e4chsten Verwandten oder anderen Vertrauenspersonen, oder die unz\u00e4hligen Todesf\u00e4lle von Fl\u00fcchtlingskindern auf den beschwerlichen und gef\u00e4hrlichen Fluchtrouten, all diese\u00a0Ereignisse erinnern uns immer wieder, dass die Liebe und F\u00fcrsorge selbst zu Kindern keine Selbstverst\u00e4ndlichkeit ist.<\/p>\n<p>Von einer solchen Verwerfung erfahren wir in den \u00dcberlieferungen auch aus der Zeit vor der Herabsendung des Korans, zur Zeit der Dschahilijja, der Zeit der Unwissenheit. Zeit der Unwissenheit deshalb, da sie gepr\u00e4gt war von Brutalit\u00e4t gegen\u00fcber dem Menschen und einem fehlenden Bewusstsein f\u00fcr die Liebe gegen\u00fcber den Gesch\u00f6pfen. Dies machte sich auch im Umgang mit Kindern bemerkbar.<\/p>\n<p>Es gab in der damaligen Gesellschaft in Mekka geschlechterspezifische Unterschiede beim Stellenwert des Kindes. W\u00e4hrend man sich \u00fcber die Geburt eines Sohnes als Stammhalter freute, stellte die Tochter eine Schande f\u00fcr den Vater dar und konnte sogar lebendig begraben werden, um die soziale Anerkennung nicht zu verlieren. Der Koran greift in einem Vers diese Grausamkeit auf und greift\u00a0 in einer Darstellung der Rechenschaft nach der Auferstehung vor, \u201ewenn die lebendig Begrabene wird gefragt, um welcher Schuld sie ward umgebracht\u201c (Sure 81: 8f). Noch zu einer sehr fr\u00fchen Zeit der Offenbarung, als nur eine kleine Gemeinde in Mekka existierte, klagt der Koran dieses Verbrechen an den eigenen Kindern an: \u201eT\u00f6tet eure Kinder nicht aus Furcht vor Armut! Denn wir versorgen sie und euch. Sie zu t\u00f6ten ist wahrlich eine schwere S\u00fcnde.\u201c (Sure 17:31).<\/p>\n<p>Der Umgang des Propheten mit seinen eigenen Kindern hob sich sehr stark von den Gepflogenheiten seiner Zeit ab. Betrachtet man den prophetischen Erziehungsstil, so stellt man fest, dass er ein einf\u00fchlsamer Vater war. Gewalt gegen\u00fcber seinen Kindern kam in seiner Erziehung nicht vor. N\u00e4he und Zuneigung waren ihm dagegen sehr wichtig. Er nahm sich Zeit f\u00fcr sie, scherzte mit ihnen und nahm ihre Sorgen ernst. Auch die Sorgen des kleinen Jungen in der \u00dcberlieferung, dem er die Tr\u00e4nen wegwischte und mit ihm zusammen\u00a0um sein verstorbenes\u00a0Haustier trauerte.<\/p>\n<p>Als muslimische Eltern sollten wir uns auch in Erziehungsfragen an diese Prophetentradition erinnern. Wir tragen die Verantwortung f\u00fcr die k\u00f6rperliche und seelische Entwicklung unserer Kinder, aber auch daf\u00fcr, dass sie gen\u00fcgend Liebe, Aufmerksamkeit und Zuwendung von uns als Eltern bekommen. So kann in der Familie mit viel Liebe das Paradies schon hier auf Erden geschaffen und erlebt werden. (sbk)<\/p>\n","protected":false},"excerpt":{"rendered":"<p>Unser Umgang mit Menschen, der variiert bisweilen. Auch wenn wir wissen, dass jeder Mensch vor Gott gleich ist, so schaffen es die wenigstens von uns, alle Gesch\u00f6pfe Gottes gleich zu behandeln. Es gibt keine Garantie daf\u00fcr, dass wir in Zukunft unsere Mitmenschen tats\u00e4chlich besser behandeln, besser mit ihnen umgehen werden. Immer wieder gab es in der Menschheitsgeschichte Zeiten und Phasen, in denen sich die Menschen jeweils besser aber auch wesentlich schlechter behandelt haben.<\/p>\n","protected":false},"author":6,"featured_media":0,"comment_status":"closed","ping_status":"closed","sticky":false,"template":"","format":"standard","meta":{"spay_email":"","jetpack_publicize_message":"","jetpack_is_tweetstorm":false,"jetpack_publicize_feature_enabled":true},"categories":[204],"tags":[],"jetpack_publicize_connections":[],"jetpack_featured_media_url":"","jetpack_sharing_enabled":true,"jetpack_shortlink":"https:\/\/wp.me\/p8tv7g-6l","jetpack-related-posts":[{"id":169,"url":"https:\/\/freitagsworte.de\/index.php\/2017\/05\/12\/wir-muessen-aufhoeren-aus-mitmenschen-behinderte-zu-machen\/","url_meta":{"origin":393,"position":0},"title":"Wir m\u00fcssen aufh\u00f6ren, aus Mitmenschen \u201eBehinderte\u201c zu machen","date":"12. Mai 2017","format":false,"excerpt":"Ein Mensch, der im Rollstuhl sitzt, wird aber nur dann \u201ebehindert\u201c, wenn wir eine Treppe bauen, statt einer Rampe. Ein geh\u00f6rloser Mensch wird nur dann \u201ebehindert\u201c, wenn wir mit ihm reden, statt ihm etwas aufzuschreiben. Ein blinder Mensch wird nur dann \u201ebehindert\u201c, wenn wir ihm einen Text in die Hand\u2026","rel":"","context":"In &quot;Inklusion&quot;","img":{"alt_text":"","src":"","width":0,"height":0},"classes":[]},{"id":1129,"url":"https:\/\/freitagsworte.de\/index.php\/2019\/08\/02\/das-gute-im-herzen\/","url_meta":{"origin":393,"position":1},"title":"Die Verpflichtung des Herzens","date":"2. August 2019","format":false,"excerpt":"In einem deutschen Reisepass findet sich auf der letzten Seite der Vermerk, dass dieser \u201eEigentum der Bundesrepublik Deutschland\u201c sei. Vergleichbares findet sich auch in den meisten anderen Reisep\u00e4ssen. Folglich darf man ihn weder besch\u00e4digen, zerst\u00f6ren noch weggeben. Schlie\u00dflich geh\u00f6rt er einem nicht wirklich. Gleiches lie\u00dfe sich \u00fcber unser Herz sagen:\u2026","rel":"","context":"\u00c4hnlicher Beitrag","img":{"alt_text":"","src":"","width":0,"height":0},"classes":[]},{"id":146,"url":"https:\/\/freitagsworte.de\/index.php\/2017\/05\/05\/wer-gewalt-in-die-welt-traegt-kann-nicht-auf-frieden-im-jenseits-hoffen\/","url_meta":{"origin":393,"position":2},"title":"Wer Gewalt in die Welt tr\u00e4gt, kann nicht auf Frieden im Jenseits hoffen","date":"5. Mai 2017","format":false,"excerpt":"Islamismus. Islamischer Extremismus. Radikaler Islam. Die Gewalttaten, die in den letzten Jahren von T\u00e4tern begangen wurden, die sich auf den Islam berufen, haben unserer Religion eine schwere Hypothek auferlegt. Viele Muslime, die aus einer zutiefst religi\u00f6sen \u00dcberzeugung heraus, aus ihrem fest verankerten Islamverst\u00e4ndnis heraus diese Gewalt- und Mordtaten ablehnen, sehen\u2026","rel":"","context":"In \"2:155\"","img":{"alt_text":"","src":"","width":0,"height":0},"classes":[]},{"id":1459,"url":"https:\/\/freitagsworte.de\/index.php\/2020\/09\/11\/wer-gewalt-in-die-welt-traegt-kann-nicht-auf-frieden-im-jenseits-hoffen-2\/","url_meta":{"origin":393,"position":3},"title":"WER GEWALT IN DIE WELT TR\u00c4GT, KANN NICHT AUF FRIEDEN IM JENSEITS HOFFEN","date":"11. September 2020","format":false,"excerpt":"Islamismus. Islamischer Extremismus. Radikaler Islam. Die Gewalttaten, die in den letzten Jahren von T\u00e4tern begangen wurden, die sich auf den Islam berufen, haben unserer Religion eine schwere Hypothek auferlegt. Viele Muslime, die aus einer zutiefst religi\u00f6sen \u00dcberzeugung heraus, aus ihrem fest verankerten Islamverst\u00e4ndnis heraus diese Gewalt- und Mordtaten ablehnen, sehen\u2026","rel":"","context":"\u00c4hnlicher Beitrag","img":{"alt_text":"","src":"","width":0,"height":0},"classes":[]},{"id":1362,"url":"https:\/\/freitagsworte.de\/index.php\/2020\/05\/08\/die-einheit-der-muslime\/","url_meta":{"origin":393,"position":4},"title":"Die Einheit der Muslime","date":"8. Mai 2020","format":false,"excerpt":"Eine der sch\u00f6nsten Eigenschaften unseres Glaubens ist das Prinzip der Ausgewogenheit zwischen Individualit\u00e4t und Kollektivit\u00e4t unserer Religionspraxis, aber auch unserer Glaubensfundamente. Jeder Aspekt unseres Glaubens, jedes Detail seiner praktischen, gelebten Form aber auch seiner geistigen und seelischen Ber\u00fchrungspunkte weist eine Balance, ein Gleichgewicht zwischen dem einzelnen Gl\u00e4ubigen und seiner Gemeinschaft\u2026","rel":"","context":"\u00c4hnlicher Beitrag","img":{"alt_text":"","src":"","width":0,"height":0},"classes":[]},{"id":48,"url":"https:\/\/freitagsworte.de\/index.php\/2017\/07\/21\/gott-verbindet-alle-menschen-miteinander\/","url_meta":{"origin":393,"position":5},"title":"Gott verbindet alle Menschen miteinander","date":"21. Juli 2017","format":false,"excerpt":"Die ersten von Gott herabgesandten Verse sind ein wundersames Beispiel f\u00fcr die sprachliche Komplexit\u00e4t und die poetische Sch\u00f6nheit des Koran. Diese Verse dokumentieren, welche unterschiedlichen Bedeutungsebenen und Auslegungsm\u00f6glichkeiten selbst in k\u00fcrzesten Versen oder gar nur in einzelnen Worten des Koran enthalten sind. All dies ist eine nimmer endende Herausforderung an\u2026","rel":"","context":"In &quot;Sch\u00f6pfung&quot;","img":{"alt_text":"","src":"","width":0,"height":0},"classes":[]}],"_links":{"self":[{"href":"https:\/\/freitagsworte.de\/index.php\/wp-json\/wp\/v2\/posts\/393"}],"collection":[{"href":"https:\/\/freitagsworte.de\/index.php\/wp-json\/wp\/v2\/posts"}],"about":[{"href":"https:\/\/freitagsworte.de\/index.php\/wp-json\/wp\/v2\/types\/post"}],"author":[{"embeddable":true,"href":"https:\/\/freitagsworte.de\/index.php\/wp-json\/wp\/v2\/users\/6"}],"replies":[{"embeddable":true,"href":"https:\/\/freitagsworte.de\/index.php\/wp-json\/wp\/v2\/comments?post=393"}],"version-history":[{"count":3,"href":"https:\/\/freitagsworte.de\/index.php\/wp-json\/wp\/v2\/posts\/393\/revisions"}],"predecessor-version":[{"id":397,"href":"https:\/\/freitagsworte.de\/index.php\/wp-json\/wp\/v2\/posts\/393\/revisions\/397"}],"wp:attachment":[{"href":"https:\/\/freitagsworte.de\/index.php\/wp-json\/wp\/v2\/media?parent=393"}],"wp:term":[{"taxonomy":"category","embeddable":true,"href":"https:\/\/freitagsworte.de\/index.php\/wp-json\/wp\/v2\/categories?post=393"},{"taxonomy":"post_tag","embeddable":true,"href":"https:\/\/freitagsworte.de\/index.php\/wp-json\/wp\/v2\/tags?post=393"}],"curies":[{"name":"wp","href":"https:\/\/api.w.org\/{rel}","templated":true}]}}