{"id":380,"date":"2017-10-20T09:50:29","date_gmt":"2017-10-20T07:50:29","guid":{"rendered":"http:\/\/freitagsworte.de\/?p=380"},"modified":"2017-10-20T10:02:36","modified_gmt":"2017-10-20T08:02:36","slug":"kein-liberaler-muslim","status":"publish","type":"post","link":"https:\/\/freitagsworte.de\/index.php\/2017\/10\/20\/kein-liberaler-muslim\/","title":{"rendered":"Kein liberaler Muslim"},"content":{"rendered":"<p>Vor einigen Freitagsworten haben wir gemeinsam dar\u00fcber nachgedacht, warum es <a href=\"http:\/\/freitagsworte.de\/index.php\/2017\/07\/28\/kein-konservativer-muslim\/#more-259\">keine \u201ekonservativen\u201c Muslime <\/a>geben kann. Am heutigen Freitag wollen wir n\u00e4her beleuchten, welche Verirrungen sich hinter der Formulierung \u201eliberaler Muslim\u201c verbergen.<\/p>\n<p>Bereits die Realit\u00e4t unserer gesellschaftlichen Diskussion \u00fcber vermeintlich \u201ekonservative\u201c und \u201eliberale\u201c Muslime verdeutlicht mit der ihr innewohnenden destruktiven Spannung, dass in dieser konstruierten Spaltung von Muslimen\u00a0bereits der Keim gegenseitiger Anfeindung und damit wenig Segen f\u00fcr unser Zusammenleben liegt. Dem Begriff des Liberalismus entsprechend betonen Personen, die sich explizit als \u201eliberale Muslime\u201c verstanden wissen wollen, ihre \u00a0Glaubensauffassung wurzele in dem Verst\u00e4ndnis von Freiheit.<\/p>\n<p>H\u00e4ufig genug muss aber die Abgrenzung, die Distanzierung, die Zur\u00fcckweisung anderer Muslime, n\u00e4mlich jener, die als \u201ekonservativ\u201c markiert werden, daf\u00fcr herhalten, ein vermeintlich freiheitliches Islamverst\u00e4ndnis darzulegen. Das ist nicht sehr \u00fcberzeugend.<!--more--><\/p>\n<p>Um den eigenen \u201eliberalen\u201c Anspruch zu betonen, verlieren sich gerade \u201eliberale\u201c Muslime nicht selten in einer Abgrenzungsinszenierung, bei der allein die Opposition zu etablierten Formen religi\u00f6ser Praxis bereits als Ausweis besonderer Freiheitlichkeit herhalten muss. Aber nur weil man den Anspruch verfolgt, etwas anders zu machen, als alle anderen, folgt daraus nicht zwangsl\u00e4ufig die Freiheitlichkeit des eigenen Tuns.<\/p>\n<p>Dies kann nur dort in einem solchen Automatismus als wahr angenommen werden, wo der \u201ekonservative\u201c Gegner in seiner religi\u00f6sen Praxis als das Schlechte, R\u00fcckst\u00e4ndige, Unfreie, Zwanghafte, Gewaltt\u00e4tige schlechthin beschrieben wird. Nicht ohne Grund finden wir in den Verlautbarungen \u201eliberaler Muslime\u201c deshalb h\u00e4ufig die D\u00e4monisierung traditioneller religi\u00f6ser Anschauungen und Praktiken.<\/p>\n<p>Dabei wohnt bereits der Begrifflichkeit des Liberalismus eine Gedankenfigur inne, die sich im religi\u00f6sen Feld \u2013 insbesondere des Islam \u2013 kaum aufrechterhalten l\u00e4sst; oder eben zu innerislamischen Widerspr\u00fcchen f\u00fchrt.<br \/>\nZun\u00e4chst liegt dem Verst\u00e4ndnis des Liberalismus das Individuum in seinem Behauptungsanspruch gegen staatliche Macht zu Grunde. Es ist die Freiheit des Einzelnen, die sich gegen\u00fcber der Willk\u00fcr staatlicher Gewalt behauptet. Im Zentrum des Liberalismus steht also der Mensch.<\/p>\n<p>Diese Grundannahme ist vielfach auch in den Positionen \u201eliberaler Muslime\u201c wiederzufinden. Dort soll der Mensch ins Zentrum des Glaubens ger\u00fcckt werden. Es ist vielfach von einem \u201em\u00fcndigen Muslim\u201c die Rede, der Gott auf \u201eAugenh\u00f6he\u201c begegnet, den Gott als \u201eMitliebenden\u201c sucht und braucht.<br \/>\nEs ist zu ahnen, dass in dieser Gedankenwelt Gott auf die Ebene des Menschen heruntergebrochen werden soll, um dem Menschen durch den Akt dieser \u201eEmanzipation\u201c zur \u201eM\u00fcndigkeit\u201c zu verhelfen und ihn so zur individuellen Freiheit zu f\u00fchren \u2013 und damit heraus aus der \u201eUnterwerfung\u201c als die der Islam immer noch viel zu h\u00e4ufig verkannt wird.<\/p>\n<p>Eine solche Position verkennt\u00a0nicht nur\u00a0die Grundaussagen, die der islamischen Offenbarung zur Natur des Menschen innewohnen &#8211; in gewisser Weise erf\u00fcllt sie sogar die Voraussagen der islamischen Offenbarung in Bezug auf die sch\u00f6pfungsbedingten Schw\u00e4chen und irrigen Neigungen des Menschen.<br \/>\nDer strikte Monotheismus des Islam, verk\u00f6rpert in der Negation mit der sein Glaubensbekenntnis \u201eKein Gott, au\u00dfer dem Einen\u201c, weist auf die gr\u00f6\u00dfte Gefahr hin, die der menschlichen Natur zu eigen ist. Der Islam geht eben nicht davon aus, dass das eigenn\u00fctzige Handeln des Einzelnen automatisch zum Vorteil der Allgemeinheit gereicht. Gem\u00e4\u00df dem Islam ist dem Allgemeinwohl eben nicht am besten gedient, wenn jeder nach dem gr\u00f6\u00dften Vorteil f\u00fcr sich selbst strebt.<\/p>\n<p>Der Islam will vielmehr die nat\u00fcrliche Eigensucht des Menschen, die den Menschen versuchende Gier und sein Streben nach Macht einhegen &#8211; durch seinen deutlichen Hinweis auf die kollektive Verantwortung des Menschen. Jeder Mensch tr\u00e4gt Verantwortung f\u00fcr das Gemeinwesen, aus dem er individuelle Vorteile zieht. Somit obliegt es dem Menschen, sich f\u00fcr dieses Gemeinwesen, f\u00fcr das Allgemeinwohl einzusetzen. Das Wohl aller kann nur gesteigert werden, wenn der Mensch bereit ist, seinen Eigensinn zu z\u00e4hmen.<\/p>\n<p>Die Bereitschaft hierzu muss sich aus der Freiheit des Individuums entwickeln, n\u00e4mlich dergestalt, dass er ohne Zwang, ohne staatliche Gewalt, im Bewusstsein seiner Verantwortung f\u00fcr das Gemeinwesen dazu bereit ist, selbstlos zu handeln. Um seine Eigensucht zu \u00fcberwinden, muss er sich Gott zuwenden, er muss sich Gott ergeben. Diese Ergebenheit in Gott, im Vertrauen auf den Ausgleich zwischen Eigenwohl und Allgemeinwohl, diese Selbstdisziplinierung, dieses Streben nach individuellem Gl\u00fcck, pers\u00f6nlicher Freiheit, eigenem Wohl bei gleichzeitigem Einsatz f\u00fcr das Gl\u00fcck, die Freiheit und das Wohl aller, bedeutet nichts anderes als das Streben nach Silm und Selam.<\/p>\n<p>Aus diesen beiden Begriffen setzt sich das Wort \u201eIslam\u201c zusammen. Der so als Ausgleich zwischen Individualinteresse und Allgemeinwohl verstandene und konkret gelebte Islam wird\u00a0in der Offenbarung Gottes als \u201eeinzige Religion bei Gott\u201c beschrieben: Hier wird also nicht eine konkrete konfessionelle Religionspraxis oder Glaubenszugeh\u00f6rigkeit definiert; sondern eine Grundhaltung, mit der das Individuum sich selbst \u00fcberwindet und zum Wohle aller Gott anvertraut, sich ihm ergibt.<\/p>\n<p>Ein Glaubensverst\u00e4ndnis jedoch, das in dieser Funktion Gottes nur eine zornige Machtinstanz erkennen will, darin nur Unm\u00fcndigkeit wahrnimmt und empfiehlt, sich hiervon zu emanzipieren und den Menschen selbst ins Zentrum der Beziehung zu Gott stellt, erliegt dem Drang des Menschen, sich alles und jeden zum Untertan zu machen. Eine solche Haltung kann angesichts der menschlichen Natur nur darin enden, dass der von sich \u00fcberzeugte Mensch alles und jeden zu opfern bereit ist, um sich selbst zu behaupten.<\/p>\n<p>Aber wenn wir nicht nur glaubten, sondern tats\u00e4chlich w\u00fcssten, dass eine allm\u00e4chtige, allwissende g\u00f6ttliche Instanz existiert, h\u00e4tten wir dann wirklich den Impuls, uns gegen\u00fcber diesem Sch\u00f6pfergott als \u201em\u00fcndiger\u201c Muslim auf \u201eAugenh\u00f6he\u201c begeben zu wollen? Oder w\u00e4re es nicht die nat\u00fcrlichste, die selbstverst\u00e4ndlichste, die angemessenste Reaktion, sich vor diesem allm\u00e4chtigen Gott f\u00fcnfmal am Tag in Dankbarkeit und Ergebenheit zu verbeugen?<\/p>\n<p>Und es ist Gott selbst, der durch seine Mittelbarkeit, seine Unfassbarkeit, seine Unvorstellbarkeit uns die Freiheit schenkt, diese Ergebenheit in ihn als Akt der freien Entscheidung, der t\u00e4glich wiederholten Freiheit des Glaubens zu erleben. Angesichts dieser Gnade kann und darf es keine Unfreiheit, keinen Zwang, keine Gewalt zwischen uns Menschen geben. (mk)<\/p>\n","protected":false},"excerpt":{"rendered":"<p>Bereits die Realit\u00e4t unserer gesellschaftlichen Diskussion \u00fcber vermeintlich \u201ekonservative\u201c und \u201eliberale\u201c Muslime verdeutlicht mit der ihr innewohnenden destruktiven Spannung, dass in dieser konstruierten Spaltung von Muslimen\u00a0bereits der Keim gegenseitiger Anfeindung und damit wenig Segen f\u00fcr unser Zusammenleben liegt. Dem Begriff des Liberalismus entsprechend betonen Personen, die sich explizit als \u201eliberale Muslime\u201c verstanden wissen wollen, ihre \u00a0Glaubensauffassung wurzele in dem Verst\u00e4ndnis von Freiheit.<\/p>\n","protected":false},"author":6,"featured_media":0,"comment_status":"closed","ping_status":"closed","sticky":false,"template":"","format":"standard","meta":{"spay_email":"","jetpack_publicize_message":"","jetpack_is_tweetstorm":false,"jetpack_publicize_feature_enabled":true},"categories":[68,146,180,29],"tags":[202,69,156,157,203,201,33],"jetpack_publicize_connections":[],"jetpack_featured_media_url":"","jetpack_sharing_enabled":true,"jetpack_shortlink":"https:\/\/wp.me\/p8tv7g-68","jetpack-related-posts":[{"id":259,"url":"https:\/\/freitagsworte.de\/index.php\/2017\/07\/28\/kein-konservativer-muslim\/","url_meta":{"origin":380,"position":0},"title":"Kein konservativer Muslim","date":"28. Juli 2017","format":false,"excerpt":"Die \u00f6ffentliche Diskussion \u00fcber den Islam in unserem Land ist von einer Sprache gepr\u00e4gt, die\u00a0hinterfragt werden muss: H\u00e4ufig ist die Rede von \u201ekonservativen\u201c und \u201eliberalen\u201c Muslimen. Aber die Formulierung \u201ekonservativer Muslim\u201c ist \u2013 wenn man die Offenbarung des Koran ernst nimmt \u2013 ein Oxymoron, also eine in sich gegens\u00e4tzliche Beschreibung.\u2026","rel":"","context":"In &quot;Gerechtigkeit&quot;","img":{"alt_text":"","src":"","width":0,"height":0},"classes":[]},{"id":324,"url":"https:\/\/freitagsworte.de\/index.php\/2017\/09\/29\/gefaess-ohne-inhalt\/","url_meta":{"origin":380,"position":1},"title":"Gef\u00e4\u00df ohne Inhalt?","date":"29. September 2017","format":false,"excerpt":"Der muslimische Gelehrte Muhammad Iqbal hat im Zusammenhang mit den Zust\u00e4nden in islamisch gepr\u00e4gten Gesellschaften ausgef\u00fchrt: Wenn wir andere Menschen davon \u00fcberzeugen wollen, dass der Islam ein heilbringendes, ein segensreiches Wertesystem ist, m\u00fcssen wir ihnen zun\u00e4chst versichern, dass wir keine Muslime sind.","rel":"","context":"In &quot;Gerechtigkeit&quot;","img":{"alt_text":"","src":"","width":0,"height":0},"classes":[]},{"id":489,"url":"https:\/\/freitagsworte.de\/index.php\/2018\/01\/12\/die-scheidung-von-der-tradition\/","url_meta":{"origin":380,"position":2},"title":"Die Scheidung von der Tradition","date":"12. Januar 2018","format":false,"excerpt":"Die Stellung einer geschiedenen Frau und die eines geschiedenen Mannes f\u00e4llt in der kulturellen Vorstellung manch einer muslimischen Gesellschaft jedoch recht unterschiedlich aus. W\u00e4hrend es f\u00fcr einen Mann selbstverst\u00e4ndlich ist, dass er sich nach der Scheidung m\u00f6glichst schnell nach einer Ehefrau umschaut, erwartet man von der Frau, dass sie ihr\u2026","rel":"","context":"In &quot;Ehe&quot;","img":{"alt_text":"","src":"","width":0,"height":0},"classes":[]},{"id":564,"url":"https:\/\/freitagsworte.de\/index.php\/2018\/03\/16\/ohne-suende-bleibt-der-glaube-ungeprueft\/","url_meta":{"origin":380,"position":3},"title":"Ohne S\u00fcnde bleibt der Glaube ungepr\u00fcft","date":"16. M\u00e4rz 2018","format":false,"excerpt":"\u201eOhne S\u00fcnde bleibt der Glaube ungepr\u00fcft. Erst wenn man die Finsternis gesehen hat, wei\u00df man das Licht zu sch\u00e4tzen.\u201c\u00a0Ich erinnere mich noch gut an den Gesichtsausdruck eines guten, frommen Freundes, als ich diesen Satz zwischen Shisha und Schwarztee hingeknallt hatte. Ein ehrlicher Satz inmitten eines fruchtbaren Gespr\u00e4chs \u00fcber S\u00fcnde und\u2026","rel":"","context":"In &quot;S\u00fcnde&quot;","img":{"alt_text":"","src":"","width":0,"height":0},"classes":[]},{"id":1733,"url":"https:\/\/freitagsworte.de\/index.php\/2021\/09\/24\/woran-glauben-wir\/","url_meta":{"origin":380,"position":4},"title":"Woran glauben wir?","date":"24. September 2021","format":false,"excerpt":"In unseren muslimischen Gemeinschaften gibt es eine Redewendung, ein Zitat, welches h\u00e4ufig verwendet wird, wenn man aus einer vermeintlich sehr frommen, sehr religi\u00f6sen Haltung heraus andere ermahnen will: \u201eWer nicht danach lebt, was er glaubt, wird anfangen, so zu glauben, wie er lebt.\u201c Das hei\u00dft, eine vermeintlich nach au\u00dfen hin\u2026","rel":"","context":"\u00c4hnlicher Beitrag","img":{"alt_text":"","src":"","width":0,"height":0},"classes":[]},{"id":691,"url":"https:\/\/freitagsworte.de\/index.php\/2018\/07\/20\/das-anvertraute\/","url_meta":{"origin":380,"position":5},"title":"Das Anvertraute","date":"20. Juli 2018","format":false,"excerpt":"\u201eWir haben das Anvertraute den Himmeln und der Erde und den Bergen angeboten, aber sie weigerten sich, es zu tragen, sie scheuten sich davor. Der Mensch trug es \u2013 gewi\u00df, er ist sehr oft ungerecht und sehr oft t\u00f6richt\u201c (al-Ahzab\/33:72)","rel":"","context":"In &quot;Aufrichtigkeit&quot;","img":{"alt_text":"","src":"","width":0,"height":0},"classes":[]}],"_links":{"self":[{"href":"https:\/\/freitagsworte.de\/index.php\/wp-json\/wp\/v2\/posts\/380"}],"collection":[{"href":"https:\/\/freitagsworte.de\/index.php\/wp-json\/wp\/v2\/posts"}],"about":[{"href":"https:\/\/freitagsworte.de\/index.php\/wp-json\/wp\/v2\/types\/post"}],"author":[{"embeddable":true,"href":"https:\/\/freitagsworte.de\/index.php\/wp-json\/wp\/v2\/users\/6"}],"replies":[{"embeddable":true,"href":"https:\/\/freitagsworte.de\/index.php\/wp-json\/wp\/v2\/comments?post=380"}],"version-history":[{"count":9,"href":"https:\/\/freitagsworte.de\/index.php\/wp-json\/wp\/v2\/posts\/380\/revisions"}],"predecessor-version":[{"id":392,"href":"https:\/\/freitagsworte.de\/index.php\/wp-json\/wp\/v2\/posts\/380\/revisions\/392"}],"wp:attachment":[{"href":"https:\/\/freitagsworte.de\/index.php\/wp-json\/wp\/v2\/media?parent=380"}],"wp:term":[{"taxonomy":"category","embeddable":true,"href":"https:\/\/freitagsworte.de\/index.php\/wp-json\/wp\/v2\/categories?post=380"},{"taxonomy":"post_tag","embeddable":true,"href":"https:\/\/freitagsworte.de\/index.php\/wp-json\/wp\/v2\/tags?post=380"}],"curies":[{"name":"wp","href":"https:\/\/api.w.org\/{rel}","templated":true}]}}