{"id":1715,"date":"2021-08-20T07:30:00","date_gmt":"2021-08-20T05:30:00","guid":{"rendered":"https:\/\/freitagsworte.de\/?p=1715"},"modified":"2021-08-20T07:21:15","modified_gmt":"2021-08-20T05:21:15","slug":"das-hat-nichts-mit-afghanistan-zu-tun","status":"publish","type":"post","link":"https:\/\/freitagsworte.de\/index.php\/2021\/08\/20\/das-hat-nichts-mit-afghanistan-zu-tun\/","title":{"rendered":"Das hat nichts mit Afghanistan zu tun!"},"content":{"rendered":"\n<p>Das hat nichts mit dem Islam zu tun! Wie oft haben wir diesen Satz bereits geh\u00f6rt? Als erste Reaktion muslimischer Vertreter auf Extremismus und Gewalt im Namen des Islam.<\/p>\n\n\n\n<p>Gleichg\u00fcltig, wie laut Terroristen sich vor, w\u00e4hrend und nach ihren Taten auf den Islam berufen \u2013 die muslimischen Vertreter waren und sind schnell zur Stelle, um deutlich zu machen: Die T\u00e4ter sind gar keine richtigen Muslime. All das religi\u00f6se Lametta um die Mordtaten herum dient einzig dem Zweck, etwas als islamisch zu behaupten, was in Wirklichkeit nichts mit dem Islam zu tun hat.<\/p>\n\n\n\n<!--more-->\n\n\n\n<p>Vor dem Hintergrund dieser Erfahrung h\u00e4tte man eigentlich erwarten d\u00fcrfen, dass in schneller Folge Erkl\u00e4rungen aus den Verbandszentralen der muslimischen Dachverb\u00e4nde zu der Entwicklung in Afghanistan ver\u00f6ffentlicht werden. Niemand w\u00e4re \u00fcberrascht gewesen, h\u00e4tten die muslimischen Verbandsvertreter sich aufs Sch\u00e4rfste von den Taliban distanziert und sich gleichzeitig dar\u00fcber beschwert, warum von ihnen immer wieder Distanzierungen erwartet werden. Denn schlie\u00dflich ist es doch offenkundig, dass Gewalt und Terror keinen Platz im Islam haben.<\/p>\n\n\n\n<p>Nichts davon ist geschehen. Keiner der vielen muslimischen Verb\u00e4nde und Organisationen haben sich \u00f6ffentlich zu der Situation in Afghanistan ge\u00e4u\u00dfert. W\u00e4hrend kirchliche Institutionen die Bundesregierung dazu auffordern, unb\u00fcrokratisch m\u00f6glichst vielen verfolgten Menschen aus Afghanistan zu helfen und sie in Deutschland aufzunehmen, herrscht bei den muslimischen Dachverb\u00e4nden breites Schweigen.<\/p>\n\n\n\n<p>F\u00e4llt es den muslimischen Verb\u00e4nden schwer, Hilfe f\u00fcr Muslime zu fordern, die vor Muslimen und dem, was diese eine fromme islamische Herrschaft nennen, verzweifelt fliehen? Ist es Scham, Betroffenheit, Entsetzen, Entt\u00e4uschung oder einfach nur Ratlosigkeit? Ist es der Schock, der sich einstellt, wenn man sich eingestehen muss, dass das, was in Afghanistan geschieht und das, was die Taliban einfordern, alles doch etwas mit dem Islam zu tun hat?<\/p>\n\n\n\n<p>Es ist zu bef\u00fcrchten, dass dem Schweigen etwas anderes zu Grunde liegt. N\u00e4mlich eine hohe Bereitschaft zur Solidarisierung mit den Taliban und zur Idealisierung ihrer vermeintlich religi\u00f6sen Motive. Die Taliban haben das umgesetzt, was vielen Muslimen, darunter nicht wenigen Verbandsvertretern, als Ideal einer gesellschaftlichen Entwicklung gilt. N\u00e4mlich die uneingeschr\u00e4nkte Durchsetzung des eigenen, konkurrenzlosen politischen Machtanspruchs. Die Taliban haben zun\u00e4chst die gottlosen Sowjets aus dem Land gejagt und nun gelingt es ihnen auch mit den imperialistischen Amerikanern und allen sonstigen M\u00e4chten des s\u00e4kularen Westens. Sie haben nun endlich die Gelegenheit, ein ganzes Land ungest\u00f6rt nach ihren Vorstellungen eines islamkonformen Lebens zu formen. So denken viele Muslime.<\/p>\n\n\n\n<p>Vor diesem Hintergrund haben die Verbandsvertreter entweder keinen inneren Impuls, der Herrschaft der Taliban und ihren Methoden zu widersprechen, oder sie sehen keine M\u00f6glichkeit, dies zu tun, ohne den Aufschrei und Widerstand der eigenen Gemeindebasis zu provozieren.<\/p>\n\n\n\n<p>Gerade im Hinblick auf die gro\u00dfen t\u00fcrkeist\u00e4mmigen Verb\u00e4nde ist festzustellen: Ihr Islamverst\u00e4ndnis folgt der gleichen hanafitisch-maturidischen Tradition und damit genau dem theologischen Ger\u00fcst, nach dem die Taliban ihr Religionsverst\u00e4ndnis definieren. All die Makel, all die \u201eSch\u00f6nheitsfehler\u201c, all die Entgleisungen, die jeder religi\u00f6s definierte Anspruch auf Staatsf\u00fchrung und politische Herrschaft mit sich bringt, werden nicht nur hingenommen, sondern ausdr\u00fccklich gebilligt \u2013 selbst dann noch, wenn sie das Ausma\u00df von Menschenrechtsverletzungen, Unterdr\u00fcckung und Entrechtung annehmen. Denn all das dient letztlich ja einem vermeintlich heiligen Zweck.<\/p>\n\n\n\n<p>Und hier liegt auch das Grundproblem eines religi\u00f6sen Herrschaftsanspruchs: Er f\u00fchrt dazu, dass zum Zweck des Machterhalts nur noch das eigene Religionsverst\u00e4ndnis zum Ma\u00dfstab von Richtig und Falsch wird und nicht mehr das Gewissen und eine f\u00fcr alle geltende nichtreligi\u00f6se Rechtsordnung. Es gibt wohl auch deshalb weltweit kein einziges Land, keine Gesellschaft, in der ein religi\u00f6ser Herrschaftsanspruch Gl\u00fcck, Gerechtigkeit und Segen f\u00fcr die Menschen gebracht h\u00e4tte.<\/p>\n\n\n\n<p>Dort, wo das Gewissen, das nat\u00fcrliche Gef\u00fchl f\u00fcr Gerechtigkeit durch ein willk\u00fcrliches und selbsts\u00fcchtiges Verst\u00e4ndnis von Religion \u00fcberlagert wird, kommt es unweigerlich zu Ausgrenzung und Gewalt gegen jeden und alles, was von den vorgegebenen religi\u00f6sen Normen abweicht oder sich diesen Normen nicht unterwerfen will.<\/p>\n\n\n\n<p>Auf diesem gedanklichen Boden keimen Frauenverachtung, die Ablehnung s\u00e4kularer Lebensentw\u00fcrfe, Homophobie, ein pragmatisches Verh\u00e4ltnis zur Wahrheit, die Sexualisierung von Moral, die Akzeptanz von Korruption und Gier, der F\u00fchrerkult und der Wunsch, Respekt durch Angst zu erzwingen.<\/p>\n\n\n\n<p>Nat\u00fcrlich h\u00f6ren wir nichts zu diesen Problemen. Denn diese Probleme haben im Grunde nichts mit Afghanistan zu tun. Sie beschreiben nicht ausschlie\u00dflich Kabuler Zust\u00e4nde. Das kollektive Schweigen zeigt deutlich: Es sind auch die Probleme von muslimischen Organisationen, die den Anspruch erheben, deutsche Religionsgemeinschaften zu sein. Das ist unser Problem hier in Deutschland.<\/p>\n","protected":false},"excerpt":{"rendered":"<p>Das hat nichts mit dem Islam zu tun! Wie oft haben wir diesen Satz bereits geh\u00f6rt? Als erste Reaktion muslimischer Vertreter auf Extremismus und Gewalt im Namen des Islam. Gleichg\u00fcltig, wie laut Terroristen sich vor, w\u00e4hrend und nach ihren Taten auf den Islam berufen \u2013 die muslimischen Vertreter waren und sind schnell zur Stelle, um&hellip; <\/p>\n<p class=\"simppeli-read-more\"><a href=\"https:\/\/freitagsworte.de\/index.php\/2021\/08\/20\/das-hat-nichts-mit-afghanistan-zu-tun\/\" class=\"more-link\">Weiterlesen <span class=\"screen-reader-text\">Das hat nichts mit Afghanistan zu tun!<\/span> <span class=\"meta-nav\">&rarr;<\/span><\/a><\/p>\n","protected":false},"author":3,"featured_media":0,"comment_status":"closed","ping_status":"closed","sticky":false,"template":"","format":"standard","meta":{"spay_email":"","jetpack_publicize_message":"","jetpack_is_tweetstorm":false,"jetpack_publicize_feature_enabled":true},"categories":[1],"tags":[],"jetpack_publicize_connections":[],"jetpack_featured_media_url":"","jetpack_sharing_enabled":true,"jetpack_shortlink":"https:\/\/wp.me\/p8tv7g-rF","jetpack-related-posts":[{"id":376,"url":"https:\/\/freitagsworte.de\/index.php\/2017\/10\/13\/und-geheiligt-sei-nicht-die-nation\/","url_meta":{"origin":1715,"position":0},"title":"Und geheiligt sei nicht die Nation","date":"13. Oktober 2017","format":false,"excerpt":"Kann man dann \u00fcberhaupt hier in Deutschland Muslim sein? Kann es den Islam ohne eine nationale Einf\u00e4rbung geben? Gibt es den Islam immer nur in Kombination mit einem nationalistischen Bewusstsein, mit einem \u00fcbersteigerten Bewusstsein vom Wert und der Bedeutung der Nation?","rel":"","context":"In &quot;Ideologie&quot;","img":{"alt_text":"","src":"","width":0,"height":0},"classes":[]},{"id":1761,"url":"https:\/\/freitagsworte.de\/index.php\/2021\/11\/05\/und-geheiligt-sei-nicht-die-nation-2\/","url_meta":{"origin":1715,"position":1},"title":"Und geheiligt sei nicht die Nation","date":"5. November 2021","format":false,"excerpt":"Muslime mit einem Migrationshintergrund aus L\u00e4ndern mit mehrheitlich muslimischer Bev\u00f6lkerung sind diesem Ph\u00e4nomen sicherlich schon begegnet. Ein religi\u00f6s unterlegter Nationalismus, der das Islamverst\u00e4ndnis in den L\u00e4ndern eng umschlungen hat. Der Islam scheint gem\u00e4\u00df dem nationalistischen Verst\u00e4ndnis ohne Nation nicht zu funktionieren, das Dasein als authentischer Muslim nur in einer t\u00fcrkischen,\u2026","rel":"","context":"\u00c4hnlicher Beitrag","img":{"alt_text":"","src":"","width":0,"height":0},"classes":[]},{"id":1771,"url":"https:\/\/freitagsworte.de\/index.php\/2021\/11\/26\/meinungsvielfalt-nur-wenn-es-uns-passt-3\/","url_meta":{"origin":1715,"position":2},"title":"Meinungsvielfalt nur wenn es uns passt?","date":"26. November 2021","format":false,"excerpt":"Die nicht enden wollenden Debatten \u00fcber die islamische Glaubenspraxis und Muslime geht nicht spurlos an uns Muslimen vorbei. Wie sollte dies auch, denn nat\u00fcrlich ber\u00fchrt uns Muslime die Infragestellung unserer Glaubensgrundlagen. Im sogenannten Islamdiskurs haben wir es nicht selten mit Panikmachern zu tun, die unsere Glaubenspraxis und Glaubensinhalte als feindliche\u2026","rel":"","context":"\u00c4hnlicher Beitrag","img":{"alt_text":"","src":"","width":0,"height":0},"classes":[]},{"id":1044,"url":"https:\/\/freitagsworte.de\/index.php\/2019\/04\/12\/meinungsvielfalt-nur-wenn-es-uns-passt\/","url_meta":{"origin":1715,"position":3},"title":"Meinungsvielfalt nur wenn es uns passt?","date":"12. April 2019","format":false,"excerpt":"Die nicht enden wollenden Debatten \u00fcber die islamische Glaubenspraxis und Muslime geht nicht spurlos an uns Muslimen vorbei. Wie sollte dies auch, denn nat\u00fcrlich ber\u00fchrt uns Muslime die Infragestellung unserer Glaubensgrundlagen. Im sogenannten Islamdiskurs haben wir es nicht selten mit Panikmachern zu tun, die unsere Glaubenspraxis und Glaubensinhalte als feindliche\u2026","rel":"","context":"In &quot;Vielfalt&quot;","img":{"alt_text":"","src":"","width":0,"height":0},"classes":[]},{"id":1278,"url":"https:\/\/freitagsworte.de\/index.php\/2020\/02\/07\/meinungsvielfalt-nur-wenn-es-uns-passt-2\/","url_meta":{"origin":1715,"position":4},"title":"Meinungsvielfalt nur wenn es uns passt?","date":"7. Februar 2020","format":false,"excerpt":"Die nicht enden wollenden Debatten \u00fcber die islamische Glaubenspraxis und Muslime geht nicht spurlos an uns Muslimen vorbei. Wie sollte dies auch, denn nat\u00fcrlich ber\u00fchrt uns Muslime die Infragestellung unserer Glaubensgrundlagen. Im sogenannten Islamdiskurs haben wir es nicht selten mit Panikmachern zu tun, die unsere Glaubenspraxis und Glaubensinhalte als feindliche\u2026","rel":"","context":"\u00c4hnlicher Beitrag","img":{"alt_text":"","src":"","width":0,"height":0},"classes":[]},{"id":522,"url":"https:\/\/freitagsworte.de\/index.php\/2018\/02\/09\/eine-andere-form-der-islamisierung\/","url_meta":{"origin":1715,"position":5},"title":"Eine andere Form der &#8216;Islamisierung&#8217;","date":"9. Februar 2018","format":false,"excerpt":"Wir Muslime leiden manchmal unter einem Komplex, alles M\u00f6gliche unbedingt \u201aislamisieren\u2018 zu m\u00fcssen. Manchmal betrifft diese Haltung relativ banale Dinge, nicht selten aber auch Bereiche, die weitreichendere Folgen haben. Es ist aber insgesamt ein Anzeichen f\u00fcr eine Haltung, die wir als Muslime problematisieren m\u00fcssen. Es ist eine Geisteshaltung, mit der\u2026","rel":"","context":"In &quot;Ideologie&quot;","img":{"alt_text":"","src":"","width":0,"height":0},"classes":[]}],"_links":{"self":[{"href":"https:\/\/freitagsworte.de\/index.php\/wp-json\/wp\/v2\/posts\/1715"}],"collection":[{"href":"https:\/\/freitagsworte.de\/index.php\/wp-json\/wp\/v2\/posts"}],"about":[{"href":"https:\/\/freitagsworte.de\/index.php\/wp-json\/wp\/v2\/types\/post"}],"author":[{"embeddable":true,"href":"https:\/\/freitagsworte.de\/index.php\/wp-json\/wp\/v2\/users\/3"}],"replies":[{"embeddable":true,"href":"https:\/\/freitagsworte.de\/index.php\/wp-json\/wp\/v2\/comments?post=1715"}],"version-history":[{"count":3,"href":"https:\/\/freitagsworte.de\/index.php\/wp-json\/wp\/v2\/posts\/1715\/revisions"}],"predecessor-version":[{"id":1719,"href":"https:\/\/freitagsworte.de\/index.php\/wp-json\/wp\/v2\/posts\/1715\/revisions\/1719"}],"wp:attachment":[{"href":"https:\/\/freitagsworte.de\/index.php\/wp-json\/wp\/v2\/media?parent=1715"}],"wp:term":[{"taxonomy":"category","embeddable":true,"href":"https:\/\/freitagsworte.de\/index.php\/wp-json\/wp\/v2\/categories?post=1715"},{"taxonomy":"post_tag","embeddable":true,"href":"https:\/\/freitagsworte.de\/index.php\/wp-json\/wp\/v2\/tags?post=1715"}],"curies":[{"name":"wp","href":"https:\/\/api.w.org\/{rel}","templated":true}]}}