{"id":1705,"date":"2021-07-30T08:11:00","date_gmt":"2021-07-30T06:11:00","guid":{"rendered":"https:\/\/freitagsworte.de\/?p=1705"},"modified":"2021-07-29T23:12:25","modified_gmt":"2021-07-29T21:12:25","slug":"die-gebildete-unwissenheit-2","status":"publish","type":"post","link":"https:\/\/freitagsworte.de\/index.php\/2021\/07\/30\/die-gebildete-unwissenheit-2\/","title":{"rendered":"Die gebildete Unwissenheit"},"content":{"rendered":"\n<p>Wir leben in einer Zeit, in der jeder von uns mit einem Smartphone von fast \u00fcberall Zugang hat zu einer F\u00fclle von Informationen, deren F\u00fclle man sich kaum vorstellen kann. In vielen allt\u00e4glichen Dingen bringt dies eine gewisse Erleichterung mit sich. Aber sehr schnell f\u00fchrt es bei uns Menschen auch zu einer Illusion, indem der Unterschied zwischen blo\u00dfer Information und fundiertem Wissen immer unkenntlicher wird. Das betrifft ganz unterschiedliche Lebensbereiche. Besonders auff\u00e4llig sind die Auswirkungen bei der Verbreitung von Fake News, indem ganz unterschiedliche politische Akteure die \u00dcberflutung des einzelnen Menschen mit Informationen f\u00fcr sich nutzbar machen. Sie streuen gezielt Nachrichten zur Desinformation und Manipulation, welche die Emotionen und \u00c4ngste der Menschen bedienen, und sie somit f\u00fcr eine politische Ideologie empf\u00e4nglich machen.<\/p>\n\n\n\n<!--more-->\n\n\n\n<p>Aber auch wir Muslime k\u00f6nnen uns diesen Herausforderungen der Technik nicht entziehen. Insbesondere viele junge Muslime, die im Elternhaus vielleicht nicht gen\u00fcgend Wissen \u00fcber ihren Glauben vermittelt bekommen, suchen im Internet nach vermeintlich authentischem Wissen \u00fcber ihren Glauben. Die Angebote sind sehr vielf\u00e4ltig, und f\u00fcr die meisten Jugendlichen ist es nicht einfach festzustellen, wie vertrauensw\u00fcrdig und seri\u00f6s die Quellen sind. Oft erzeugt diese Abrufbarkeit von Informationen \u00fcber das Internet bei diesen Jugendlichen das Gef\u00fchl, dass sie sich wirkliches Wissen angeeignet haben. Und manche entwickeln sich im Laufe der Zeit zu selbsternannten Predigern, die dann gerne im Freundes- und Bekanntenkreis ganz locker dar\u00fcber entscheiden, was halal und haram ist.<\/p>\n\n\n\n<p>Jenseits der Vorteile, die das Internet mit sich bringt, beinhaltet diese Form der Informationsaneignung insbesondere im Bereich der islamischen Wissenschaften eine nicht zu untersch\u00e4tzende Gefahr. Die erste Gefahr ist der fehlende Respekt und die Demut vor dem Wissen und die gleichzeitige illusion\u00e4re Gleichsetzung von blo\u00dfer Information mit wirklichem Wissen. Gerade die Gelehrten in der islamischen Tradition sind ein gutes Beispiel daf\u00fcr, wie zur\u00fcckhaltend und dem\u00fctig man vor dem Wissen und vor allem vor einem Urteil \u00fcber Fragen des Glaubens gewesen ist. \u00dcber Imam Malik wird etwa berichtet, dass einmal ein Mann zu ihm kam und ihm 48 Fragen zu unterschiedlichen Lebensbereichen gestellt hat. Zu 32 Fragen antwortete er mit den Worten: \u201eIch wei\u00df es nicht.\u201c In unserer Zeit w\u00fcrde dagegen jeder Selfmade-Prediger alle Fragen beantworten und das ohne einem Hauch von Zweifel, geblendet von seiner gebildeten Unwissenheit.<\/p>\n\n\n\n<p>Wissen ist ein kostbares Gut. Daher ist neben der Aneignung des Wissens, nicht der blo\u00dfen Information, auch der Umgang mit dem Wissen von zentraler Bedeutung. Wer ohne den n\u00f6tigen Respekt und die Demut vor dem Wissen handelt, wird seiner Verantwortung nicht gerecht.&nbsp;<em>Shaykh Google<\/em>&nbsp;ist daher nicht die Quelle f\u00fcr Wissen. Nur m\u00fcssen wir uns Muslime in Deutschland auch die Frage stellen, warum wir diese jungen Muslimen nicht mit sinnvollen Alternativen erreichen k\u00f6nnen.<\/p>\n","protected":false},"excerpt":{"rendered":"<p>Wir leben in einer Zeit, in der jeder von uns mit einem Smartphone von fast \u00fcberall Zugang hat zu einer F\u00fclle von Informationen, deren F\u00fclle man sich kaum vorstellen kann. In vielen allt\u00e4glichen Dingen bringt dies eine gewisse Erleichterung mit sich. Aber sehr schnell f\u00fchrt es bei uns Menschen auch zu einer Illusion, indem der&hellip; <\/p>\n<p class=\"simppeli-read-more\"><a href=\"https:\/\/freitagsworte.de\/index.php\/2021\/07\/30\/die-gebildete-unwissenheit-2\/\" class=\"more-link\">Weiterlesen <span class=\"screen-reader-text\">Die gebildete Unwissenheit<\/span> <span class=\"meta-nav\">&rarr;<\/span><\/a><\/p>\n","protected":false},"author":2,"featured_media":0,"comment_status":"closed","ping_status":"closed","sticky":false,"template":"","format":"standard","meta":{"spay_email":"","jetpack_publicize_message":"","jetpack_is_tweetstorm":false,"jetpack_publicize_feature_enabled":true},"categories":[1],"tags":[],"jetpack_publicize_connections":[],"jetpack_featured_media_url":"","jetpack_sharing_enabled":true,"jetpack_shortlink":"https:\/\/wp.me\/p8tv7g-rv","jetpack-related-posts":[{"id":578,"url":"https:\/\/freitagsworte.de\/index.php\/2018\/04\/06\/die-gebildete-unwissenheit\/","url_meta":{"origin":1705,"position":0},"title":"Die gebildete Unwissenheit","date":"6. April 2018","format":false,"excerpt":"Wir leben in einer Zeit, in der jeder von uns mit einem Smartphone von fast \u00fcberall Zugang hat zu einer F\u00fclle von Informationen, deren F\u00fclle man sich kaum vorstellen kann. In vielen allt\u00e4glichen Dingen bringt dies eine gewisse Erleichterung mit sich. Aber sehr schnell f\u00fchrt es bei uns Menschen auch\u2026","rel":"","context":"In &quot;Wissen&quot;","img":{"alt_text":"","src":"","width":0,"height":0},"classes":[]},{"id":571,"url":"https:\/\/freitagsworte.de\/index.php\/2018\/03\/30\/von-osterhasen-traditionshasen-und-angsthasen\/","url_meta":{"origin":1705,"position":1},"title":"Von Osterhasen, Traditionshasen und Angsthasen","date":"30. M\u00e4rz 2018","format":false,"excerpt":"Heute ist Karfreitag. F\u00fcr unsere christlichen Mitb\u00fcrger ist dies ein Tag gro\u00dfer Trauer und des stillen Gedenkens. Ab Sonntag begehen sie voller Freude und Hoffnung das Osterfest \u2013 die im Bedeutungszusammenhang ihrer Religion betrachtet bedeutsamsten und h\u00f6chsten Feiertage. Anl\u00e4sslich solcher Feiertage entspinnt sich immer h\u00e4ufiger auch eine Debatte dar\u00fcber, wie\u2026","rel":"","context":"In &quot;Gemeinschaft&quot;","img":{"alt_text":"","src":"","width":0,"height":0},"classes":[]},{"id":1409,"url":"https:\/\/freitagsworte.de\/index.php\/2020\/07\/10\/der-atem-und-der-duft-der-rose\/","url_meta":{"origin":1705,"position":2},"title":"Der Atem und der Duft der Rose","date":"10. Juli 2020","format":false,"excerpt":"Ganz gleich, wie gewahr wir uns unserer Fehler und Neigungen sind. Wir sind Menschen. Wir sind fehlbar und es ist sogar so, dass wir zuweilen Gefallen an unseren Fehlern finden. Wir schauen von Zeit zu Zeit mit stiller oder gar offen zum Ausdruck gebrachter Freude in die Abgr\u00fcnde unseres Selbst.\u2026","rel":"","context":"\u00c4hnlicher Beitrag","img":{"alt_text":"","src":"","width":0,"height":0},"classes":[]},{"id":617,"url":"https:\/\/freitagsworte.de\/index.php\/2018\/05\/04\/es-gibt-nichts-gutes-ausser-man-tut-es\/","url_meta":{"origin":1705,"position":3},"title":"Es gibt nichts Gutes, au\u00dfer man tut es","date":"4. Mai 2018","format":false,"excerpt":"St\u00e4ndig sind wir konfrontiert mit medialen und politischen Debatten \u00fcber uns Muslime. Gesellschaftliche Debatten \u2013 so anstrengend sie oft auch sein m\u00f6gen \u2013 sind trotzdem wichtig. Wir als deutsche Muslime, denen die Zukunft dieser unseren Gesellschaft am Herzen liegt, m\u00fcssen auf allen Ebenen auch unserer Verantwortung gerecht werden, in dem\u2026","rel":"","context":"\u00c4hnlicher Beitrag","img":{"alt_text":"","src":"","width":0,"height":0},"classes":[]},{"id":1209,"url":"https:\/\/freitagsworte.de\/index.php\/2019\/10\/25\/nicht-von-der-negativitaet-anderer-anstecken-lassen\/","url_meta":{"origin":1705,"position":4},"title":"Nicht von der Negativit\u00e4t anderer anstecken lassen","date":"25. Oktober 2019","format":false,"excerpt":"St\u00e4ndig sind wir konfrontiert mit medialen und politischen Debatten \u00fcber uns Muslime. Gesellschaftliche Debatten \u2013 so anstrengend sie oft auch sein m\u00f6gen \u2013 sind trotzdem wichtig. Wir als deutsche Muslime, denen die Zukunft dieser unseren Gesellschaft am Herzen liegt, m\u00fcssen auf allen Ebenen auch unserer Verantwortung gerecht werden, in dem\u2026","rel":"","context":"\u00c4hnlicher Beitrag","img":{"alt_text":"","src":"","width":0,"height":0},"classes":[]},{"id":1302,"url":"https:\/\/freitagsworte.de\/index.php\/2020\/03\/13\/es-gibt-nichts-gutes-ausser-man-tut-es-2\/","url_meta":{"origin":1705,"position":5},"title":"Es gibt nichts Gutes, au\u00dfer man tut es","date":"13. M\u00e4rz 2020","format":false,"excerpt":"St\u00e4ndig sind wir konfrontiert mit medialen und politischen Debatten \u00fcber uns Muslime. Gesellschaftliche Debatten \u2013 so anstrengend sie oft auch sein m\u00f6gen \u2013 sind trotzdem wichtig. Wir als deutsche Muslime, denen die Zukunft dieser unseren Gesellschaft am Herzen liegt, m\u00fcssen auf allen Ebenen auch unserer Verantwortung gerecht werden, in dem\u2026","rel":"","context":"\u00c4hnlicher Beitrag","img":{"alt_text":"","src":"","width":0,"height":0},"classes":[]}],"_links":{"self":[{"href":"https:\/\/freitagsworte.de\/index.php\/wp-json\/wp\/v2\/posts\/1705"}],"collection":[{"href":"https:\/\/freitagsworte.de\/index.php\/wp-json\/wp\/v2\/posts"}],"about":[{"href":"https:\/\/freitagsworte.de\/index.php\/wp-json\/wp\/v2\/types\/post"}],"author":[{"embeddable":true,"href":"https:\/\/freitagsworte.de\/index.php\/wp-json\/wp\/v2\/users\/2"}],"replies":[{"embeddable":true,"href":"https:\/\/freitagsworte.de\/index.php\/wp-json\/wp\/v2\/comments?post=1705"}],"version-history":[{"count":1,"href":"https:\/\/freitagsworte.de\/index.php\/wp-json\/wp\/v2\/posts\/1705\/revisions"}],"predecessor-version":[{"id":1706,"href":"https:\/\/freitagsworte.de\/index.php\/wp-json\/wp\/v2\/posts\/1705\/revisions\/1706"}],"wp:attachment":[{"href":"https:\/\/freitagsworte.de\/index.php\/wp-json\/wp\/v2\/media?parent=1705"}],"wp:term":[{"taxonomy":"category","embeddable":true,"href":"https:\/\/freitagsworte.de\/index.php\/wp-json\/wp\/v2\/categories?post=1705"},{"taxonomy":"post_tag","embeddable":true,"href":"https:\/\/freitagsworte.de\/index.php\/wp-json\/wp\/v2\/tags?post=1705"}],"curies":[{"name":"wp","href":"https:\/\/api.w.org\/{rel}","templated":true}]}}