{"id":1696,"date":"2021-07-16T08:30:00","date_gmt":"2021-07-16T06:30:00","guid":{"rendered":"https:\/\/freitagsworte.de\/?p=1696"},"modified":"2021-07-16T01:24:30","modified_gmt":"2021-07-15T23:24:30","slug":"das-wesen-der-pruefung","status":"publish","type":"post","link":"https:\/\/freitagsworte.de\/index.php\/2021\/07\/16\/das-wesen-der-pruefung\/","title":{"rendered":"Das Wesen der Pr\u00fcfung"},"content":{"rendered":"\n<p>In diesen Tagen erleben wir eine verheerende Flutkatastrophe im Westen unseres Landes. Besonders betroffen vom Hochwasser und den zerst\u00f6rerischen Folgen des Starkregens sind unsere Nachbarn und Mitb\u00fcrger in Nordrhein-Westfalen und Rheinland-Pfalz. Wir haben Tote und Verletzte zu beklagen. Viele Menschen vermissen immer noch ihre liebsten Angeh\u00f6rigen und leiden schwer an dieser Ungewissheit. Viele haben die eigene Wohnung, ihr Haus, Hab und Gut von materiellem und ideellem Wert verloren.<\/p>\n\n\n\n<p>In diesen Stunden beten wir f\u00fcr ewigen Frieden f\u00fcr die Verstorbenen, f\u00fcr Kraft und Geduld f\u00fcr die vom Verlust betroffenen Angeh\u00f6rigen und Hinterbliebenen. Wir beten f\u00fcr den Beistand des Allm\u00e4chtigen f\u00fcr all jene, die verzweifelt sind und voller Sorgen in die Zukunft blicken. Wir beten f\u00fcr die vielen Hilfskr\u00e4fte, Feuerwehr, Polizei, \u00c4rztinnen und \u00c4rzte, f\u00fcr alle Rettungskr\u00e4fte und f\u00fcr alle, die den Bed\u00fcrftigen helfen und beistehen.<\/p>\n\n\n\n<!--more-->\n\n\n\n<p>Einmal mehr bleiben wir irritiert zur\u00fcck, wie die Kr\u00e4fte der Natur, die uns n\u00e4hren und uns Leben schenken, schlagartig mit einer unb\u00e4ndigen zerst\u00f6rerischen Kraft \u00fcber uns hereinbrechen. Was wir in Zeiten der Hitze und D\u00fcrre herbeisehen, was unsere Felder bew\u00e4ssert und unsere Nahrung wachsen l\u00e4sst, wandelt sich binnen Stunden in eine Macht, die unser Leben bedroht. Wir aber stehen machtlos vor dem Anblick, der sich als Folge solcher Naturkatstrophen bietet.<\/p>\n\n\n\n<p>In solchen Zeiten der Not und der Verzweiflung neigen wir Menschen dazu, mit unserem Sch\u00f6pfer zu hadern, gar an ihm zu zweifeln. Wie kann der Allm\u00e4chtige allbarmherzig sein, wenn er eine solche Katastrophe zul\u00e4sst? Die Allmacht unseres Sch\u00f6pfers wollen wir in solchen Situationen daran pr\u00fcfen, ob er beh\u00fctend, rettend, Zerst\u00f6rerisches verhindernd in unser Leben eingreift.<\/p>\n\n\n\n<p>Wir machen Ihn im Moment der Not verantwortlich f\u00fcr unseren Verlust. Solche Momente sind nach muslimischem Verst\u00e4ndnis Zeiten der Pr\u00fcfung. Sehr h\u00e4ufig missdeuten wir diese Pr\u00fcfung aber als k\u00f6rperliche Pr\u00fcfung der Leidensf\u00e4higkeit und des stillen Erduldens von Schmerz und Zerst\u00f6rung. Wir glauben, h\u00e4ufig genug, unsere Pr\u00fcfung bestehe darin, einfach nur auszuhalten.<\/p>\n\n\n\n<p>Damit offenbaren wir auf zwei Ebenen unsere Blindheit f\u00fcr die Botschaft unseres Glaubens. Wir verstehen uns als Gesch\u00f6pfe, die sich durch ihren freien Willen vom Rest der Sch\u00f6pfung unterscheiden. Gleichzeitig glauben wir aber, im Angesicht eines katastrophalen Naturereignisses nur instinktiv handeln zu k\u00f6nnen und dar\u00fcber hinaus der Natur nur ausgeliefert zu sein.<\/p>\n\n\n\n<p>Und wir verstehen unseren Sch\u00f6pfer als eine Instanz, die einen Teil seiner Sch\u00f6pfung, also uns, mit den Kr\u00e4ften der von ihm erschaffenen Natur peinigt oder gar straft.<\/p>\n\n\n\n<p>Wird es nicht Zeit, dass wir uns von so einem Verst\u00e4ndnis l\u00f6sen und uns fragen, worin die Pr\u00fcfung durch eine Naturkatastrophe heute tats\u00e4chlich besteht?<\/p>\n\n\n\n<p>Durch unseren Verstand sind wir in der Lage, die Kr\u00e4fte der Natur zu erkennen, ihre Wirkung abzusch\u00e4tzen, sie sogar vorherzusagen. Gleichzeitig wissen wir, dass wir durch unser Verhalten, durch unsere Lebensweise die Natur ver\u00e4ndern, in ihr Gleichgewicht eingreifen und sie teilweise unumkehrbar sch\u00e4digen \u2013 all das tun wir, um eine bestimmte Vorstellung von Wohlstand und materiellem Reichtum zu bewahren und zu mehren.<\/p>\n\n\n\n<p>Naturkatastrophen treffen uns indes nicht als Instrumente einer g\u00f6ttlichen Strafe. Sie treffen uns als Folge unseres Handelns. Sie sind die Konsequenzen unserer falschen Entscheidungen, unserer falschen Priorit\u00e4ten und des Vorrangs, den wir unseren Bed\u00fcrfnissen einr\u00e4umen. Sie sind die Antwort der Sch\u00f6pfung auf unsere Fehler, unsere Unt\u00e4tigkeit und unseren Starrsinn, an dem festzuhalten, was uns kurzfristig von Bedeutung ist.<\/p>\n\n\n\n<p>Gott pr\u00fcft uns nicht durch eine Flutkatastrophe. Er pr\u00fcft uns mit der Frage, warum wir unser Verhalten nicht \u00e4ndern, wenn doch offensichtlich ist, dass unser bisheriges Verhalten zu Tod und Zerst\u00f6rung f\u00fchrt, nur weil es stark regnet.<\/p>\n\n\n\n<p>Es ist nicht Gott, der die Natur missbraucht, pl\u00fcndert und zerst\u00f6rt. Das sind wir. Wir fl\u00fcchten vor der Verantwortung f\u00fcr unser Tun, wenn wir die katastrophalen Folgen unseres eigenen Handelns als Ausdruck g\u00f6ttlichen Handelns oder Unterlassens deuten.<\/p>\n\n\n\n<p>Nicht die Naturkatastrophe ist die Pr\u00fcfung, sondern wie wir darauf reagieren und was wir zu \u00e4ndern bereit sind, damit sie sich nicht wiederholt.<\/p>\n","protected":false},"excerpt":{"rendered":"<p>In diesen Tagen erleben wir eine verheerende Flutkatastrophe im Westen unseres Landes. Besonders betroffen vom Hochwasser und den zerst\u00f6rerischen Folgen des Starkregens sind unsere Nachbarn und Mitb\u00fcrger in Nordrhein-Westfalen und Rheinland-Pfalz. Wir haben Tote und Verletzte zu beklagen. Viele Menschen vermissen immer noch ihre liebsten Angeh\u00f6rigen und leiden schwer an dieser Ungewissheit. Viele haben die&hellip; <\/p>\n<p class=\"simppeli-read-more\"><a href=\"https:\/\/freitagsworte.de\/index.php\/2021\/07\/16\/das-wesen-der-pruefung\/\" class=\"more-link\">Weiterlesen <span class=\"screen-reader-text\">Das Wesen der Pr\u00fcfung<\/span> <span class=\"meta-nav\">&rarr;<\/span><\/a><\/p>\n","protected":false},"author":3,"featured_media":0,"comment_status":"closed","ping_status":"closed","sticky":false,"template":"","format":"standard","meta":{"spay_email":"","jetpack_publicize_message":"","jetpack_is_tweetstorm":false,"jetpack_publicize_feature_enabled":true},"categories":[1],"tags":[],"jetpack_publicize_connections":[],"jetpack_featured_media_url":"","jetpack_sharing_enabled":true,"jetpack_shortlink":"https:\/\/wp.me\/p8tv7g-rm","jetpack-related-posts":[{"id":1602,"url":"https:\/\/freitagsworte.de\/index.php\/2021\/02\/26\/welches-ziel\/","url_meta":{"origin":1696,"position":0},"title":"Welches Ziel?","date":"26. Februar 2021","format":false,"excerpt":"Wenn man von Gewalt und Unrecht betroffen ist, f\u00e4llt es schwer, geduldig zu sein.Wenn man von Verachtung und Hass betroffen ist, f\u00e4llt es schwer, vergebend zu sein.Wenn man das Gef\u00fchl hat, trotz all dieses Leids und des Unrechts \u00e4ndere sich nichts, f\u00e4llt es schwer, nicht w\u00fctend zu sein, nicht zornig\u2026","rel":"","context":"\u00c4hnlicher Beitrag","img":{"alt_text":"","src":"","width":0,"height":0},"classes":[]},{"id":1848,"url":"https:\/\/freitagsworte.de\/index.php\/2022\/03\/25\/ramadan-an-der-grenze-zu-neuen-anfaengen-2\/","url_meta":{"origin":1696,"position":1},"title":"Ramadan &#8211; An der Grenze zu neuen Anf\u00e4ngen","date":"25. M\u00e4rz 2022","format":false,"excerpt":"In der kommenden Woche beginnt der Monat Ramadan. Es ist der neunte Monat des islamischen Mondkalenders. Von Anfang April bis Anfang Mai werden wir einen Monat lang uns auf eine der f\u00fcnf S\u00e4ulen des Islam st\u00fctzen \u2013 das Fasten. Verschiedene Koranverse verweisen auf das Fasten und auf den Monat Ramadan,\u2026","rel":"","context":"\u00c4hnlicher Beitrag","img":{"alt_text":"","src":"","width":0,"height":0},"classes":[]},{"id":622,"url":"https:\/\/freitagsworte.de\/index.php\/2018\/05\/11\/ramadan-an-der-grenze-zu-neuen-anfaengen\/","url_meta":{"origin":1696,"position":2},"title":"Ramadan &#8211; An der Grenze zu neuen Anf\u00e4ngen","date":"11. Mai 2018","format":false,"excerpt":"In der kommenden Woche beginnt der Monat Ramadan. Es ist der neunte Monat des islamischen Mondkalenders. Von Mitte Mai bis Mitte Juni werden wir einen Monat lang uns auf eine der f\u00fcnf S\u00e4ulen des Islam st\u00fctzen \u2013 das Fasten. Verschiedene Koranverse verweisen auf das Fasten und auf den Monat Ramadan,\u2026","rel":"","context":"In &quot;Gebet&quot;","img":{"alt_text":"","src":"","width":0,"height":0},"classes":[]},{"id":1439,"url":"https:\/\/freitagsworte.de\/index.php\/2020\/08\/14\/das-gebet-weder-hobby-noch-last\/","url_meta":{"origin":1696,"position":3},"title":"Das Gebet \u2013 Weder Hobby noch Last","date":"14. August 2020","format":false,"excerpt":"Im Quran hei\u00dft es: \u201eTrage vor, was dir von dem Buche geoffenbart wird und verrichte das Gebet. Siehe, das Gebet bewahrt vor Schandbarem und Verbotenem. Doch das (st\u00e4ndige) Gedenken an Allah ist f\u00fcrwahr das Gr\u00f6\u00dfte. Und Allah wei\u00df, was ihr tut.\u201c [29:45] Das rituelle Gebet ist eine der f\u00fcnf S\u00e4ulen\u2026","rel":"","context":"\u00c4hnlicher Beitrag","img":{"alt_text":"","src":"","width":0,"height":0},"classes":[]},{"id":1024,"url":"https:\/\/freitagsworte.de\/index.php\/2019\/03\/15\/christchurch\/","url_meta":{"origin":1696,"position":4},"title":"#Christchurch","date":"15. M\u00e4rz 2019","format":false,"excerpt":"Zum Freitagsgebet zu gehen, das hat f\u00fcr uns etwas von Frieden und Sicherheit. Wir treten ein in diesen Raum und schauen nach vorn. H\u00f6chstens zur Suche eines guten Freundes, eines anderen freundlichen Gesichts geht der Blick zur\u00fcck zur T\u00fcr. Wir schauen nach vorn. Manche lauschen der Predigt, andere sind in\u2026","rel":"","context":"\u00c4hnlicher Beitrag","img":{"alt_text":"","src":"","width":0,"height":0},"classes":[]},{"id":1831,"url":"https:\/\/freitagsworte.de\/index.php\/2022\/03\/04\/mut-zum-frieden-3\/","url_meta":{"origin":1696,"position":5},"title":"Mut zum Frieden","date":"4. M\u00e4rz 2022","format":false,"excerpt":"Religion ist Verantwortung. Religion macht verantwortlich. Der Islam in seiner religionspraktischen Auspr\u00e4gung weist ein best\u00e4ndiges Gleichgewicht von Individualit\u00e4t und Kollektivit\u00e4t aus. Religi\u00f6se Praxis hat stets eine h\u00f6chstpers\u00f6nliche Dimension und gleichzeitig eine gemeinschaftliche Bedeutung. Wir verrichten das Ritualgebet, um uns f\u00fcnfmal am Tag in Demut und Ergebenheit vor unserem Sch\u00f6pfer zu\u2026","rel":"","context":"\u00c4hnlicher Beitrag","img":{"alt_text":"","src":"","width":0,"height":0},"classes":[]}],"_links":{"self":[{"href":"https:\/\/freitagsworte.de\/index.php\/wp-json\/wp\/v2\/posts\/1696"}],"collection":[{"href":"https:\/\/freitagsworte.de\/index.php\/wp-json\/wp\/v2\/posts"}],"about":[{"href":"https:\/\/freitagsworte.de\/index.php\/wp-json\/wp\/v2\/types\/post"}],"author":[{"embeddable":true,"href":"https:\/\/freitagsworte.de\/index.php\/wp-json\/wp\/v2\/users\/3"}],"replies":[{"embeddable":true,"href":"https:\/\/freitagsworte.de\/index.php\/wp-json\/wp\/v2\/comments?post=1696"}],"version-history":[{"count":2,"href":"https:\/\/freitagsworte.de\/index.php\/wp-json\/wp\/v2\/posts\/1696\/revisions"}],"predecessor-version":[{"id":1700,"href":"https:\/\/freitagsworte.de\/index.php\/wp-json\/wp\/v2\/posts\/1696\/revisions\/1700"}],"wp:attachment":[{"href":"https:\/\/freitagsworte.de\/index.php\/wp-json\/wp\/v2\/media?parent=1696"}],"wp:term":[{"taxonomy":"category","embeddable":true,"href":"https:\/\/freitagsworte.de\/index.php\/wp-json\/wp\/v2\/categories?post=1696"},{"taxonomy":"post_tag","embeddable":true,"href":"https:\/\/freitagsworte.de\/index.php\/wp-json\/wp\/v2\/tags?post=1696"}],"curies":[{"name":"wp","href":"https:\/\/api.w.org\/{rel}","templated":true}]}}