{"id":1691,"date":"2021-07-09T08:00:00","date_gmt":"2021-07-09T06:00:00","guid":{"rendered":"https:\/\/freitagsworte.de\/?p=1691"},"modified":"2021-07-08T23:07:16","modified_gmt":"2021-07-08T21:07:16","slug":"wer-sind-unsere-brueder-und-schwestern","status":"publish","type":"post","link":"https:\/\/freitagsworte.de\/index.php\/2021\/07\/09\/wer-sind-unsere-brueder-und-schwestern\/","title":{"rendered":"Wer sind unsere Br\u00fcder und Schwestern?"},"content":{"rendered":"\n<p>In unserer gemeinschaftlichen Sprache gibt es die Besonderheit, die durch das gleiche Glaubensbekenntnis gestiftete N\u00e4he zueinander auch in der pers\u00f6nlichen Ansprache wirksam werden zu lassen. Das innermuslimische Verst\u00e4ndnis von einer weltumspannenden Umma, einer engen Gemeinschaft aller muslimischen Menschen, wird als Ideal so sehr herbeigesehnt, dass sie bereits sprachlich schon vorweggenommen wird.<\/p>\n\n\n\n<p>Diese erstrebte, manchmal schon aufdringlich erzwungene N\u00e4he und quasi verwandtschaftliche Verbundenheit tr\u00e4gt in letzter Konsequenz dann auch sehr merkw\u00fcrdige Stilbl\u00fcten. So habe ich es schon erlebt, dass der Heiratswunsch eines muslimischen Mannes mit den Worten \u201eBruder sucht Schwester zum Heiraten\u201c beschrieben wurde.<\/p>\n\n\n\n<!--more-->\n\n\n\n<p>Dar\u00fcber kann man noch schmunzeln. Weniger erheiternd sind die tats\u00e4chlichen Zust\u00e4nde innerhalb unserer muslimischen Gemeinschaften, in denen das Miteinander h\u00e4ufig genug nicht dem Ideal einer f\u00fcrsorglichen famili\u00e4ren N\u00e4he folgt.<\/p>\n\n\n\n<p>So wie das Verst\u00e4ndnis von Fr\u00f6mmigkeit und Glaubensfestigkeit sich immer mehr blo\u00df an \u00c4u\u00dferlichkeiten, an Erscheinungsmerkmalen und religionspraktischen Ritualen orientiert, geht es auch im Bereich der zwischenmenschlichen N\u00e4he immer weniger um Authentizit\u00e4t und immer h\u00e4ufiger um die Oberfl\u00e4che des Seins.<\/p>\n\n\n\n<p>Gerade mit Blick auf mehrheitlich muslimisch gepr\u00e4gte Gesellschaften f\u00e4llt auf, dass zum Beispiel in der T\u00fcrkei die Gruppe der jungen Menschen mit atheistischen oder agnostischen Welt- und Glaubensanschauungen immer gr\u00f6\u00dfer wird. Sie erleben unter einem Regime, das sich ausdr\u00fccklich religi\u00f6s definiert und seine religi\u00f6se Pr\u00e4gung geradezu zur Schau stellt, ein bisher ungekanntes Ausma\u00df an staatlicher Willk\u00fcr, Nepotismus, Korruption, Oligarchie, Freiheitseinschr\u00e4nkungen und den Zerfall einer unabh\u00e4ngigen Justiz und damit des Rechtsstaates insgesamt.<\/p>\n\n\n\n<p>Wenn das der Charakter einer religi\u00f6s sensiblen, ausdr\u00fccklich muslimischen Regierung ist, will man dann als junger muslimischer Mensch \u00fcberhaupt noch muslimisch sein?<\/p>\n\n\n\n<p>Dieses Ph\u00e4nomen erkennen wir auch bei dem Blick auf den h\u00e4ufigsten m\u00e4nnlichen Namen innerhalb muslimischer Gemeinschaften \u2013 Mohammed. Vom Wunsch getragen, der Knabe m\u00f6ge dem prophetischen Vorbild folgend zum anst\u00e4ndigen und tugendhaften Mann heranwachsen, sto\u00dfen wir gef\u00fchlt nahezu bei jedem dritten Muslim auf einen Mohammed. Nur, dass diese eben auch verwerfliche, unmoralische Dinge tun k\u00f6nnen, so dass nicht selten ein Mohammed wegen Diebstahls, K\u00f6rperverletzung oder noch weitaus Schlimmerem vor Gericht steht.<\/p>\n\n\n\n<p>Es kommt also nicht darauf an, woran jemand glaubt oder nicht glaubt. Es kommt nicht darauf an, wie jemand erscheint. Es kommt immer nur darauf an, wof\u00fcr sich jemand einsetzt, worauf sein Tun gerichtet ist.<\/p>\n\n\n\n<p>Man kann Schulter an Schulter beim Gebet stehen und doch an etwas v\u00f6llig anderes glauben, v\u00f6llig andere Dinge f\u00fcr richtig oder falsch halten.<\/p>\n\n\n\n<p>Zum Bruder oder zur Schwester im Glauben wird man nicht durch das gleiche Bekenntnis, sondern vielmehr durch die gleiche Absicht und das gleiche Ziel des Handelns.<\/p>\n","protected":false},"excerpt":{"rendered":"<p>In unserer gemeinschaftlichen Sprache gibt es die Besonderheit, die durch das gleiche Glaubensbekenntnis gestiftete N\u00e4he zueinander auch in der pers\u00f6nlichen Ansprache wirksam werden zu lassen. Das innermuslimische Verst\u00e4ndnis von einer weltumspannenden Umma, einer engen Gemeinschaft aller muslimischen Menschen, wird als Ideal so sehr herbeigesehnt, dass sie bereits sprachlich schon vorweggenommen wird. Diese erstrebte, manchmal schon&hellip; <\/p>\n<p class=\"simppeli-read-more\"><a href=\"https:\/\/freitagsworte.de\/index.php\/2021\/07\/09\/wer-sind-unsere-brueder-und-schwestern\/\" class=\"more-link\">Weiterlesen <span class=\"screen-reader-text\">Wer sind unsere Br\u00fcder und Schwestern?<\/span> <span class=\"meta-nav\">&rarr;<\/span><\/a><\/p>\n","protected":false},"author":3,"featured_media":0,"comment_status":"closed","ping_status":"closed","sticky":false,"template":"","format":"standard","meta":{"spay_email":"","jetpack_publicize_message":"","jetpack_is_tweetstorm":false,"jetpack_publicize_feature_enabled":true},"categories":[1],"tags":[],"jetpack_publicize_connections":[],"jetpack_featured_media_url":"","jetpack_sharing_enabled":true,"jetpack_shortlink":"https:\/\/wp.me\/p8tv7g-rh","jetpack-related-posts":[{"id":70,"url":"https:\/\/freitagsworte.de\/index.php\/2017\/03\/31\/anerkennung-unter-muslimen\/","url_meta":{"origin":1691,"position":0},"title":"Anerkennung unter Muslimen","date":"31. M\u00e4rz 2017","format":false,"excerpt":"Wir beschw\u00f6ren und fordern immer wieder die Einheit unter uns Muslimen, unterstreichen bei jeder Gelegenheit die Br\u00fcderlichkeit bis hin zum \u2013 manchmal \u2013 inflation\u00e4ren Gebrauch des Wortes \u201eAkhi\u201c oder \u201eBruder\u201c bzw. \u201eSchwester\u201c.","rel":"","context":"In &quot;Gemeinschaft&quot;","img":{"alt_text":"","src":"","width":0,"height":0},"classes":[]},{"id":1198,"url":"https:\/\/freitagsworte.de\/index.php\/2019\/10\/11\/nach-halle-schaue-nach-vorn-meine-schwester-mein-bruder\/","url_meta":{"origin":1691,"position":1},"title":"Nach Halle: Schaue nach vorn, meine Schwester, mein Bruder","date":"11. Oktober 2019","format":false,"excerpt":"\u201cWenn ihr nicht glaubt, kommt ihr nicht ins Paradies und ihr glaubt nicht, solange ihr euch nicht gegenseitig liebt\u201d, lautet ein Ausspruch, ein Hadis des Propheten. Es ist ein Aufruf zu mehr Empathie und Zuneigung unter den Gl\u00e4ubigen. Ein Aufruf der in der Forderung nach N\u00e4chstenliebe soweit geht, die Existenz\u2026","rel":"","context":"In &quot;Trauer&quot;","img":{"alt_text":"","src":"","width":0,"height":0},"classes":[]},{"id":792,"url":"https:\/\/freitagsworte.de\/index.php\/2018\/10\/26\/der-instagram-glaube-der-selfie-muslime\/","url_meta":{"origin":1691,"position":2},"title":"Der Glaube im Instagram-Zeitalter","date":"26. Oktober 2018","format":false,"excerpt":"Hinter dem auf diese Weise ge\u00e4u\u00dferten \u201eguten Willen\u201c steckt in Wahrheit manchmal nichts anderes als reine Geh\u00e4ssigkeit. Als Muslime sind wir dazu angehalten, zun\u00e4chst Gutes, und immer nur Gutes von unseren Mitmenschen zu denken. Denn wer nicht Allahs Gesch\u00f6pfe liebt, der liebt auch nicht Allah.","rel":"","context":"In &quot;Aufrichtigkeit&quot;","img":{"alt_text":"","src":"","width":0,"height":0},"classes":[]},{"id":836,"url":"https:\/\/freitagsworte.de\/index.php\/2018\/11\/16\/die-kultur-des-sprechens\/","url_meta":{"origin":1691,"position":3},"title":"Die Kultur des Sprechens","date":"16. November 2018","format":false,"excerpt":"Folglich mein Aufruf: Lasst uns sachlich kommunizieren auf Augenh\u00f6he und von Angesicht zu Angesicht - wenn m\u00f6glich nicht \u00fcber Social Media. Dabei werden wir manchmal \u00fcber unseren Schatten springen m\u00fcssen: Aber es lohnt sich, bestimmt!","rel":"","context":"In &quot;Aufrichtigkeit&quot;","img":{"alt_text":"","src":"","width":0,"height":0},"classes":[]},{"id":180,"url":"https:\/\/freitagsworte.de\/index.php\/2017\/05\/19\/brueder-im-tin\/","url_meta":{"origin":1691,"position":4},"title":"Br\u00fcder im Tin","date":"19. Mai 2017","format":false,"excerpt":"Aber zus\u00e4tzlich zur Br\u00fcderlichkeit im Din gibt es nach Imam Nawawi auch die \u201eBr\u00fcderlichkeit im Tin\u201c. \"Tin\" steht f\u00fcr Lehm oder Erde. Mit der \"Br\u00fcderlichkeit im Tin\" verweist Imam Nawawi auf die Br\u00fcderlichkeit als Menschen, denn in Sure 15, Vers 26 hei\u00dft es im Koran: \u201eUnd wahrlich, wir haben den\u2026","rel":"","context":"In &quot;Menschlichkeit&quot;","img":{"alt_text":"","src":"","width":0,"height":0},"classes":[]},{"id":805,"url":"https:\/\/freitagsworte.de\/index.php\/2018\/11\/02\/pride\/","url_meta":{"origin":1691,"position":5},"title":"Pride","date":"2. November 2018","format":false,"excerpt":"Dieses Freitagswort ist notwendig. Vielleicht notwendiger als viele Freitagsworte davor. Denn dieses Freitagswort spricht ein Thema an, das wir in unserer muslimischen Gemeinschaft tabuisieren. Wir schweigen hartn\u00e4ckig zu diesem Thema. Denn das, was wir in den meisten F\u00e4llen dazu zu sagen haben, besteht aus Ablehnung und \u00c4chtung. Und das ist\u2026","rel":"","context":"In &quot;Aufrichtigkeit&quot;","img":{"alt_text":"","src":"","width":0,"height":0},"classes":[]}],"_links":{"self":[{"href":"https:\/\/freitagsworte.de\/index.php\/wp-json\/wp\/v2\/posts\/1691"}],"collection":[{"href":"https:\/\/freitagsworte.de\/index.php\/wp-json\/wp\/v2\/posts"}],"about":[{"href":"https:\/\/freitagsworte.de\/index.php\/wp-json\/wp\/v2\/types\/post"}],"author":[{"embeddable":true,"href":"https:\/\/freitagsworte.de\/index.php\/wp-json\/wp\/v2\/users\/3"}],"replies":[{"embeddable":true,"href":"https:\/\/freitagsworte.de\/index.php\/wp-json\/wp\/v2\/comments?post=1691"}],"version-history":[{"count":3,"href":"https:\/\/freitagsworte.de\/index.php\/wp-json\/wp\/v2\/posts\/1691\/revisions"}],"predecessor-version":[{"id":1694,"href":"https:\/\/freitagsworte.de\/index.php\/wp-json\/wp\/v2\/posts\/1691\/revisions\/1694"}],"wp:attachment":[{"href":"https:\/\/freitagsworte.de\/index.php\/wp-json\/wp\/v2\/media?parent=1691"}],"wp:term":[{"taxonomy":"category","embeddable":true,"href":"https:\/\/freitagsworte.de\/index.php\/wp-json\/wp\/v2\/categories?post=1691"},{"taxonomy":"post_tag","embeddable":true,"href":"https:\/\/freitagsworte.de\/index.php\/wp-json\/wp\/v2\/tags?post=1691"}],"curies":[{"name":"wp","href":"https:\/\/api.w.org\/{rel}","templated":true}]}}