{"id":1687,"date":"2021-07-02T08:00:00","date_gmt":"2021-07-02T06:00:00","guid":{"rendered":"https:\/\/freitagsworte.de\/?p=1687"},"modified":"2021-07-02T07:58:18","modified_gmt":"2021-07-02T05:58:18","slug":"dem-menschenhass-entgegentreten-2","status":"publish","type":"post","link":"https:\/\/freitagsworte.de\/index.php\/2021\/07\/02\/dem-menschenhass-entgegentreten-2\/","title":{"rendered":"Dem Menschenhass entgegentreten"},"content":{"rendered":"\n<p>Die Menschen sind unterschiedlich. Das ist ein Gemeinplatz, w\u00fcrde man meinen. Wenn wir allerdings einmal um uns schauen, dann werden wir schnell eines Besseren belehrt. Viele \u2013 ja, mitunter auch wir selbst \u2013 tun sich n\u00e4mlich nach wie vor sehr schwer mit dieser scheinbaren Selbstverst\u00e4ndlichkeit. Menschen, die in irgendeiner Weise anders sind als wir, werden stereotypisiert, sie werden in Schubladen gesteckt, mit Klischees und Vorurteilen belegt. Immer h\u00e4ufiger begegnet man ihnen mit Argwohn, Ablehnung und sogar Hass.<\/p>\n\n\n\n<!--more-->\n\n\n\n<p>Ob Ethnie, Religion, sexuelle Orientierung oder kulturelle Herkunft, anhand irgendeines beliebigen Merkmals werden Menschen als&nbsp;<em>anders<\/em>,&nbsp;<em>unnormal<\/em>&nbsp;oder&nbsp;<em>fremd<\/em>&nbsp;gebrandmarkt und daher angefeindet. Heute ist menschenfeindliche Hetze gegen Juden, Muslime, Roma, Homosexuelle, Asylsuchende oder allgemein&nbsp;<em>Fremde<\/em>&nbsp;nicht nur in unserem Land, sondern europa-, ja, weltweit leider Alltag geworden. Sie begegnet uns auf der Stra\u00dfe ebenso wie in der politischen \u00d6ffentlichkeit und ganz massiv im Internet. Hier werden komplexe Sachverhalte stark vereinfacht und in holzschnittartige Freund-Feind-Bilder \u00fcbersetzt. Objektive Tatsachen spielen nur dann eine Rolle, wenn sie das eigene Weltbild best\u00e4tigen. Ansonsten werden sie schlicht ignoriert, wenn nicht verdreht.<\/p>\n\n\n\n<p>Es sind aber nicht nur die Grenzen des Sagbaren, die sich heute verschieben. Auch der Aggressionspegel in der realen Welt steigt. Die feindselige Rhetorik des Internets entl\u00e4dt sich in Form von immer mehr \u00dcbergriffen auf Menschen, die anders sind oder nicht so aussehen wie die Mehrheit in unserem Land. So gab es im Jahr 2017 etwa 1500 antisemitische Straftaten in Deutschland, mehr als 2200 \u00dcbergriffe auf Gefl\u00fcchtete und ihre Unterk\u00fcnfte, \u00fcber 300 dokumentierte homophob oder transphob motivierte Straftaten und nach wie vor durchschnittlich jede Woche einen Angriff oder Anschlag auf eine Moschee.<\/p>\n\n\n\n<p>Als Muslime sind wir dazu angehalten, uns sowohl gegen Gewalt als auch gegen die allgemeine Verrohung der Sprache in der \u00d6ffentlichkeit zu stellen. Es darf nicht sein, dass politische und gesellschaftliche Debatten zunehmend und bisweilen sogar gezielt von menschenverachtender und menschenfeindlicher Rhetorik dominiert werden. Hier ist der Koran ganz klar: Allah stellt sich immer auf die Seite der Verletzbaren, der Ausgegrenzten und Unterdr\u00fcckten, und er fordert uns auf, es ihm gleich zu tun. In der Sure al-Maun (die Unterst\u00fctzung) hei\u00dft es hierzu:<\/p>\n\n\n\n<p>\u201eVerflucht seien jene, welche das Gebet verrichten und unbedacht sind, wie sie beten, die sich selbst zur Schau geben, jedoch die Hilfestellung verwehren.\u201c (107:4-7)<\/p>\n\n\n\n<p>Der Koran stellt also eine direkte Verbindung her zwischen unserem Glauben und der Verpflichtung zur Solidarit\u00e4t mit den Schwachen, und zwar ohne Einschr\u00e4nkung. Die Verpflichtung gilt also vor allem auch dann, wenn die Betroffenen nicht&nbsp;<em>zu uns<\/em>&nbsp;geh\u00f6ren. Weder ihre Religionszugeh\u00f6rigkeit noch ihr ethnischer oder kultureller Hintergrund, weder ihr Geschlecht noch ihre sexuelle Orientierung sind hier ausschlaggebend, sondern allein die Tatsache, dass sie auf unseren Beistand angewiesen sind. \u00c4hnlich wie Allah sich uns zuwendet, sollen auch wir uns den Menschen zuwenden \u2013 nicht mit Hass und Argwohn, sondern mit G\u00fcte und Verbundenheit.<\/p>\n\n\n\n<p>Jeder Mensch, so betont der Koran, tr\u00e4gt den Geist Gottes in sich (15:29; 32:9). Und somit ist auch jeder und jede Einzelne von uns ein mit W\u00fcrde ausgestattetes Gesch\u00f6pf.<\/p>\n\n\n\n<p>\u201eWir haben den Kindern Adams W\u00fcrde verliehen.\u201c (17:70)<\/p>\n","protected":false},"excerpt":{"rendered":"<p>Die Menschen sind unterschiedlich. Das ist ein Gemeinplatz, w\u00fcrde man meinen. Wenn wir allerdings einmal um uns schauen, dann werden wir schnell eines Besseren belehrt. Viele \u2013 ja, mitunter auch wir selbst \u2013 tun sich n\u00e4mlich nach wie vor sehr schwer mit dieser scheinbaren Selbstverst\u00e4ndlichkeit. Menschen, die in irgendeiner Weise anders sind als wir, werden&hellip; <\/p>\n<p class=\"simppeli-read-more\"><a href=\"https:\/\/freitagsworte.de\/index.php\/2021\/07\/02\/dem-menschenhass-entgegentreten-2\/\" class=\"more-link\">Weiterlesen <span class=\"screen-reader-text\">Dem Menschenhass entgegentreten<\/span> <span class=\"meta-nav\">&rarr;<\/span><\/a><\/p>\n","protected":false},"author":11,"featured_media":0,"comment_status":"closed","ping_status":"closed","sticky":false,"template":"","format":"standard","meta":{"spay_email":"","jetpack_publicize_message":"","jetpack_is_tweetstorm":false,"jetpack_publicize_feature_enabled":true},"categories":[1],"tags":[],"jetpack_publicize_connections":[],"jetpack_featured_media_url":"","jetpack_sharing_enabled":true,"jetpack_shortlink":"https:\/\/wp.me\/p8tv7g-rd","jetpack-related-posts":[{"id":999,"url":"https:\/\/freitagsworte.de\/index.php\/2019\/02\/15\/dem-menschenhass-entgegentreten\/","url_meta":{"origin":1687,"position":0},"title":"Dem Menschenhass entgegentreten","date":"15. Februar 2019","format":false,"excerpt":"Die Menschen sind unterschiedlich. Das ist ein Gemeinplatz, w\u00fcrde man meinen. Wenn wir allerdings einmal um uns schauen, dann werden wir schnell eines Besseren belehrt. Viele \u2013 ja, mitunter auch wir selbst \u2013 tun sich n\u00e4mlich nach wie vor sehr schwer mit dieser scheinbaren Selbstverst\u00e4ndlichkeit. Menschen, die in irgendeiner Weise\u2026","rel":"","context":"In \"Antisemitismus\"","img":{"alt_text":"","src":"","width":0,"height":0},"classes":[]},{"id":605,"url":"https:\/\/freitagsworte.de\/index.php\/2018\/04\/20\/der-judenhass-in-unserer-mitte\/","url_meta":{"origin":1687,"position":1},"title":"Der Judenhass in unserer Mitte","date":"20. April 2018","format":false,"excerpt":"Als muslimische Gemeinschaft sprechen wir gern \u00fcber unsere religi\u00f6sen Tugenden, \u00fcber den Islam als Rechtleitung f\u00fcr unser Leben. Selten sprechen wir aber \u00fcber die Verirrungen, denen wir erliegen. Solche Verirrungen sind menschlich. Sie sind Ausdruck unserer Unvollkommenheit. Aber wir d\u00fcrfen sie nicht hinnehmen, wir d\u00fcrfen sie nicht leugnen oder verharmlosen.\u2026","rel":"","context":"In &quot;Aufrichtigkeit&quot;","img":{"alt_text":"","src":"","width":0,"height":0},"classes":[]},{"id":1288,"url":"https:\/\/freitagsworte.de\/index.php\/2020\/02\/21\/hanau\/","url_meta":{"origin":1687,"position":2},"title":"Hanau","date":"21. Februar 2020","format":false,"excerpt":"Die Angeh\u00f6rigen der Opfer von Hanau werden den Rest ihres Lebens ohne ihre Liebsten verbringen m\u00fcssen. Auf die Frage nach dem \u201eWarum?\u201c werden sie keine Antwort finden, die ihnen Trost verschafft. Denn die Antwort auf die Frage nach dem \u201eWarum?\u201c der Anschl\u00e4ge von Hanau ist so simpel wie unertr\u00e4glich. In\u2026","rel":"","context":"\u00c4hnlicher Beitrag","img":{"alt_text":"","src":"","width":0,"height":0},"classes":[]},{"id":1818,"url":"https:\/\/freitagsworte.de\/index.php\/2022\/02\/18\/zwei-jahre-nach-hanau\/","url_meta":{"origin":1687,"position":3},"title":"Zwei Jahre nach Hanau","date":"18. Februar 2022","format":false,"excerpt":"Rassismus t\u00f6tet. Das ist uns nicht erst seit gestern klar. Auch nicht erst nach Hanau. Wir wissen, dass Menschen, die aus rassistischen Motiven hassen, irgendwann auch bereit dazu sind, diesen Hass in m\u00f6rderischer Weise auszuleben. Das erscheint uns kaum begreifbar. Auch wenn dieser letzte Schritt vom Hassen zum T\u00f6ten uns\u2026","rel":"","context":"\u00c4hnlicher Beitrag","img":{"alt_text":"","src":"https:\/\/i0.wp.com\/freitagsworte.de\/wp-content\/uploads\/2021\/02\/IMG_20210219_081346_017.jpg?resize=350%2C200&ssl=1","width":350,"height":200},"classes":[]},{"id":1589,"url":"https:\/\/freitagsworte.de\/index.php\/2021\/02\/19\/ein-jahr-nach-hanau\/","url_meta":{"origin":1687,"position":4},"title":"Ein Jahr nach Hanau","date":"19. Februar 2021","format":false,"excerpt":"Rassismus t\u00f6tet. Das ist uns nicht erst seit gestern klar. Auch nicht erst nach Hanau. Wir wissen, dass Menschen, die aus rassistischen Motiven hassen, irgendwann auch bereit dazu sind, diesen Hass in m\u00f6rderischer Weise auszuleben. Das erscheint uns kaum begreifbar. Auch wenn dieser letzte Schritt vom Hassen zum T\u00f6ten uns\u2026","rel":"","context":"\u00c4hnlicher Beitrag","img":{"alt_text":"","src":"https:\/\/i0.wp.com\/freitagsworte.de\/wp-content\/uploads\/2021\/02\/IMG_20210219_081346_017.jpg?resize=350%2C200&ssl=1","width":350,"height":200},"classes":[]},{"id":1602,"url":"https:\/\/freitagsworte.de\/index.php\/2021\/02\/26\/welches-ziel\/","url_meta":{"origin":1687,"position":5},"title":"Welches Ziel?","date":"26. Februar 2021","format":false,"excerpt":"Wenn man von Gewalt und Unrecht betroffen ist, f\u00e4llt es schwer, geduldig zu sein.Wenn man von Verachtung und Hass betroffen ist, f\u00e4llt es schwer, vergebend zu sein.Wenn man das Gef\u00fchl hat, trotz all dieses Leids und des Unrechts \u00e4ndere sich nichts, f\u00e4llt es schwer, nicht w\u00fctend zu sein, nicht zornig\u2026","rel":"","context":"\u00c4hnlicher Beitrag","img":{"alt_text":"","src":"","width":0,"height":0},"classes":[]}],"_links":{"self":[{"href":"https:\/\/freitagsworte.de\/index.php\/wp-json\/wp\/v2\/posts\/1687"}],"collection":[{"href":"https:\/\/freitagsworte.de\/index.php\/wp-json\/wp\/v2\/posts"}],"about":[{"href":"https:\/\/freitagsworte.de\/index.php\/wp-json\/wp\/v2\/types\/post"}],"author":[{"embeddable":true,"href":"https:\/\/freitagsworte.de\/index.php\/wp-json\/wp\/v2\/users\/11"}],"replies":[{"embeddable":true,"href":"https:\/\/freitagsworte.de\/index.php\/wp-json\/wp\/v2\/comments?post=1687"}],"version-history":[{"count":1,"href":"https:\/\/freitagsworte.de\/index.php\/wp-json\/wp\/v2\/posts\/1687\/revisions"}],"predecessor-version":[{"id":1688,"href":"https:\/\/freitagsworte.de\/index.php\/wp-json\/wp\/v2\/posts\/1687\/revisions\/1688"}],"wp:attachment":[{"href":"https:\/\/freitagsworte.de\/index.php\/wp-json\/wp\/v2\/media?parent=1687"}],"wp:term":[{"taxonomy":"category","embeddable":true,"href":"https:\/\/freitagsworte.de\/index.php\/wp-json\/wp\/v2\/categories?post=1687"},{"taxonomy":"post_tag","embeddable":true,"href":"https:\/\/freitagsworte.de\/index.php\/wp-json\/wp\/v2\/tags?post=1687"}],"curies":[{"name":"wp","href":"https:\/\/api.w.org\/{rel}","templated":true}]}}