{"id":1642,"date":"2021-04-23T08:30:00","date_gmt":"2021-04-23T06:30:00","guid":{"rendered":"https:\/\/freitagsworte.de\/?p=1642"},"modified":"2021-04-22T18:44:12","modified_gmt":"2021-04-22T16:44:12","slug":"ramadan-erleichterungen-ohne-schlechtes-gewissen-annehmen","status":"publish","type":"post","link":"https:\/\/freitagsworte.de\/index.php\/2021\/04\/23\/ramadan-erleichterungen-ohne-schlechtes-gewissen-annehmen\/","title":{"rendered":"Ramadan: Erleichterungen ohne schlechtes Gewissen annehmen"},"content":{"rendered":"\n<p>Es ist 2021 und es ist bereits der zweite Ramadan unter Pandemiebedingungen. W\u00e4hrend viele Gl\u00e4ubige in dieser Zeit tags\u00fcber auf Essen und Trinken verzichten, sich von schlechten Dingen fernhalten und sich verst\u00e4rkt dem eigenen Kontakt zu Allah widmen, kommen die Pandemieeinschr\u00e4nkungen im Alltag erschwerend dazu, die dazu f\u00fchren, dass wir nicht wie gewohnt in gr\u00f6\u00dferem Kreis zum Fastenbrechen und Gebet zusammenkommen k\u00f6nnen.<br>F\u00fcr viele von uns ist das mittlerweile so etwas wie Routine, schlie\u00dflich ist die Gesundheit ein hohes Gut, auch im Glauben.<\/p>\n\n\n\n<!--more-->\n\n\n\n<p>Wie wir wissen, ist das Fasten im Ramadan Pflicht und Regel f\u00fcr erwachsene, gesunde Muslim*innen. Wie bei jeder Regel gibt es nat\u00fcrlich auch Ausnahmen davon. So m\u00fcssen z.B. Kranke, Kinder, Schwangere und Reisende nicht fasten. Mit Ausnahme von Kindern sieht unser Glaube f\u00fcr diese F\u00e4lle unter anderem Ersatz in Form von nachgeholten Fastentagen bzw. die Speisung von armen Menschen vor:<\/p>\n\n\n\n<p><em>\u201eWer jedoch krank ist oder sich auf einer Reise befindet, der soll eine (gleiche) Anzahl von anderen Tagen (fasten).\u201c<\/em> [Al-Baqara:185]<\/p>\n\n\n\n<p><em>\u201eUnd denjenigen, die es zu leisten verm\u00f6gen, ist als Ersatz die Speisung eines Armen auferlegt\u201c<\/em>. [Al-Baqara:184]<\/p>\n\n\n\n<p>Diese Regeln sind Erleichterungen, die Allah den Gl\u00e4ubigen jeden Ramadan anbietet und die man auch ohne schlechtes Gewissen annehmen sollte. Ich sage das deshalb noch einmal deutlich, weil ich in meinem Umfeld hin und wieder mal beobachte, dass sich Menschen fast schon daf\u00fcr sch\u00e4men, dass sie gerade nicht fasten k\u00f6nnen. Es gibt eigentlich keinen Grund sich zu sch\u00e4men. Man fastet nicht f\u00fcr andere, sondern nur f\u00fcr Allah. Denn in einem Hadith unseres Propheten hei\u00dft es: \u201eAllah sprach: \u201aAlle Taten des Menschen, ausgenommen das Fasten, sind f\u00fcr ihn selbst. Aber das Fasten ist f\u00fcr mich. Und die Belohnung werde ich geben.\u2019\u201c<br>Keiner hat das Recht andere Menschen, die gerade nicht fasten daf\u00fcr schr\u00e4g anzugucken oder gar zu verurteilen. Selbst wenn derjenige gesund w\u00e4re und es eigentlich k\u00f6nnte. Es geht uns nichts an.<\/p>\n\n\n\n<p>Das Fasten ist halt immer noch eine sehr pers\u00f6nliche Sache zwischen dem Gl\u00e4ubigen und Allah. Dass manche Mitmenschen dazu neigen, darin zuerst eine Angelegenheit des Kollektivs zu sehen, erh\u00f6ht letztlich den Druck auf den Einzelnen und das ist nicht ok.<br>Dabei ist der Ramadan eine sch\u00f6ne Zeit, in der wir unsere individuellen spirituellen Erfahrungen freiwillig mit anderen teilen wollen. Im Moment in kleinem Kreis oder digital. Im n\u00e4chsten Ramadan hoffentlich wieder so wie wir es kennen. Inshallah.<\/p>\n","protected":false},"excerpt":{"rendered":"<p>Es ist 2021 und es ist bereits der zweite Ramadan unter Pandemiebedingungen. W\u00e4hrend viele Gl\u00e4ubige in dieser Zeit tags\u00fcber auf Essen und Trinken verzichten, sich von schlechten Dingen fernhalten und sich verst\u00e4rkt dem eigenen Kontakt zu Allah widmen, kommen die Pandemieeinschr\u00e4nkungen im Alltag erschwerend dazu, die dazu f\u00fchren, dass wir nicht wie gewohnt in gr\u00f6\u00dferem&hellip; <\/p>\n<p class=\"simppeli-read-more\"><a href=\"https:\/\/freitagsworte.de\/index.php\/2021\/04\/23\/ramadan-erleichterungen-ohne-schlechtes-gewissen-annehmen\/\" class=\"more-link\">Weiterlesen <span class=\"screen-reader-text\">Ramadan: Erleichterungen ohne schlechtes Gewissen annehmen<\/span> <span class=\"meta-nav\">&rarr;<\/span><\/a><\/p>\n","protected":false},"author":4,"featured_media":0,"comment_status":"closed","ping_status":"closed","sticky":false,"template":"","format":"standard","meta":{"spay_email":"","jetpack_publicize_message":"","jetpack_is_tweetstorm":false,"jetpack_publicize_feature_enabled":true},"categories":[1],"tags":[],"jetpack_publicize_connections":[],"jetpack_featured_media_url":"","jetpack_sharing_enabled":true,"jetpack_shortlink":"https:\/\/wp.me\/p8tv7g-qu","jetpack-related-posts":[{"id":1353,"url":"https:\/\/freitagsworte.de\/index.php\/2020\/04\/24\/kein-ramadan-wie-jeder-andere\/","url_meta":{"origin":1642,"position":0},"title":"Kein Ramadan wie jeder andere","date":"24. April 2020","format":false,"excerpt":"Viele von uns haben sich in den letzten Wochen gefragt, wie denn der heilige Fastenmonat Ramadan f\u00fcr uns Muslime in Zeiten von \u201eSocial Distancing\u201c und erh\u00f6hter gesundheitlicher Achtsamkeit werden k\u00f6nnte. Sagen wir mal so, er wird anders sein als im letzten Jahr. Eigentlich ist kein Ramadan so wie jeder andere.\u2026","rel":"","context":"In &quot;Ramadan&quot;","img":{"alt_text":"","src":"","width":0,"height":0},"classes":[]},{"id":646,"url":"https:\/\/freitagsworte.de\/index.php\/2018\/06\/08\/was-der-menschen-haende-hat-angerichtet\/","url_meta":{"origin":1642,"position":1},"title":"&#8220;&#8230; was der Menschen H\u00e4nde hat angerichtet&#8221;","date":"8. Juni 2018","format":false,"excerpt":"Eine Frage bleibt dabei unbeantwortet: Warum fasten dann denn die Notleidenden mit? Es gibt zahlreiche Ausnahmen f\u00fcr das Fasten, Schwangerschaft, das Alter \u2013 zu jung oder zu alt -, Erkrankungen und einiges andere. Armut geh\u00f6rt nicht zu diesen Ausnahmen. Welchen Sinn h\u00e4tte es dann denn, dass derjenige, der sowieso nicht\u2026","rel":"","context":"In \"Besinnung\"","img":{"alt_text":"","src":"","width":0,"height":0},"classes":[]},{"id":622,"url":"https:\/\/freitagsworte.de\/index.php\/2018\/05\/11\/ramadan-an-der-grenze-zu-neuen-anfaengen\/","url_meta":{"origin":1642,"position":2},"title":"Ramadan &#8211; An der Grenze zu neuen Anf\u00e4ngen","date":"11. Mai 2018","format":false,"excerpt":"In der kommenden Woche beginnt der Monat Ramadan. Es ist der neunte Monat des islamischen Mondkalenders. Von Mitte Mai bis Mitte Juni werden wir einen Monat lang uns auf eine der f\u00fcnf S\u00e4ulen des Islam st\u00fctzen \u2013 das Fasten. Verschiedene Koranverse verweisen auf das Fasten und auf den Monat Ramadan,\u2026","rel":"","context":"In &quot;Gebet&quot;","img":{"alt_text":"","src":"","width":0,"height":0},"classes":[]},{"id":1848,"url":"https:\/\/freitagsworte.de\/index.php\/2022\/03\/25\/ramadan-an-der-grenze-zu-neuen-anfaengen-2\/","url_meta":{"origin":1642,"position":3},"title":"Ramadan &#8211; An der Grenze zu neuen Anf\u00e4ngen","date":"25. M\u00e4rz 2022","format":false,"excerpt":"In der kommenden Woche beginnt der Monat Ramadan. Es ist der neunte Monat des islamischen Mondkalenders. Von Anfang April bis Anfang Mai werden wir einen Monat lang uns auf eine der f\u00fcnf S\u00e4ulen des Islam st\u00fctzen \u2013 das Fasten. Verschiedene Koranverse verweisen auf das Fasten und auf den Monat Ramadan,\u2026","rel":"","context":"\u00c4hnlicher Beitrag","img":{"alt_text":"","src":"","width":0,"height":0},"classes":[]},{"id":1646,"url":"https:\/\/freitagsworte.de\/index.php\/2021\/04\/30\/die-ruhende-seele-im-ramadan\/","url_meta":{"origin":1642,"position":4},"title":"Die ruhende Seele im Ramadan","date":"30. April 2021","format":false,"excerpt":"Der Ramadan ist anders. Er riecht anders, er schmeckt anders, er f\u00fchlt sich anders an. Das Fasten in diesem Monat z\u00fcgelt zwar den Verzehr, er sch\u00e4rft daf\u00fcr die Sinne. Schon nach zwei oder drei Fastentagen \u00e4ndert sich die Wahrnehmung der Umwelt. Sie wird bewusster gesehen, gerochen, gef\u00fchlt, geschmeckt. Es \u00e4ndert\u2026","rel":"","context":"In &quot;Ramadan&quot;","img":{"alt_text":"","src":"","width":0,"height":0},"classes":[]},{"id":196,"url":"https:\/\/freitagsworte.de\/index.php\/2017\/05\/26\/der-verzicht-nimmt-nicht-der-verzicht-gibt\/","url_meta":{"origin":1642,"position":5},"title":"Der Verzicht nimmt nicht, der Verzicht gibt","date":"26. Mai 2017","format":false,"excerpt":"Die Zeit verfliegt schnell. Man kann sich noch an die N\u00e4chte des letzten Ramadans erinnern, als ob es noch gestern war, aber schon stehen wir wieder an der Schwelle zum Fastenmonat. Jedes Jahr ist die Vorfreude gro\u00df bei uns Muslimen. Man bereitet sich vor auf diesen gesegneten Monat, sowohl geistig\u2026","rel":"","context":"In &quot;Ramadan&quot;","img":{"alt_text":"","src":"","width":0,"height":0},"classes":[]}],"_links":{"self":[{"href":"https:\/\/freitagsworte.de\/index.php\/wp-json\/wp\/v2\/posts\/1642"}],"collection":[{"href":"https:\/\/freitagsworte.de\/index.php\/wp-json\/wp\/v2\/posts"}],"about":[{"href":"https:\/\/freitagsworte.de\/index.php\/wp-json\/wp\/v2\/types\/post"}],"author":[{"embeddable":true,"href":"https:\/\/freitagsworte.de\/index.php\/wp-json\/wp\/v2\/users\/4"}],"replies":[{"embeddable":true,"href":"https:\/\/freitagsworte.de\/index.php\/wp-json\/wp\/v2\/comments?post=1642"}],"version-history":[{"count":2,"href":"https:\/\/freitagsworte.de\/index.php\/wp-json\/wp\/v2\/posts\/1642\/revisions"}],"predecessor-version":[{"id":1644,"href":"https:\/\/freitagsworte.de\/index.php\/wp-json\/wp\/v2\/posts\/1642\/revisions\/1644"}],"wp:attachment":[{"href":"https:\/\/freitagsworte.de\/index.php\/wp-json\/wp\/v2\/media?parent=1642"}],"wp:term":[{"taxonomy":"category","embeddable":true,"href":"https:\/\/freitagsworte.de\/index.php\/wp-json\/wp\/v2\/categories?post=1642"},{"taxonomy":"post_tag","embeddable":true,"href":"https:\/\/freitagsworte.de\/index.php\/wp-json\/wp\/v2\/tags?post=1642"}],"curies":[{"name":"wp","href":"https:\/\/api.w.org\/{rel}","templated":true}]}}