{"id":1621,"date":"2021-03-26T07:30:00","date_gmt":"2021-03-26T06:30:00","guid":{"rendered":"https:\/\/freitagsworte.de\/?p=1621"},"modified":"2021-03-26T07:36:14","modified_gmt":"2021-03-26T06:36:14","slug":"vergebung","status":"publish","type":"post","link":"https:\/\/freitagsworte.de\/index.php\/2021\/03\/26\/vergebung\/","title":{"rendered":"Vergebung"},"content":{"rendered":"\n<p>Morgen begehen wir Muslime die Nacht der Vergebung. In dieser Nacht beten wir darum, von unseren S\u00fcnden befreit zu werden. Wir beten um L\u00e4uterung.<br>Wir vertrauen auf die am h\u00e4ufigsten zitierten Attribute unseres Sch\u00f6pfers, des Allbarmherzigen, des Allgn\u00e4digen.<\/p>\n\n\n\n<p>Wir hoffen darauf, dass er uns selbst ein ganzes Leben voller S\u00fcnden vergeben mag, wegen einer guten Tat, die wir verrichten. Wir beten um L\u00e4uterung und Vergebung, damit wir trotz eines ganzen Lebens voller Tugenden seine N\u00e4he nicht verspielen, wegen einer S\u00fcnde, die wir begangen haben.<\/p>\n\n\n\n<!--more-->\n\n\n\n<p>Unser Glaube ist jedoch nicht ein Glaube allein der Hoffnung auf und der Zuversicht in Gott. Unser Glaube setzt eine t\u00e4tige Fr\u00f6mmigkeit voraus. Wir m\u00fcssen unserer Hoffnung auf Vergebung durch eine eigene Bem\u00fchung Ausdruck verleihen. Wir m\u00fcssen das uns menschlich M\u00f6gliche tun, um uns Ihm zu n\u00e4hern. Diese Ann\u00e4herung an die Vergebung Gottes ist in unserer Glaubenswelt der Gedanke der Reue.<\/p>\n\n\n\n<p>Was aber, wenn die M\u00f6glichkeit der Reue im Angesicht von historischer Schuld mehrere Generationen zur\u00fcckliegt? Was, wenn es nicht um eine S\u00fcnde geht, die wir selbst begangen haben, deren Folgen aber weiter wirken und Schmerzen fortsetzen, die vor vielen Jahren verursacht wurden? K\u00f6nnen wir Reue empfinden f\u00fcr S\u00fcnden, welche die Generationen vor uns begangen haben?<\/p>\n\n\n\n<p>K\u00f6nnen wir nicht wenigstens bereuen, dass jene, denen wir nachfolgen, nicht zur Reue f\u00e4hig oder willens waren? Um den Schmerz zu lindern, der bis heute existiert. Liegt nicht darin auch eine ganz eigene Tugend?<\/p>\n\n\n\n<p>Auch die Reue ohne pers\u00f6nliche Schuld, eine Reue aus dem Anerkenntnis von Schmerz und Leid, eine Reue aus Verantwortung, eine Reue aus Mitgef\u00fchl ist m\u00f6glich. Auch eine solche Reue kann uns dem Ewigen n\u00e4her bringen als uns unsere S\u00fcnden von ihm entfernen. Allein weil wir den Schmerz anderer teilen und dadurch vielleicht ein wenig lindern.<\/p>\n\n\n\n<p>In knapp vier Wochen, wir werden uns dann Mitten im Fastenmonat Ramadan befinden, j\u00e4hrt sich wieder der V\u00f6lkermord an den Armeniern im Osmanischen Reich. Wird es nicht Zeit, die Illusion einer kollektiven Unfehlbarkeit, einer nationalen Makellosigkeit endlich aufzugeben? Sich einzugestehen, dass ein Schmerz existiert, den wir heute anerkennen und damit seine Existenz bereuen k\u00f6nnen? Um andere &#8211; wenn auch nur um einen Hauch &#8211; von ihm zu befreien.<\/p>\n\n\n\n<p>Gewinnt unsere Hoffnung um Vergebung durch den H\u00f6chsten dann nicht eine neue, tiefere Glaubw\u00fcrdigkeit?<\/p>\n","protected":false},"excerpt":{"rendered":"<p>Morgen begehen wir Muslime die Nacht der Vergebung. In dieser Nacht beten wir darum, von unseren S\u00fcnden befreit zu werden. Wir beten um L\u00e4uterung.Wir vertrauen auf die am h\u00e4ufigsten zitierten Attribute unseres Sch\u00f6pfers, des Allbarmherzigen, des Allgn\u00e4digen. Wir hoffen darauf, dass er uns selbst ein ganzes Leben voller S\u00fcnden vergeben mag, wegen einer guten Tat,&hellip; <\/p>\n<p class=\"simppeli-read-more\"><a href=\"https:\/\/freitagsworte.de\/index.php\/2021\/03\/26\/vergebung\/\" class=\"more-link\">Weiterlesen <span class=\"screen-reader-text\">Vergebung<\/span> <span class=\"meta-nav\">&rarr;<\/span><\/a><\/p>\n","protected":false},"author":3,"featured_media":0,"comment_status":"closed","ping_status":"closed","sticky":false,"template":"","format":"standard","meta":{"spay_email":"","jetpack_publicize_message":"","jetpack_is_tweetstorm":false,"jetpack_publicize_feature_enabled":true},"categories":[1],"tags":[],"jetpack_publicize_connections":[],"jetpack_featured_media_url":"","jetpack_sharing_enabled":true,"jetpack_shortlink":"https:\/\/wp.me\/p8tv7g-q9","jetpack-related-posts":[{"id":208,"url":"https:\/\/freitagsworte.de\/index.php\/2017\/06\/09\/highway-to-hell\/","url_meta":{"origin":1621,"position":0},"title":"Highway to Hell","date":"9. Juni 2017","format":false,"excerpt":"Wieder ersch\u00fcttern Anschl\u00e4ge die Welt. Massenm\u00f6rder berufen sich im Monat Ramadan, dem Monat, in dem die ersten Verse des Koran offenbart wurden, auf den Islam, wenn sie Menschen umbringen. Manch einer der M\u00f6rder meint sogar, es sei ihm eine besondere Pflicht, eine besondere Aufgabe, im Ramadan zu morden. Angesichts dieser\u2026","rel":"","context":"In &quot;Menschlichkeit&quot;","img":{"alt_text":"","src":"","width":0,"height":0},"classes":[]},{"id":564,"url":"https:\/\/freitagsworte.de\/index.php\/2018\/03\/16\/ohne-suende-bleibt-der-glaube-ungeprueft\/","url_meta":{"origin":1621,"position":1},"title":"Ohne S\u00fcnde bleibt der Glaube ungepr\u00fcft","date":"16. M\u00e4rz 2018","format":false,"excerpt":"\u201eOhne S\u00fcnde bleibt der Glaube ungepr\u00fcft. Erst wenn man die Finsternis gesehen hat, wei\u00df man das Licht zu sch\u00e4tzen.\u201c\u00a0Ich erinnere mich noch gut an den Gesichtsausdruck eines guten, frommen Freundes, als ich diesen Satz zwischen Shisha und Schwarztee hingeknallt hatte. Ein ehrlicher Satz inmitten eines fruchtbaren Gespr\u00e4chs \u00fcber S\u00fcnde und\u2026","rel":"","context":"In &quot;S\u00fcnde&quot;","img":{"alt_text":"","src":"","width":0,"height":0},"classes":[]},{"id":1443,"url":"https:\/\/freitagsworte.de\/index.php\/2020\/08\/21\/wie-du-wirklich-um-vergebung-bittest-und-deine-taten-bereust\/","url_meta":{"origin":1621,"position":2},"title":"Wie du wirklich um Vergebung bittest und deine Taten bereust","date":"21. August 2020","format":false,"excerpt":"Ein Gastbeitrag von Akif Sahin Wir sa\u00dfen damals in einem Shisha-Caf\u00e9 und der junge Mann erz\u00e4hlte schlie\u00dflich, wieso er sich von seiner Freundin, die eigentlich in ein paar Wochen seine Frau werden sollte, getrennt hat. Er wurde betrogen. Seine Freundin hatte etwas mit einem Anderen und gleichzeitig war er der\u2026","rel":"","context":"\u00c4hnlicher Beitrag","img":{"alt_text":"","src":"","width":0,"height":0},"classes":[]},{"id":571,"url":"https:\/\/freitagsworte.de\/index.php\/2018\/03\/30\/von-osterhasen-traditionshasen-und-angsthasen\/","url_meta":{"origin":1621,"position":3},"title":"Von Osterhasen, Traditionshasen und Angsthasen","date":"30. M\u00e4rz 2018","format":false,"excerpt":"Heute ist Karfreitag. F\u00fcr unsere christlichen Mitb\u00fcrger ist dies ein Tag gro\u00dfer Trauer und des stillen Gedenkens. Ab Sonntag begehen sie voller Freude und Hoffnung das Osterfest \u2013 die im Bedeutungszusammenhang ihrer Religion betrachtet bedeutsamsten und h\u00f6chsten Feiertage. Anl\u00e4sslich solcher Feiertage entspinnt sich immer h\u00e4ufiger auch eine Debatte dar\u00fcber, wie\u2026","rel":"","context":"In &quot;Gemeinschaft&quot;","img":{"alt_text":"","src":"","width":0,"height":0},"classes":[]},{"id":1326,"url":"https:\/\/freitagsworte.de\/index.php\/2020\/04\/10\/lailat-al-bara\/","url_meta":{"origin":1621,"position":4},"title":"Lailat al-Bar\u0101\u2019","date":"10. April 2020","format":false,"excerpt":"Die Nacht der Vergebung (arab. Lailat al-Bar\u0101\u2019a) ist ein besonders gesegneter Feiertag f\u00fcr uns Muslime. Ein Tag, der uns jedes Jahr die M\u00f6glichkeit gibt, in uns zu horchen, \u00fcber unsere Fehler und S\u00fcnden zu reflektieren und Gott um deren Vergebung zu bitten. Au\u00dferdem gibt dieser Tag uns die Gelegenheit, uns\u2026","rel":"","context":"In &quot;Gottesn\u00e4he&quot;","img":{"alt_text":"","src":"","width":0,"height":0},"classes":[]},{"id":653,"url":"https:\/\/freitagsworte.de\/index.php\/2018\/06\/15\/zeit-der-freude-zeit-der-vergebung\/","url_meta":{"origin":1621,"position":5},"title":"Zeit der Freude, Zeit der Vergebung","date":"15. Juni 2018","format":false,"excerpt":"Wieder ist der Ramadan schnell vor\u00fcber gegangen. 30 Tage, in denen Muslime weltweit zwischen dem Beginn der Morgend\u00e4mmerung und Sonnenuntergang nicht nur auf Essen und Trinken verzichtet haben, sondern auch mit den Augen, Ohren und mit dem Mund gefastet haben. Sich von negativen Dingen ferngehalten haben. Dabei scheint es so,\u2026","rel":"","context":"In &quot;Ramadan&quot;","img":{"alt_text":"","src":"","width":0,"height":0},"classes":[]}],"_links":{"self":[{"href":"https:\/\/freitagsworte.de\/index.php\/wp-json\/wp\/v2\/posts\/1621"}],"collection":[{"href":"https:\/\/freitagsworte.de\/index.php\/wp-json\/wp\/v2\/posts"}],"about":[{"href":"https:\/\/freitagsworte.de\/index.php\/wp-json\/wp\/v2\/types\/post"}],"author":[{"embeddable":true,"href":"https:\/\/freitagsworte.de\/index.php\/wp-json\/wp\/v2\/users\/3"}],"replies":[{"embeddable":true,"href":"https:\/\/freitagsworte.de\/index.php\/wp-json\/wp\/v2\/comments?post=1621"}],"version-history":[{"count":3,"href":"https:\/\/freitagsworte.de\/index.php\/wp-json\/wp\/v2\/posts\/1621\/revisions"}],"predecessor-version":[{"id":1625,"href":"https:\/\/freitagsworte.de\/index.php\/wp-json\/wp\/v2\/posts\/1621\/revisions\/1625"}],"wp:attachment":[{"href":"https:\/\/freitagsworte.de\/index.php\/wp-json\/wp\/v2\/media?parent=1621"}],"wp:term":[{"taxonomy":"category","embeddable":true,"href":"https:\/\/freitagsworte.de\/index.php\/wp-json\/wp\/v2\/categories?post=1621"},{"taxonomy":"post_tag","embeddable":true,"href":"https:\/\/freitagsworte.de\/index.php\/wp-json\/wp\/v2\/tags?post=1621"}],"curies":[{"name":"wp","href":"https:\/\/api.w.org\/{rel}","templated":true}]}}