{"id":1574,"date":"2021-02-05T08:24:00","date_gmt":"2021-02-05T07:24:00","guid":{"rendered":"https:\/\/freitagsworte.de\/?p=1574"},"modified":"2021-02-05T00:52:34","modified_gmt":"2021-02-04T23:52:34","slug":"unsere-leute","status":"publish","type":"post","link":"https:\/\/freitagsworte.de\/index.php\/2021\/02\/05\/unsere-leute\/","title":{"rendered":"Unsere Leute?"},"content":{"rendered":"\n<p>Wer sind wir? Oder genauer gefragt: Wer sind \u201eWir\u201c?<\/p>\n\n\n\n<p>F\u00fcr uns Muslime, die in der hiesigen Gesellschaft als Minderheit gelten, liegt in dieser Frage eine Gelegenheit und ein Hindernis zugleich.<\/p>\n\n\n\n<p>Die Gelegenheit, durch die Definition gemeinsamer muslimischer Interessen gesellschaftlich Geh\u00f6r zu finden. Oder strukturelle Benachteiligungen sichtbar werden zu lassen. Muslime bewegen sich dann als B\u00fcrger in dieser Gesellschaft, haben an ihr teil und versuchen sie aus der eigenen muslimischen Perspektive zu verbessern &#8211; zum Wohle aller.<\/p>\n\n\n\n<!--more-->\n\n\n\n<p>Aber auch das Hindernis, sich mit allen Muslimen in einer abgeschotteten, dieser Gesellschaft trotzenden Wagenburg zu w\u00e4hnen. Was Muslime dann umgibt, ist kein Zuhause, sondern fremdes Land, ja vielleicht sogar Feindesland, in dem das \u00dcberleben nur m\u00f6glich ist, wenn alle Nichtmuslime als Gegner und alle Muslime als Verb\u00fcndete verstanden werden.<\/p>\n\n\n\n<p>Letzteres ist ein vergiftetes Denken. Denn es konzentriert sich nur auf die Frage, was jemand ist. Nicht, wie sich jemand verh\u00e4lt. Das Unrecht kann dann zum Recht werden, nur weil es von jemandem begangen wird, den wir als Muslimin oder als Muslim wahrnehmen.<\/p>\n\n\n\n<p>Als Muslime sind wir aber dazu berufen, in der Verrichtung guter Taten zu wetteifern. Der Gehalt unserer Rechtschaffenheit bemisst sich nicht nach dem Wesen unseres Glaubens oder nach dem Inhalt unseres Glaubensbekenntnisses.<\/p>\n\n\n\n<p>Als Muslime sind wir dazu berufen, gerecht zu handeln und die Wahrheit zu sagen, selbst wenn sie uns oder unseren Angeh\u00f6rigen zum Nachteil gereicht und uns Schaden verursacht.<\/p>\n\n\n\n<p>Das Kollektiv, in das uns unser Glaube eingliedern will, ist also nicht blo\u00df eine \u201eGemeinschaft der Muslime\u201c, sondern die Gemeinschaft mit allen Menschen. Als Muslime schulden wir allen Menschen gegen\u00fcber Wahrheit, Mitgef\u00fchl, Unterst\u00fctzung und Rechtschaffenheit.<\/p>\n\n\n\n<p>Ob dieser Glaube in das Herz eines Menschen gedrungen ist und es erf\u00fcllt hat, entscheidet sich nicht an der Frage, ob dieser Mensch sich zum Islam bekennt. Ob dieses Bekenntnis sich in seinem Handeln auswirkt, ist die entscheidende Frage. Dann und nur dann kann eine Gemeinschaft der Muslime zum Wohle einer Gemeinschaft aller Menschen wirken.<\/p>\n\n\n\n<p>Die Grenze verl\u00e4uft also nicht zwischen Muslimen und Nichtmuslimen, sondern zwischen Menschen, die bereit sind, zum Wohle aller Menschen gerecht zu handeln und solchen Menschen, die aus Eigensucht nicht dazu bereit sind.<\/p>\n\n\n\n<p>Menschen, die bereit sind, zum Wohle aller Menschen gerecht zu handeln, sind \u201eunsere Leute\u201c. Mit ihnen bilden wir ein \u201eWir\u201c &#8211; egal ob und woran sie glauben.<\/p>\n\n\n\n<p>Menschen, die nicht dazu bereit sind und anderen Menschen gegen\u00fcber ungerecht und ausgrenzend und abwertend handeln, werden nicht zu \u201eunseren Leuten\u201c, nur weil sie einen \u00e4hnlichen Namen haben, eine gemeinsame Sprache sprechen oder im Gebet neben uns stehen. Da gibt es kein \u201eWir\u201c, aus dem Segen erw\u00e4chst. Dort wird das \u201eWir\u201c zur Komplizenschaft im Unrecht.<\/p>\n","protected":false},"excerpt":{"rendered":"<p>Wer sind wir? Oder genauer gefragt: Wer sind \u201eWir\u201c? F\u00fcr uns Muslime, die in der hiesigen Gesellschaft als Minderheit gelten, liegt in dieser Frage eine Gelegenheit und ein Hindernis zugleich. Die Gelegenheit, durch die Definition gemeinsamer muslimischer Interessen gesellschaftlich Geh\u00f6r zu finden. Oder strukturelle Benachteiligungen sichtbar werden zu lassen. Muslime bewegen sich dann als B\u00fcrger&hellip; <\/p>\n<p class=\"simppeli-read-more\"><a href=\"https:\/\/freitagsworte.de\/index.php\/2021\/02\/05\/unsere-leute\/\" class=\"more-link\">Weiterlesen <span class=\"screen-reader-text\">Unsere Leute?<\/span> <span class=\"meta-nav\">&rarr;<\/span><\/a><\/p>\n","protected":false},"author":3,"featured_media":0,"comment_status":"closed","ping_status":"closed","sticky":false,"template":"","format":"standard","meta":{"spay_email":"","jetpack_publicize_message":"","jetpack_is_tweetstorm":false,"jetpack_publicize_feature_enabled":true},"categories":[1],"tags":[],"jetpack_publicize_connections":[],"jetpack_featured_media_url":"","jetpack_sharing_enabled":true,"jetpack_shortlink":"https:\/\/wp.me\/p8tv7g-po","jetpack-related-posts":[{"id":1789,"url":"https:\/\/freitagsworte.de\/index.php\/2021\/12\/31\/silvesterparanoia-2\/","url_meta":{"origin":1574,"position":0},"title":"Silvesterparanoia","date":"31. Dezember 2021","format":false,"excerpt":"Auch dieses Jahr w\u00e4re es zum Ende des kalendarischen Jahres eine Gelegenheit gewesen, aus muslimischer Sicht auf die zur\u00fcckliegenden Monate zu Blicken, die vergangenen Ereignisse aus einer gesamtgesellschaftlichen Perspektive zu kommentieren und die kollektiven Hoffnungen f\u00fcr das bevorstehende Jahr f\u00fcr alle Menschen in diesem Land positiv zu formulieren. Viele Muslime\u2026","rel":"","context":"\u00c4hnlicher Beitrag","img":{"alt_text":"","src":"","width":0,"height":0},"classes":[]},{"id":1552,"url":"https:\/\/freitagsworte.de\/index.php\/2021\/01\/01\/silvesterparanoia\/","url_meta":{"origin":1574,"position":1},"title":"Silvesterparanoia","date":"1. Januar 2021","format":false,"excerpt":"Auch dieses Jahr w\u00e4re es zum Ende des kalendarischen Jahres eine Gelegenheit gewesen, aus muslimischer Sicht auf die zur\u00fcckliegenden Monate zu Blicken, die vergangenen Ereignisse aus einer gesamtgesellschaftlichen Perspektive zu kommentieren und die kollektiven Hoffnungen f\u00fcr das bevorstehende Jahr f\u00fcr alle Menschen in diesem Land positiv zu formulieren. Viele Muslime\u2026","rel":"","context":"\u00c4hnlicher Beitrag","img":{"alt_text":"","src":"","width":0,"height":0},"classes":[]},{"id":70,"url":"https:\/\/freitagsworte.de\/index.php\/2017\/03\/31\/anerkennung-unter-muslimen\/","url_meta":{"origin":1574,"position":2},"title":"Anerkennung unter Muslimen","date":"31. M\u00e4rz 2017","format":false,"excerpt":"Wir beschw\u00f6ren und fordern immer wieder die Einheit unter uns Muslimen, unterstreichen bei jeder Gelegenheit die Br\u00fcderlichkeit bis hin zum \u2013 manchmal \u2013 inflation\u00e4ren Gebrauch des Wortes \u201eAkhi\u201c oder \u201eBruder\u201c bzw. \u201eSchwester\u201c.","rel":"","context":"In &quot;Gemeinschaft&quot;","img":{"alt_text":"","src":"","width":0,"height":0},"classes":[]},{"id":1020,"url":"https:\/\/freitagsworte.de\/index.php\/2019\/03\/29\/mittendrin-statt-nur-dabei\/","url_meta":{"origin":1574,"position":3},"title":"Mittendrin statt nur dabei!","date":"29. M\u00e4rz 2019","format":false,"excerpt":"Ein Gastbeitrag von Mersad Reki\u0107 Im Gespr\u00e4ch stellt man bei vielen Muslimen sehr schnell fest, dass sie \u00e4u\u00dferst unzufrieden mit der Darstellung und Wahrnehmung des Islam in Deutschland sind. W\u00e4hrend Muslime mit Islam positive Begriffe wie Frieden oder Freiheit assoziieren, sind es bei nichtmuslimischen Mitb\u00fcrgern nicht selten Begriffe wie Bedrohung\u2026","rel":"","context":"\u00c4hnlicher Beitrag","img":{"alt_text":"","src":"","width":0,"height":0},"classes":[]},{"id":1715,"url":"https:\/\/freitagsworte.de\/index.php\/2021\/08\/20\/das-hat-nichts-mit-afghanistan-zu-tun\/","url_meta":{"origin":1574,"position":4},"title":"Das hat nichts mit Afghanistan zu tun!","date":"20. August 2021","format":false,"excerpt":"Das hat nichts mit dem Islam zu tun! Wie oft haben wir diesen Satz bereits geh\u00f6rt? Als erste Reaktion muslimischer Vertreter auf Extremismus und Gewalt im Namen des Islam. Gleichg\u00fcltig, wie laut Terroristen sich vor, w\u00e4hrend und nach ihren Taten auf den Islam berufen \u2013 die muslimischen Vertreter waren und\u2026","rel":"","context":"\u00c4hnlicher Beitrag","img":{"alt_text":"","src":"","width":0,"height":0},"classes":[]},{"id":571,"url":"https:\/\/freitagsworte.de\/index.php\/2018\/03\/30\/von-osterhasen-traditionshasen-und-angsthasen\/","url_meta":{"origin":1574,"position":5},"title":"Von Osterhasen, Traditionshasen und Angsthasen","date":"30. M\u00e4rz 2018","format":false,"excerpt":"Heute ist Karfreitag. F\u00fcr unsere christlichen Mitb\u00fcrger ist dies ein Tag gro\u00dfer Trauer und des stillen Gedenkens. Ab Sonntag begehen sie voller Freude und Hoffnung das Osterfest \u2013 die im Bedeutungszusammenhang ihrer Religion betrachtet bedeutsamsten und h\u00f6chsten Feiertage. Anl\u00e4sslich solcher Feiertage entspinnt sich immer h\u00e4ufiger auch eine Debatte dar\u00fcber, wie\u2026","rel":"","context":"In &quot;Gemeinschaft&quot;","img":{"alt_text":"","src":"","width":0,"height":0},"classes":[]}],"_links":{"self":[{"href":"https:\/\/freitagsworte.de\/index.php\/wp-json\/wp\/v2\/posts\/1574"}],"collection":[{"href":"https:\/\/freitagsworte.de\/index.php\/wp-json\/wp\/v2\/posts"}],"about":[{"href":"https:\/\/freitagsworte.de\/index.php\/wp-json\/wp\/v2\/types\/post"}],"author":[{"embeddable":true,"href":"https:\/\/freitagsworte.de\/index.php\/wp-json\/wp\/v2\/users\/3"}],"replies":[{"embeddable":true,"href":"https:\/\/freitagsworte.de\/index.php\/wp-json\/wp\/v2\/comments?post=1574"}],"version-history":[{"count":2,"href":"https:\/\/freitagsworte.de\/index.php\/wp-json\/wp\/v2\/posts\/1574\/revisions"}],"predecessor-version":[{"id":1576,"href":"https:\/\/freitagsworte.de\/index.php\/wp-json\/wp\/v2\/posts\/1574\/revisions\/1576"}],"wp:attachment":[{"href":"https:\/\/freitagsworte.de\/index.php\/wp-json\/wp\/v2\/media?parent=1574"}],"wp:term":[{"taxonomy":"category","embeddable":true,"href":"https:\/\/freitagsworte.de\/index.php\/wp-json\/wp\/v2\/categories?post=1574"},{"taxonomy":"post_tag","embeddable":true,"href":"https:\/\/freitagsworte.de\/index.php\/wp-json\/wp\/v2\/tags?post=1574"}],"curies":[{"name":"wp","href":"https:\/\/api.w.org\/{rel}","templated":true}]}}