{"id":1543,"date":"2021-01-15T08:30:00","date_gmt":"2021-01-15T07:30:00","guid":{"rendered":"https:\/\/freitagsworte.de\/?p=1543"},"modified":"2021-01-14T21:21:04","modified_gmt":"2021-01-14T20:21:04","slug":"der-rassist-in-mir","status":"publish","type":"post","link":"https:\/\/freitagsworte.de\/index.php\/2021\/01\/15\/der-rassist-in-mir\/","title":{"rendered":"Der Rassist in mir"},"content":{"rendered":"\n<p>Rassisten sind nicht nur die Anderen. Ein Eingest\u00e4ndnis, das uns schwer f\u00e4llt, denn daf\u00fcr braucht es eines kritischen Blickes in das eigene Selbst, in die eigene Gruppe, Gemeinschaft, Nation. Die allgemein akzeptierte Definition von Rassismus nimmt den Blick auf den Anderen in ihr Zentrum. Rassismus ist demnach eine Ideologie, die Menschen aufgrund ihres \u00c4u\u00dferen, ihres Namen, ihrer Kultur, Herkunft oder Religion abwertet.<\/p>\n\n\n\n<p>Antirassismus, die Auseinandersetzung mit Rassismus, baut folgerichtig&nbsp; darauf auf, wie mit dem Anderen umgegangen wird, welche Haltung dem Anderen gegen\u00fcber gezeigt wird. Der rassistischen Abwertung des Anderen geht oftmals eine bewusste oder unbewusste Aufwertung des Eigenen voraus: der eigenen Person, der eigenen Gruppe, der eigenen Gemeinschaft oder Nation. Daf\u00fcr braucht es jedoch keiner hochtrabenden Manifeste. An unseren Handlungen oder unserer Unt\u00e4tigkeit k\u00f6nnen wir bereits sehen, ob wir nicht auch selbst Gefahr laufen, in rassistische Denkstrukturen zu verfallen.<\/p>\n\n\n\n<p>Gerade in Deutschland sind es oft Zugewanderte, aber auch Muslime als religi\u00f6se Minderheit, die immer wieder Opfer von Rassismen werden. Doch jede Minderheit hat auch Kontexte, in der sie selbst die Mehrheit stellt. W\u00fcrde das Dasein als Minderheit eine immunisierende Wirkung dagegen haben, selbst zum Rassisten zu werden, w\u00fcrden schwarze Muslime, muslimische Sinti und Roma, aber auch zum Islam konvertierte Muslime in unseren Gemeinden keine Probleme haben. Das Gegenteil ist der Fall.<\/p>\n\n\n\n<!--more-->\n\n\n\n<p>Auch wenn wir in vielen gesamtgesellschaftlichen Kontexten eine Minderheit sind, so schaffen wir es dennoch Grenzen zu ziehen, um uns damit \u00fcber andere zu erheben. Es geht nicht nur darum, wie wir auf den Anderen blicken, sondern auch, wie unsere Haltung denen gegen\u00fcber ist, die wir als Eigene ansehen.<\/p>\n\n\n\n<p>Der Prophet legt uns gerade diesen Blick nahe: <strong>&#8220;Rassismus (Asabiya) ist, dass jemand das Unrecht seines Volkes, seiner Gemeinschaft verteidigt.&#8221;<\/strong><\/p>\n\n\n\n<p>Nicht erst der Umgang mit dem Anderen, seine Abwertung stellt ein Problem dar. Die unkritische Haltung zur eigenen Gemeinschaft, das Dulden des Unrechts, das von den eigenen Leuten begangen wird, bereits dies reicht, um ins Verderben zu st\u00fcrzen.<\/p>\n\n\n\n<p>Ist denn die Annahme, man k\u00f6nnte nicht rassistisch sein, weil man einer Minderheit angeh\u00f6rt, nicht auch schon eine \u00dcberh\u00f6hung der eigenen Gruppe, der eigenen Person? Wie aufrichtig ist das Klagen \u00fcber das Unrecht anderer, wenn man das Unrecht, begangen von Angeh\u00f6rigen der eigenen Gruppe, bewusst \u00fcbersieht, bagatellisiert oder sogar mit dem Hinweis auf erfahrenes Leid verteidigt?<\/p>\n\n\n\n<p>Diesen prophetischen Hinweis darauf zu achten, welche Position wir zu aus der eigenen Gruppe heraus begangenem Unrecht einnehmen, k\u00f6nnen wir in vielen Kontexten zum Ma\u00dfstab unseres eigenen Handelns machen. Wie stehe ich zu dem Unrecht, dass aus meiner eigenen Familie, meiner eigenen Gruppe oder Gemeinschaft ausgeht? Wie gehe ich als Polizist damit um, wenn ich Zeuge von Rassismus unter den eigenen Kollegen werde, wenn ich institutionellen Rassismus in den eigenen Reihen erkenne? Was tue ich als Imam oder Priester, wenn ich Verfehlungen meiner Kollegen kenne oder das Schweigen dar\u00fcber? Was sage ich zum rassistischen Smalltalk auf der n\u00e4chsten Familienfeier?<\/p>\n\n\n\n<p>Eine antirassistische Einstellung und Haltung ist wichtig f\u00fcr den gesamtgesellschaftlichen Frieden. Beim Blick auf den Anderen d\u00fcrfen wir jedoch nie den Blick auf uns selbst verlieren. Unsere Auseinandersetzung mit allen Formen von Rassismen wird unglaubw\u00fcrdig, wenn wir die Augen vor dem Rassismus um uns herum verschlie\u00dfen. Rassisten, das sind nicht nur die Anderen, ja, das sind leider manchmal auch wir selbst.<\/p>\n","protected":false},"excerpt":{"rendered":"<p>Rassisten sind nicht nur die Anderen. Ein Eingest\u00e4ndnis, das uns schwer f\u00e4llt, denn daf\u00fcr braucht es eines kritischen Blickes in das eigene Selbst, in die eigene Gruppe, Gemeinschaft, Nation. Die allgemein akzeptierte Definition von Rassismus nimmt den Blick auf den Anderen in ihr Zentrum. Rassismus ist demnach eine Ideologie, die Menschen aufgrund ihres \u00c4u\u00dferen, ihres&hellip; <\/p>\n<p class=\"simppeli-read-more\"><a href=\"https:\/\/freitagsworte.de\/index.php\/2021\/01\/15\/der-rassist-in-mir\/\" class=\"more-link\">Weiterlesen <span class=\"screen-reader-text\">Der Rassist in mir<\/span> <span class=\"meta-nav\">&rarr;<\/span><\/a><\/p>\n","protected":false},"author":1,"featured_media":0,"comment_status":"closed","ping_status":"closed","sticky":false,"template":"","format":"standard","meta":{"spay_email":"","jetpack_publicize_message":"","jetpack_is_tweetstorm":false,"jetpack_publicize_feature_enabled":true},"categories":[265],"tags":[56,296,391],"jetpack_publicize_connections":[],"jetpack_featured_media_url":"","jetpack_sharing_enabled":true,"jetpack_shortlink":"https:\/\/wp.me\/p8tv7g-oT","jetpack-related-posts":[{"id":1818,"url":"https:\/\/freitagsworte.de\/index.php\/2022\/02\/18\/zwei-jahre-nach-hanau\/","url_meta":{"origin":1543,"position":0},"title":"Zwei Jahre nach Hanau","date":"18. Februar 2022","format":false,"excerpt":"Rassismus t\u00f6tet. Das ist uns nicht erst seit gestern klar. Auch nicht erst nach Hanau. Wir wissen, dass Menschen, die aus rassistischen Motiven hassen, irgendwann auch bereit dazu sind, diesen Hass in m\u00f6rderischer Weise auszuleben. Das erscheint uns kaum begreifbar. Auch wenn dieser letzte Schritt vom Hassen zum T\u00f6ten uns\u2026","rel":"","context":"\u00c4hnlicher Beitrag","img":{"alt_text":"","src":"https:\/\/i0.wp.com\/freitagsworte.de\/wp-content\/uploads\/2021\/02\/IMG_20210219_081346_017.jpg?resize=350%2C200&ssl=1","width":350,"height":200},"classes":[]},{"id":1589,"url":"https:\/\/freitagsworte.de\/index.php\/2021\/02\/19\/ein-jahr-nach-hanau\/","url_meta":{"origin":1543,"position":1},"title":"Ein Jahr nach Hanau","date":"19. Februar 2021","format":false,"excerpt":"Rassismus t\u00f6tet. Das ist uns nicht erst seit gestern klar. Auch nicht erst nach Hanau. Wir wissen, dass Menschen, die aus rassistischen Motiven hassen, irgendwann auch bereit dazu sind, diesen Hass in m\u00f6rderischer Weise auszuleben. Das erscheint uns kaum begreifbar. Auch wenn dieser letzte Schritt vom Hassen zum T\u00f6ten uns\u2026","rel":"","context":"\u00c4hnlicher Beitrag","img":{"alt_text":"","src":"https:\/\/i0.wp.com\/freitagsworte.de\/wp-content\/uploads\/2021\/02\/IMG_20210219_081346_017.jpg?resize=350%2C200&ssl=1","width":350,"height":200},"classes":[]},{"id":1383,"url":"https:\/\/freitagsworte.de\/index.php\/2020\/06\/05\/solidaritaet-nach-belieben\/","url_meta":{"origin":1543,"position":2},"title":"Solidarit\u00e4t nach Belieben","date":"5. Juni 2020","format":false,"excerpt":"Ein Gastbeitrag von B\u00fc\u015fra Delikaya Es ist nicht nur einmal, dass uns die soziale Ungerechtigkeit dieser Welt schmerzlich bewusst wird. Es ist auch nicht das erste Mal, dass ein Schwarzer in den USA rassistischer Polizeigewalt zum Opfer fiel. Etliche Namen wie Michael Brown und Sandra Bland gingen mit trauriger Aktualit\u00e4t\u2026","rel":"","context":"\u00c4hnlicher Beitrag","img":{"alt_text":"","src":"","width":0,"height":0},"classes":[]},{"id":747,"url":"https:\/\/freitagsworte.de\/index.php\/2018\/09\/07\/nicht-mehr-wert-als-der-nichtaraber\/","url_meta":{"origin":1543,"position":3},"title":"&#8230; nicht mehr Wert als der Nichtaraber","date":"7. September 2018","format":false,"excerpt":"N\u00e4chstes Jahr wird es 70 Jahre her sein, seitdem in Deutschland die Verfassung, das Grundgesetz, mit den Worten \u201cDie W\u00fcrde des Menschen ist unantastbar\u201d entworfen worden ist. Nur vier Jahre davor wurde Deutschland von Unmenschlichkeit und Barbarei regiert. W\u00fcrde, Menschlichkeit, alles konnte angetastet,verletzt, missachtet werden. Menschen sollten jeweils unterschiedlich Wert\u2026","rel":"","context":"In &quot;Rassismus&quot;","img":{"alt_text":"","src":"","width":0,"height":0},"classes":[]},{"id":1560,"url":"https:\/\/freitagsworte.de\/index.php\/2021\/01\/22\/wer-vielfalt-leugnet-der-leugnet-die-schoepfung-allahs\/","url_meta":{"origin":1543,"position":4},"title":"Wer Vielfalt leugnet, der leugnet die Sch\u00f6pfung Allahs","date":"22. Januar 2021","format":false,"excerpt":"Ein Gastbeitrag von Fatih Seyfi Weltweit werden viele ethnische wie kulturelle Minderheiten dazu gezwungen, sich einem Zwang der Anpassung und der Aufgabe kultureller Eigenheiten zu unterwerfen. Eines der aktuellsten Beispiele\u00a0sind die muslimischen Uighuren in China. Sch\u00e4tzungen zufolge werden mehr als eine Millionen Uighuren sowie Angeh\u00f6rige anderer muslimischer Minderheiten in der\u2026","rel":"","context":"\u00c4hnlicher Beitrag","img":{"alt_text":"","src":"","width":0,"height":0},"classes":[]},{"id":670,"url":"https:\/\/freitagsworte.de\/index.php\/2018\/06\/29\/wer-wir-sein-wollen\/","url_meta":{"origin":1543,"position":5},"title":"Wer wir sein wollen","date":"29. Juni 2018","format":false,"excerpt":"Wenn wir den Gleichheitsgrundsatz f\u00fcr uns beanspruchen wollen, m\u00fcssen wir ihn auch f\u00fcr alle anderen gesellschaftlichen Minderheiten einfordern. Wie wir Grund- und Menschenrechte verstehen und im Alltag leben, definiert wer wir sind \u2013 als Gesellschaft.","rel":"","context":"In &quot;Rassismus&quot;","img":{"alt_text":"","src":"","width":0,"height":0},"classes":[]}],"_links":{"self":[{"href":"https:\/\/freitagsworte.de\/index.php\/wp-json\/wp\/v2\/posts\/1543"}],"collection":[{"href":"https:\/\/freitagsworte.de\/index.php\/wp-json\/wp\/v2\/posts"}],"about":[{"href":"https:\/\/freitagsworte.de\/index.php\/wp-json\/wp\/v2\/types\/post"}],"author":[{"embeddable":true,"href":"https:\/\/freitagsworte.de\/index.php\/wp-json\/wp\/v2\/users\/1"}],"replies":[{"embeddable":true,"href":"https:\/\/freitagsworte.de\/index.php\/wp-json\/wp\/v2\/comments?post=1543"}],"version-history":[{"count":1,"href":"https:\/\/freitagsworte.de\/index.php\/wp-json\/wp\/v2\/posts\/1543\/revisions"}],"predecessor-version":[{"id":1544,"href":"https:\/\/freitagsworte.de\/index.php\/wp-json\/wp\/v2\/posts\/1543\/revisions\/1544"}],"wp:attachment":[{"href":"https:\/\/freitagsworte.de\/index.php\/wp-json\/wp\/v2\/media?parent=1543"}],"wp:term":[{"taxonomy":"category","embeddable":true,"href":"https:\/\/freitagsworte.de\/index.php\/wp-json\/wp\/v2\/categories?post=1543"},{"taxonomy":"post_tag","embeddable":true,"href":"https:\/\/freitagsworte.de\/index.php\/wp-json\/wp\/v2\/tags?post=1543"}],"curies":[{"name":"wp","href":"https:\/\/api.w.org\/{rel}","templated":true}]}}