{"id":1350,"date":"2020-05-01T08:26:00","date_gmt":"2020-05-01T06:26:00","guid":{"rendered":"https:\/\/freitagsworte.de\/?p=1350"},"modified":"2020-04-30T22:15:32","modified_gmt":"2020-04-30T20:15:32","slug":"der-segen-der-nacht","status":"publish","type":"post","link":"https:\/\/freitagsworte.de\/index.php\/2020\/05\/01\/der-segen-der-nacht\/","title":{"rendered":"Der Segen der Nacht"},"content":{"rendered":"\n<p>Es sind die gemeinschaftlichen Rituale von Religion, die auf uns besonders intensiv wirken. Das Dschuma-\/Freitagsgebet im Islam, der Gottesdienst am Sonntag in der Kirche oder die Zusammenkunft eines Minjan, einer Betgemeinde im Judentum. Die Bilder von solchen Gebeten werden zu Symbolen der gemeinsam erlebten Spiritualit\u00e4t, ob nach innen oder nach au\u00dfen.<\/p>\n\n\n\n<p>Gemeinschaftliche Gottesdienste sind jedoch nicht die einzige m\u00f6gliche Form f\u00fcr Spiritualit\u00e4t in den Religionen, insbesondere im Islam. Lange vor dem gemeinsamen Gebet war es die individuelle Erfahrung, zB die Spiritualit\u00e4t der Nacht, die die Herzen des Propheten und seiner Gef\u00e4hrten bewegten.<\/p>\n\n\n\n<p>Von Anfang an ruft Allah teala den Propheten zum Gebet in der Nacht. Dieser folgt diesem Ruf bis an sein Lebensende. Noch bevor es das rituelle Gebet f\u00fcnfmal am Tag gibt, steht der Prophet mitten in der Nacht und lobpreist seinen Herrn. In der Sure Muzzammil, eines der fr\u00fchesten offenbarten Suren des Korans, ist der Appell sehr eindringlich, lyrisch:<\/p>\n\n\n\n<!--more-->\n\n\n\n<blockquote class=\"wp-block-quote\"><p>Steh auf zur Nacht, nur eine kleine Weil&#8217;,<br>die H\u00e4lfte von ihr, oder mindere sie um ein Teil,<br>oder verl\u00e4ngere sie! Trag die Lesung vor, getragen!<br>Siehe, wir werden dir auferlegen ein schweres Wort.<br>Siehe, der Nacht Beginn ist eindrucksvoller, klarer ihr Wort.<br>Siehe, des Tages M\u00fche w\u00e4hrt f\u00fcr dich fort und fort.<br>Gedenke deines Herrn, und widme dich ihm immerfort,<br>dem Herrn des Ostens und des Westens<br>&#8211; kein Gott ist au\u00dfer ihm!<br>So nimm ihn dir zum Hort! (73:2-9)<\/p><\/blockquote>\n\n\n\n<p>Nicht das gemeinsame Gebet pr\u00e4gte die religi\u00f6se Praxis der ersten Gemeinde, sondern das tiefe Gebet in der Nacht, wenn die &#8220;Tages M\u00fche&#8221; zur\u00fcckgelassen ist, wenn die Worte &#8220;klarer&#8221; zum Herzen dringen. Der Prophet (as) trug w\u00e4hrend dieses Gebetes den Koran, zumindest den bis dorthin herabgesandten Teil, vor. Ruhig, ohne Hast, Silbe f\u00fcr Silbe, Wort f\u00fcr Wort.<\/p>\n\n\n\n<p>Aus der Exegese\/ dem Tafsir von Mukatil bin Sulaiman, der \u00e4ltesten uns vorliegenden Exegese des Korans, erfahren wir, dass seine Gef\u00e4hrten dem Vorbild des Propheten folgten. &#8220;Sie beteten nur nachts&#8221;, \u00fcberliefert er. Lange beteten sie, bis ihre F\u00fc\u00dfe vom Stehen anschwollen.<\/p>\n\n\n\n<p>Alleine standen sie ihrem Herrn, &#8220;dem Herrn des Ostens und des Westens&#8221; gegen\u00fcber. Alleine pr\u00fcften sie ihr Gewissen und warfen ihre Herzen selbst auf die Waagschale. Es war nicht nur ein Rezitieren von Koranversen. Das Gedenken an Allah ging viel weiter, bezog ihr ganzes Leben, ihren Alltag mit ein. In diesen N\u00e4chten setzte sich der Glauben fest in ihre Herzen, pr\u00e4gte Gottes Wort ihre Haltung und Perspektive.<\/p>\n\n\n\n<p>Sie beteten zwar jeweils f\u00fcr sich allein, doch sie wussten, dass sie zu dieser sp\u00e4ten Stunde nicht einsam vor Gott standen. Der Prophet stand mit ihnen, ihre Gef\u00e4hrten reihten sich unsichtbar neben sie ein. Mochten sie \u00f6rtlich noch so getrennt sein, ihre Herzen waren in diesen Stunden eins. Gemeinsam, jeder f\u00fcr sich allein, nahmen sie Zuflucht bei dem Herrn der Welten und bezeugten: &#8220;kein Gott ist au\u00dfer ihm&#8221;.<\/p>\n","protected":false},"excerpt":{"rendered":"<p>Es sind die gemeinschaftlichen Rituale von Religion, die auf uns besonders intensiv wirken. Das Dschuma-\/Freitagsgebet im Islam, der Gottesdienst am Sonntag in der Kirche oder die Zusammenkunft eines Minjan, einer Betgemeinde im Judentum. Die Bilder von solchen Gebeten werden zu Symbolen der gemeinsam erlebten Spiritualit\u00e4t, ob nach innen oder nach au\u00dfen. Gemeinschaftliche Gottesdienste sind jedoch&hellip; <\/p>\n<p class=\"simppeli-read-more\"><a href=\"https:\/\/freitagsworte.de\/index.php\/2020\/05\/01\/der-segen-der-nacht\/\" class=\"more-link\">Weiterlesen <span class=\"screen-reader-text\">Der Segen der Nacht<\/span> <span class=\"meta-nav\">&rarr;<\/span><\/a><\/p>\n","protected":false},"author":1,"featured_media":0,"comment_status":"closed","ping_status":"closed","sticky":false,"template":"","format":"standard","meta":{"spay_email":"","jetpack_publicize_message":"","jetpack_is_tweetstorm":false,"jetpack_publicize_feature_enabled":true},"categories":[380],"tags":[365,128,381,348],"jetpack_publicize_connections":[],"jetpack_featured_media_url":"","jetpack_sharing_enabled":true,"jetpack_shortlink":"https:\/\/wp.me\/p8tv7g-lM","jetpack-related-posts":[{"id":641,"url":"https:\/\/freitagsworte.de\/index.php\/2018\/06\/01\/ramadan-spiritualitaet-fuer-alle\/","url_meta":{"origin":1350,"position":0},"title":"Ramadan \u2013 Spiritualit\u00e4t f\u00fcr Alle?","date":"1. Juni 2018","format":false,"excerpt":"Im Ramadan erreicht die Spiritualit\u00e4t der Muslime ihren H\u00f6henpunkt. Der Fastenmonat ist gesegnet von Gottesdiensten, die dem Gl\u00e4ubigen die M\u00f6glichkeit geben, k\u00f6rperlich und seelisch Allahs N\u00e4he zu sp\u00fcren. Sowohl das Fasten als auch das rituelle Gebet und die religi\u00f6se Pflichtgabe und Almosen sollen in diesem Monat intensiv verrichtet werden, so\u2026","rel":"","context":"In &quot;Aufrichtigkeit&quot;","img":{"alt_text":"","src":"","width":0,"height":0},"classes":[]},{"id":1398,"url":"https:\/\/freitagsworte.de\/index.php\/2020\/06\/19\/wissen-bringt-verantwortung-mit-sich\/","url_meta":{"origin":1350,"position":1},"title":"Wissen bringt Verantwortung mit sich","date":"19. Juni 2020","format":false,"excerpt":"Rassismus, Nationalismus, Gewalt gegen\u00fcber Minderheiten, Frauen und Kinder, eine immer gr\u00f6\u00dfer werdende Kluft zwischen Arm und Reich: Das sind die gravierensten Probleme unserer Gegenwart. Ohne eine ehrliche und schmerzhafte Auseinandersetzung mit diesen Problemen k\u00f6nnen wir sie als Gesellschaft nicht \u00fcberwinden. Spirituelle Menschen sehen in ihrem Glauben oft eine Ressource und\u2026","rel":"","context":"\u00c4hnlicher Beitrag","img":{"alt_text":"","src":"","width":0,"height":0},"classes":[]},{"id":1833,"url":"https:\/\/freitagsworte.de\/index.php\/2022\/03\/11\/ich-fuehle-es-nicht\/","url_meta":{"origin":1350,"position":2},"title":"Ich f\u00fchle es nicht.","date":"11. M\u00e4rz 2022","format":false,"excerpt":"Ein Gastbeitrag von Sumayya Ahmed Stell dir vor, eine Person erz\u00e4hlt, sie hat Probleme, ihre Spiritualit\u00e4t zu f\u00fchlen. Sie betet jeden Tag, jeden Tag erledigt sie pflichtbewusst ihre Gebete, aber sie f\u00fchlt nichts. Sie f\u00fchlt sich einfach nicht erf\u00fcllt. Sie f\u00fchlt, als w\u00fcrde jedes Gebet nur ein weiteres To-Do auf\u2026","rel":"","context":"\u00c4hnlicher Beitrag","img":{"alt_text":"","src":"","width":0,"height":0},"classes":[]},{"id":1064,"url":"https:\/\/freitagsworte.de\/index.php\/2019\/05\/03\/der-ramadan-ist-gottesnaehe\/","url_meta":{"origin":1350,"position":3},"title":"Der Ramadan ist Gottesn\u00e4he","date":"3. Mai 2019","format":false,"excerpt":"Ruhig ist es, wie an einem warmen Sommerabend auf einer weiten Wiese. Ein leichter Lufthauch umstr\u00f6mt uns, fern aller Hektik und Sorge. So in etwa f\u00fchlt sich f\u00fcr viele Muslime der erste Abend des Fastens im Ramadan und viele weitere Abende dieses besonderen Monats an. Diese Minuten vor dem Fastenbrechen,\u2026","rel":"","context":"In &quot;Ramadan&quot;","img":{"alt_text":"","src":"","width":0,"height":0},"classes":[]},{"id":759,"url":"https:\/\/freitagsworte.de\/index.php\/2018\/09\/14\/gewissensfragen\/","url_meta":{"origin":1350,"position":4},"title":"Gewissensfragen","date":"14. September 2018","format":false,"excerpt":"Gew\u00f6hnlich findet sich freitags an dieser Stelle ein Text, mit dem das Thema Spiritualit\u00e4t im Islam angesprochen wird. Oder die Autoren versuchen, eben jene Spiritualit\u00e4t durch ihre Texte sp\u00fcrbar zu machen. Aber zuweilen hat man das Gef\u00fchl, dass die \u00e4u\u00dferen Bedingungen unserer Existenz unsere Gedankenwelt derart \u00fcberlagern, dass kein Platz\u2026","rel":"","context":"In &quot;Aufrichtigkeit&quot;","img":{"alt_text":"","src":"","width":0,"height":0},"classes":[]},{"id":534,"url":"https:\/\/freitagsworte.de\/index.php\/2018\/02\/16\/tue-gutes-so-wie-allah-dir-gutes-tat\/","url_meta":{"origin":1350,"position":5},"title":"Tue Gutes, so wie Allah dir Gutes tat","date":"16. Februar 2018","format":false,"excerpt":"Religiosit\u00e4t und Gl\u00e4ubigkeit findet f\u00fcr Muslime nicht in einem begrenzten sakralen Raum statt. Vielmehr spiegelt sich der Glauben in der Haltung und der Handlung der Gl\u00e4ubigen wieder. Der religi\u00f6se Dienst beschr\u00e4nkt sich nicht auf das Gebet in der Moschee oder das Fasten im Ramadan, es durchzieht das ganze Leben. Religiosit\u00e4t\u2026","rel":"","context":"In &quot;Gottesn\u00e4he&quot;","img":{"alt_text":"","src":"","width":0,"height":0},"classes":[]}],"_links":{"self":[{"href":"https:\/\/freitagsworte.de\/index.php\/wp-json\/wp\/v2\/posts\/1350"}],"collection":[{"href":"https:\/\/freitagsworte.de\/index.php\/wp-json\/wp\/v2\/posts"}],"about":[{"href":"https:\/\/freitagsworte.de\/index.php\/wp-json\/wp\/v2\/types\/post"}],"author":[{"embeddable":true,"href":"https:\/\/freitagsworte.de\/index.php\/wp-json\/wp\/v2\/users\/1"}],"replies":[{"embeddable":true,"href":"https:\/\/freitagsworte.de\/index.php\/wp-json\/wp\/v2\/comments?post=1350"}],"version-history":[{"count":1,"href":"https:\/\/freitagsworte.de\/index.php\/wp-json\/wp\/v2\/posts\/1350\/revisions"}],"predecessor-version":[{"id":1351,"href":"https:\/\/freitagsworte.de\/index.php\/wp-json\/wp\/v2\/posts\/1350\/revisions\/1351"}],"wp:attachment":[{"href":"https:\/\/freitagsworte.de\/index.php\/wp-json\/wp\/v2\/media?parent=1350"}],"wp:term":[{"taxonomy":"category","embeddable":true,"href":"https:\/\/freitagsworte.de\/index.php\/wp-json\/wp\/v2\/categories?post=1350"},{"taxonomy":"post_tag","embeddable":true,"href":"https:\/\/freitagsworte.de\/index.php\/wp-json\/wp\/v2\/tags?post=1350"}],"curies":[{"name":"wp","href":"https:\/\/api.w.org\/{rel}","templated":true}]}}