{"id":1323,"date":"2020-04-03T08:00:00","date_gmt":"2020-04-03T06:00:00","guid":{"rendered":"https:\/\/freitagsworte.de\/?p=1323"},"modified":"2020-04-19T20:49:57","modified_gmt":"2020-04-19T18:49:57","slug":"der-loewe-der-sich-selbst-angriff-2","status":"publish","type":"post","link":"https:\/\/freitagsworte.de\/index.php\/2020\/04\/03\/der-loewe-der-sich-selbst-angriff-2\/","title":{"rendered":"Der L\u00f6we, der sich selbst angriff"},"content":{"rendered":"\n<p>Es vergeht wohl kaum ein Tag, ohne dass wir uns \u00fcber einen anderen Menschen aufregen. Sei es zu Hause, in der Familie, im Stra\u00dfenverkehr, an der Kasse im Supermarkt oder auch in den sozialen Medien, immer wieder gibt es Situationen, in denen wir Ansto\u00df nehmen am Verhalten unserer Mitmenschen. Wir entr\u00fcsten uns dann \u00fcber die Ignoranz dieser Leute, \u00fcber ihre R\u00fccksichtslosigkeit, \u00fcber ihre Eitelkeit und ihre mangelnde Einsicht. Zuweilen prangern wir sie sogar \u00f6ffentlich an, indem wir unseresgleichen auf diese Fehlverhalten aufmerksam machen und Best\u00e4tigung f\u00fcr unsere Erregtheit suchen.<\/p>\n\n\n\n<!--more-->\n\n\n\n<p>Seien wir aber einmal ehrlich! Schlecht \u00fcber andere zu denken ist Ausdruck eigenen Hochmuts. Ob wir es zugeben m\u00f6gen oder nicht, wenn wir uns \u00fcber jemanden echauffieren, dann tun wir dies doch stets in dem Glauben, ihm\/ihr \u00fcberlegen zu sein. Wir erheben uns \u00fcber diese Person und ma\u00dfen uns an, sie zu be- und zu verurteilen. Insgeheim gefallen wir uns in der Rolle des vermeintlichen Kritikers, der die Dinge beim Namen nennt, ohne uns allerdings auch nur im Ansatz unserer eigenen Vermessenheit bewusst zu werden. Unser Moralismus ist also in Wirklichkeit nur eine versteckte Selbstgef\u00e4lligkeit, eine Form der Selbst\u00fcberhebung, die wiederum der Koran aufs Sch\u00e4rfste verurteilt: \u201e<em>Er (Allah) liebt nicht die Hochm\u00fctigen.<\/em>\u201c (Koran 16:23)<\/p>\n\n\n\n<p>Mit anderen Worten: Indem wir schlecht \u00fcber andere denken und reden, tun wir eigentlich nichts anderes, als unsere eigenen M\u00e4ngel und Verwerflichkeiten auf andere zu projizieren. Wir am\u00fcsieren uns dar\u00fcber, Fehler bei anderen ausfindig gemacht zu haben, erg\u00f6tzen uns damit aber nur an unserem eigenen D\u00fcnkel. \u00dcble Rede ist das Werk eines \u00fcblen Charakters. Sie schadet daher nicht nur den anderen, sondern vor allem auch uns selbst.&nbsp;<\/p>\n\n\n\n<p>Mawlana Dschalaluddin Rumi, der gro\u00dfe persische Sufi des 13. Jahrhunderts, vergleicht ein solches Verhalten deshalb mit dem eines L\u00f6wen, der sein eigenes Spiegelbild f\u00fcr einen Feind h\u00e4lt und sich folglich selbst angreift.<\/p>\n\n\n\n<blockquote class=\"wp-block-quote\"><p>\u201eOh! Viele Fehler, die du bei den anderen siehst, sind nur Spiegelbilder deiner eigenen Natur, o Leser! In ihnen zeigt sich alles, was du in deiner Heuchelei, deiner Ungerechtigkeit und S\u00fcnde bist. Du bist der \u00dcbelt\u00e4ter, und du schl\u00e4gst dich selbst; dich selbst verfluchst du in diesem Augenblick. Du siehst das Schlechte in dir nicht deutlich, sonst w\u00fcrdest du dich selbst mit Herz und Seele hassen. Du greifst dich selbst an, du Einfaltspinsel, wie der L\u00f6we, der sich selbst anspringt. Wenn du auf den Grund deines eigenen Wesens kommst, wirst du wissen, dass die Niedertracht von dir selbst kommt. Auf dem Grunde des Brunnens wurde es dem L\u00f6wen klar, dass der, der jemand anderes zu sein schien, nur sein eigenes Bild war. \u2026 Die Gl\u00e4ubigen sind die Spiegel der Gl\u00e4ubigen; dies hat der Prophet gesagt, wird berichtet. Du hast blaues Glas vor deine Augen gehalten; aus diesem Grund erschien die Welt dir blau. Wenn du nicht blind bist, dann wei\u00dft du, dass das Blau von dir kommt; sprich schlecht \u00fcber dich, sprich \u00fcber niemanden anderen mehr schlecht.\u201c (Mathnawi I, 1319-1330)<\/p><\/blockquote>\n\n\n\n<p>Anstatt uns also weiterhin \u00fcber die Fehler anderer Menschen zu erregen, sollten wir das n\u00e4chste Mal vielleicht f\u00fcr einen kurzen Moment innehalten und uns unsere eigenen Unzul\u00e4nglichkeiten vergegenw\u00e4rtigen. Wir sollten uns im Klaren dar\u00fcber sein, dass die Defizite, die wir meinen, bei anderen zu erkennen, im Grunde genommen nur Abbilder unserer eigenen Unvollkommenheit sind. Oder wie es der wunderbare Hermann Hesse in seiner Erz\u00e4hlung&nbsp;<em>Demian&nbsp;<\/em>ausgedr\u00fcckt hat:<\/p>\n\n\n\n<blockquote class=\"wp-block-quote\"><p>\u201eDer Mensch, den Sie t\u00f6ten m\u00f6chten, ist ja nie der Herr Soundso, er ist sicher nur eine Verkleidung. Wenn wir einen Menschen hassen, so hassen wir in seinem Bild etwas, was in uns selber sitzt. Was nicht in uns selber ist, das regt uns nicht auf.\u201c <\/p><\/blockquote>\n\n\n\n<p>(as)<\/p>\n","protected":false},"excerpt":{"rendered":"<p>Es vergeht wohl kaum ein Tag, ohne dass wir uns \u00fcber einen anderen Menschen aufregen. Sei es zu Hause, in der Familie, im Stra\u00dfenverkehr, an der Kasse im Supermarkt oder auch in den sozialen Medien, immer wieder gibt es Situationen, in denen wir Ansto\u00df nehmen am Verhalten unserer Mitmenschen. Wir entr\u00fcsten uns dann \u00fcber die&hellip; <\/p>\n<p class=\"simppeli-read-more\"><a href=\"https:\/\/freitagsworte.de\/index.php\/2020\/04\/03\/der-loewe-der-sich-selbst-angriff-2\/\" class=\"more-link\">Weiterlesen <span class=\"screen-reader-text\">Der L\u00f6we, der sich selbst angriff<\/span> <span class=\"meta-nav\">&rarr;<\/span><\/a><\/p>\n","protected":false},"author":11,"featured_media":0,"comment_status":"closed","ping_status":"closed","sticky":false,"template":"","format":"standard","meta":{"spay_email":"","jetpack_publicize_message":"","jetpack_is_tweetstorm":false,"jetpack_publicize_feature_enabled":true},"categories":[1],"tags":[],"jetpack_publicize_connections":[],"jetpack_featured_media_url":"","jetpack_sharing_enabled":true,"jetpack_shortlink":"https:\/\/wp.me\/p8tv7g-ll","jetpack-related-posts":[{"id":1723,"url":"https:\/\/freitagsworte.de\/index.php\/2021\/09\/03\/der-loewe-der-sich-selbst-angriff-3\/","url_meta":{"origin":1323,"position":0},"title":"DER L\u00d6WE, DER SICH SELBST ANGRIFF","date":"3. September 2021","format":false,"excerpt":"Es vergeht wohl kaum ein Tag, ohne dass wir uns \u00fcber einen anderen Menschen aufregen. Sei es zu Hause, in der Familie, im Stra\u00dfenverkehr, an der Kasse im Supermarkt oder auch in den sozialen Medien, immer wieder gibt es Situationen, in denen wir Ansto\u00df nehmen am Verhalten unserer Mitmenschen. Wir\u2026","rel":"","context":"\u00c4hnlicher Beitrag","img":{"alt_text":"","src":"","width":0,"height":0},"classes":[]},{"id":858,"url":"https:\/\/freitagsworte.de\/index.php\/2018\/12\/07\/der-loewe-der-sich-selbst-angriff\/","url_meta":{"origin":1323,"position":1},"title":"Der L\u00f6we, der sich selbst angriff","date":"7. Dezember 2018","format":false,"excerpt":"Es vergeht wohl kaum ein Tag, ohne dass wir uns \u00fcber einen anderen Menschen aufregen. Sei es zu Hause, in der Familie, im Stra\u00dfenverkehr, an der Kasse im Supermarkt oder auch in den sozialen Medien, immer wieder gibt es Situationen, in denen wir Ansto\u00df nehmen am Verhalten unserer Mitmenschen. Wir\u2026","rel":"","context":"In &quot;Aufrichtigkeit&quot;","img":{"alt_text":"","src":"","width":0,"height":0},"classes":[]},{"id":495,"url":"https:\/\/freitagsworte.de\/index.php\/2018\/01\/19\/frevler-sind-immer-die-anderen\/","url_meta":{"origin":1323,"position":2},"title":"Frevler sind immer die anderen","date":"19. Januar 2018","format":false,"excerpt":"Der Weg in die H\u00f6lle ist mit guten Vors\u00e4tzen gepflastert. Dieser Sinnspruch ist in vielen Kulturen, in vielen unterschiedlichen Sprachen bekannt. Wir Muslime sind davon \u00fcberzeugt, dass der Vorsatz, die Absicht, die unserem Handeln zu Grunde liegt, das Entscheidende ist. Wir nehmen h\u00e4ufig an, das Resultat unseres Handelns oder unserer\u2026","rel":"","context":"In &quot;Aufrichtigkeit&quot;","img":{"alt_text":"","src":"","width":0,"height":0},"classes":[]},{"id":1663,"url":"https:\/\/freitagsworte.de\/index.php\/2021\/05\/28\/frevler-sind-immer-die-anderen-3\/","url_meta":{"origin":1323,"position":3},"title":"Frevler sind immer die anderen","date":"28. Mai 2021","format":false,"excerpt":"Der Weg in die H\u00f6lle ist mit guten Vors\u00e4tzen gepflastert. Dieser Sinnspruch ist in vielen Kulturen, in vielen unterschiedlichen Sprachen bekannt. Wir Muslime sind davon \u00fcberzeugt, dass der Vorsatz, die Absicht, die unserem Handeln zu Grunde liegt, das Entscheidende ist. Wir nehmen h\u00e4ufig an, das Resultat unseres Handelns oder unserer\u2026","rel":"","context":"\u00c4hnlicher Beitrag","img":{"alt_text":"","src":"","width":0,"height":0},"classes":[]},{"id":1402,"url":"https:\/\/freitagsworte.de\/index.php\/2020\/06\/26\/frevler-sind-immer-die-anderen-2\/","url_meta":{"origin":1323,"position":4},"title":"Frevler sind immer die Anderen","date":"26. Juni 2020","format":false,"excerpt":"Der Weg in die H\u00f6lle ist mit guten Vors\u00e4tzen gepflastert. Dieser Sinnspruch ist in vielen Kulturen, in vielen unterschiedlichen Sprachen bekannt. Wir Muslime sind davon \u00fcberzeugt, dass der Vorsatz, die Absicht, die unserem Handeln zu Grunde liegt, das Entscheidende ist. Wir nehmen h\u00e4ufig an, das Resultat unseres Handelns oder unserer\u2026","rel":"","context":"\u00c4hnlicher Beitrag","img":{"alt_text":"","src":"","width":0,"height":0},"classes":[]},{"id":792,"url":"https:\/\/freitagsworte.de\/index.php\/2018\/10\/26\/der-instagram-glaube-der-selfie-muslime\/","url_meta":{"origin":1323,"position":5},"title":"Der Glaube im Instagram-Zeitalter","date":"26. Oktober 2018","format":false,"excerpt":"Hinter dem auf diese Weise ge\u00e4u\u00dferten \u201eguten Willen\u201c steckt in Wahrheit manchmal nichts anderes als reine Geh\u00e4ssigkeit. Als Muslime sind wir dazu angehalten, zun\u00e4chst Gutes, und immer nur Gutes von unseren Mitmenschen zu denken. Denn wer nicht Allahs Gesch\u00f6pfe liebt, der liebt auch nicht Allah.","rel":"","context":"In &quot;Aufrichtigkeit&quot;","img":{"alt_text":"","src":"","width":0,"height":0},"classes":[]}],"_links":{"self":[{"href":"https:\/\/freitagsworte.de\/index.php\/wp-json\/wp\/v2\/posts\/1323"}],"collection":[{"href":"https:\/\/freitagsworte.de\/index.php\/wp-json\/wp\/v2\/posts"}],"about":[{"href":"https:\/\/freitagsworte.de\/index.php\/wp-json\/wp\/v2\/types\/post"}],"author":[{"embeddable":true,"href":"https:\/\/freitagsworte.de\/index.php\/wp-json\/wp\/v2\/users\/11"}],"replies":[{"embeddable":true,"href":"https:\/\/freitagsworte.de\/index.php\/wp-json\/wp\/v2\/comments?post=1323"}],"version-history":[{"count":1,"href":"https:\/\/freitagsworte.de\/index.php\/wp-json\/wp\/v2\/posts\/1323\/revisions"}],"predecessor-version":[{"id":1324,"href":"https:\/\/freitagsworte.de\/index.php\/wp-json\/wp\/v2\/posts\/1323\/revisions\/1324"}],"wp:attachment":[{"href":"https:\/\/freitagsworte.de\/index.php\/wp-json\/wp\/v2\/media?parent=1323"}],"wp:term":[{"taxonomy":"category","embeddable":true,"href":"https:\/\/freitagsworte.de\/index.php\/wp-json\/wp\/v2\/categories?post=1323"},{"taxonomy":"post_tag","embeddable":true,"href":"https:\/\/freitagsworte.de\/index.php\/wp-json\/wp\/v2\/tags?post=1323"}],"curies":[{"name":"wp","href":"https:\/\/api.w.org\/{rel}","templated":true}]}}