{"id":1306,"date":"2020-03-19T19:00:00","date_gmt":"2020-03-19T18:00:00","guid":{"rendered":"https:\/\/freitagsworte.de\/?p=1306"},"modified":"2020-04-19T20:50:23","modified_gmt":"2020-04-19T18:50:23","slug":"solidaritaet-und-menschlichkeit","status":"publish","type":"post","link":"https:\/\/freitagsworte.de\/index.php\/2020\/03\/19\/solidaritaet-und-menschlichkeit\/","title":{"rendered":"Solidarit\u00e4t ist das Gebot der Stunde"},"content":{"rendered":"\n<p>Das Coronavirus bestimmt nun auch unseren Alltag. Zun\u00e4chst waren wir nur Beobachter. Wir dachten, dass uns diese Gefahr nicht treffen w\u00fcrde, als in China bereits Millionen Menschen in Mitleidenschaft gezogen wurden. Wir Menschen realisieren eine Gefahr erst, wenn wir unmittelbar davon betroffen sind. All das, was f\u00fcr uns normal und allt\u00e4glich ist, ger\u00e4t jetzt pl\u00f6tzlich ins Wanken.<\/p>\n\n\n\n<p>Das Virus, die Krise, die Reaktionen, sie ver\u00e4ndern uns auf ungeahnte Weise. Unser Blick auf das Leben, unsere Wahrnehmung von Normalit\u00e4t, unsere gewohnten Reflexe, alles versagt. Viele Weichen in unseren K\u00f6pfen werden wir neu stellen, viele Pfade verlassen und neu anlegen m\u00fcssen. Es gibt Vieles, wor\u00fcber wir nach den Erfahrungen und dem Umgang mit dem Coronavirus reflektieren m\u00fcssen, auch innerhalb unserer muslimischen Community.<\/p>\n\n\n\n<!--more-->\n\n\n\n<p>Eine existenzielle Bedrohung wie das Coronavirus wird derzeit nicht nur von Rechtspopulisten und Nazis f\u00fcr ihre politische Agenda missbraucht. Auch t\u00fcrkische Identit\u00e4re und vermeintliche Islamgelehrte bedienen in diesen schwierigen Zeiten die absurdesten Verschw\u00f6rungstheorien und einen Antisemitismus. Um vom eigenen Versagen und den zu sp\u00e4ten Vorkehrungen abzulenken, sprechen manche Muslime von einer \u201ebiologischen Kriegsf\u00fchrung\u201c der USA oder Israels oder schwadronieren von einem Coup der Banken und meinen damit die \u201ej\u00fcdische Finanzlobby\u201c.<\/p>\n\n\n\n<p>Diese Stimmen kann man nicht einfach als krude Aussagen von einzelnen Verwirrten abtun. Sie bekommen in t\u00fcrkischen, arabischen oder iranischen Medien sehr viel Raum, so dass sich diese gef\u00e4hrlichen Narrative in den K\u00f6pfen der Bev\u00f6lkerung festsetzen. In solchen extremen Situationen zeigt sich wieder, wie Extremisten jeglicher Couleur sich \u00e4hnlicher sind, als viele von uns denken. Trotz der gegenseitigen Feindseligkeiten nutzen sie existenzielle Bedrohungslagen wie die jetzige aus, um ihre Feindbilder und Ressentiments unter das Volk zu bringen.<\/p>\n\n\n\n<p>Deswegen ist es gerade jetzt wichtiger denn je, solchen gef\u00e4hrlichen Narrativen \u00fcberall dort, wo man mit diesen konfrontiert wird, unmissverst\u00e4ndlich entgegenzutreten, um dadurch die menschliche Solidarit\u00e4t, die wir jetzt dringender denn je ben\u00f6tigen, zu verteidigen. Wir m\u00fcssen gerade in Notsituationen wie diesen deutlich machen, dass wir f\u00fcreinander da sind, unabh\u00e4ngig davon, welchen Glauben oder welche Herkunft wir haben.<\/p>\n\n\n\n<p>Gerade die J\u00fcngeren unter uns tragen eine gro\u00dfe Verantwortung f\u00fcr die besonders gef\u00e4hrdeten \u00e4lteren Menschen unter uns. Wir m\u00fcssen unseren \u00e4lteren Nachbarn, Verwandten und Bekannten Hilfe anbieten, wenn es um allt\u00e4gliche Dinge wie den Einkauf geht. Aber die J\u00fcngeren unter uns m\u00fcssen auch \u2013 trotz des guten Wetters \u2013 darauf achten, die sozialen Kontakte auf das N\u00f6tigste zu reduzieren.<\/p>\n\n\n\n<p>Auch wenn die Krankheit f\u00fcr die J\u00fcngeren nicht so gef\u00e4hrlich ist, so k\u00f6nnen sie jedoch die \u00c4lteren und andere Risikogruppen damit anstecken. Jeder von uns tr\u00e4gt eine gro\u00dfe Verantwortung daf\u00fcr, dass die Krankheit sich nicht weiterverbreitet. Schon unser Prophet Muhammad, Allahs Segen und Frieden auf ihn, sagte \u00fcber ansteckende Krankheiten und Quarant\u00e4ne: \u201eF\u00fchrt keinen Kranken zu einem Gesunden.\u201c (Al-Bukhari 5770)<\/p>\n\n\n\n<p>Solidarit\u00e4t, Menschlichkeit, Verantwortung und F\u00fcrsorge hei\u00dft, sich nicht von jenen beeinflussen zu lassen, die aus Fahrl\u00e4ssigkeit oder b\u00f6ser Absicht, bewusst oder unbewusst Verschw\u00f6rungstheorien verbreiten, und damit die Gefahr verharmlosen. Lassen wir uns nicht von ihnen vergiften, sondern helfen wir unseren N\u00e4chsten, die in diesen schwierigen Zeiten auf Hilfe angewiesen sind. (eg)<\/p>\n","protected":false},"excerpt":{"rendered":"<p>Das Coronavirus bestimmt nun auch unseren Alltag. Zun\u00e4chst waren wir nur Beobachter. Wir dachten, dass uns diese Gefahr nicht treffen w\u00fcrde, als in China bereits Millionen Menschen in Mitleidenschaft gezogen wurden. Wir Menschen realisieren eine Gefahr erst, wenn wir unmittelbar davon betroffen sind. All das, was f\u00fcr uns normal und allt\u00e4glich ist, ger\u00e4t jetzt pl\u00f6tzlich&hellip; <\/p>\n<p class=\"simppeli-read-more\"><a href=\"https:\/\/freitagsworte.de\/index.php\/2020\/03\/19\/solidaritaet-und-menschlichkeit\/\" class=\"more-link\">Weiterlesen <span class=\"screen-reader-text\">Solidarit\u00e4t ist das Gebot der Stunde<\/span> <span class=\"meta-nav\">&rarr;<\/span><\/a><\/p>\n","protected":false},"author":2,"featured_media":0,"comment_status":"closed","ping_status":"closed","sticky":false,"template":"","format":"standard","meta":{"spay_email":"","jetpack_publicize_message":"","jetpack_is_tweetstorm":false,"jetpack_publicize_feature_enabled":true},"categories":[1],"tags":[],"jetpack_publicize_connections":[],"jetpack_featured_media_url":"","jetpack_sharing_enabled":true,"jetpack_shortlink":"https:\/\/wp.me\/p8tv7g-l4","jetpack-related-posts":[{"id":1299,"url":"https:\/\/freitagsworte.de\/index.php\/2020\/03\/06\/achtsamkeit-statt-hysterie\/","url_meta":{"origin":1306,"position":0},"title":"Achtsamkeit statt Hysterie","date":"6. M\u00e4rz 2020","format":false,"excerpt":"Seit Wochen besch\u00e4ftigt der Ausbruch des Coronavirus die Schlagzeilen und Gespr\u00e4che. Kaum ein Tag vergeht, ohne dass nicht neue Zahlen \u00fcber Erkrankte und abgesperrte St\u00e4dte und Regionen auf der Welt genannt werden. Ja, es sind keine einfachen Informationen und wir machen uns berechtigterweise Sorgen um unsere Gesundheit und die unserer\u2026","rel":"","context":"In &quot;Achtsamkeit&quot;","img":{"alt_text":"","src":"","width":0,"height":0},"classes":[]},{"id":1312,"url":"https:\/\/freitagsworte.de\/index.php\/2020\/03\/27\/mehr-als-nur-ein-virus\/","url_meta":{"origin":1306,"position":1},"title":"Mehr als nur ein Virus","date":"27. M\u00e4rz 2020","format":false,"excerpt":"Was wir seit mehr als drei Wochen erleben, ersch\u00fcttert unsere Wahrnehmung von Selbstverst\u00e4ndlichkeiten. Wir hatten routinierte Tagesabl\u00e4ufe, allt\u00e4gliche Gewissheiten, Pl\u00e4ne, wie unsere n\u00e4chsten Wochen, Monate oder Jahre aussehen sollten. All diese Vorstellungen von Normalit\u00e4t und Sicherheit sind nun als das erkennbar, was sie seit jeher gewesen sind - das Ergebnis\u2026","rel":"","context":"\u00c4hnlicher Beitrag","img":{"alt_text":"","src":"","width":0,"height":0},"classes":[]},{"id":1370,"url":"https:\/\/freitagsworte.de\/index.php\/2020\/05\/22\/wissen-ist-glaubenspflicht-nicht-halbwissen\/","url_meta":{"origin":1306,"position":2},"title":"Wissen ist Glaubenspflicht, nicht Halbwissen","date":"22. Mai 2020","format":false,"excerpt":"Der Prophet Mohammed (Friede sei mit ihm) sagte einst: \u201eNach Wissen zu streben ist eine Pflicht f\u00fcr jeden Muslim, Mann und Frau. Darum strebt nach Wissen, wo es zu finden ist, und erfragt es von all denen, die es besitzen.\u201c Ein sehr wichtiger Ausspruch, der gerade in der heutigen Zeit\u2026","rel":"","context":"\u00c4hnlicher Beitrag","img":{"alt_text":"","src":"","width":0,"height":0},"classes":[]},{"id":1477,"url":"https:\/\/freitagsworte.de\/index.php\/2020\/10\/02\/danken-und-gedenken-der-wahre-pfad-zur-freiheit-der-seele\/","url_meta":{"origin":1306,"position":3},"title":"Danken und Gedenken \u2013 der wahre Pfad zur Freiheit der Seele!","date":"2. Oktober 2020","format":false,"excerpt":"Ein Gastbeitrag von Fatih Seyfi Grenzschlie\u00dfungen, Reiseeinschr\u00e4nkungen, Schlie\u00dfungen von kleinen wie gro\u00dfen Arbeitsst\u00e4tten, Einschr\u00e4nkungen des pers\u00f6nlichen Treffens im Familien- und Freundeskreis, Quarant\u00e4ne-Auflagen \u2013 es ist jetzt schon gewiss, dass die weltweite Ausbreitung der COVID-19-Pandemie eine einschneidende Z\u00e4sur f\u00fcr die Welt darstellen wird. Diese bisweilen f\u00fcr die Menschheit schwierige Phase l\u00e4sst\u2026","rel":"","context":"\u00c4hnlicher Beitrag","img":{"alt_text":"","src":"","width":0,"height":0},"classes":[]},{"id":1252,"url":"https:\/\/freitagsworte.de\/index.php\/2019\/12\/27\/gott-will-fuer-euch-das-leichte-und-nicht-das-schwere\/","url_meta":{"origin":1306,"position":4},"title":"Gott will f\u00fcr euch das Leichte und nicht das Schwere","date":"27. Dezember 2019","format":false,"excerpt":"Ein Gastbeitrag von Dr. Ali Ghandour Hin und wieder beobachte ich, wie manche Muslime die Vorstellung haben, dass je schwieriger und m\u00fchsamer ein Islamverst\u00e4ndnis ist, desto korrekter sei es. Mit so einer Vorstellung entsteht beinahe eine Psychose und man wird st\u00e4ndig von der Angst verfolgt etwas Falsches zu machen. Diese\u2026","rel":"","context":"\u00c4hnlicher Beitrag","img":{"alt_text":"","src":"","width":0,"height":0},"classes":[]},{"id":1687,"url":"https:\/\/freitagsworte.de\/index.php\/2021\/07\/02\/dem-menschenhass-entgegentreten-2\/","url_meta":{"origin":1306,"position":5},"title":"Dem Menschenhass entgegentreten","date":"2. Juli 2021","format":false,"excerpt":"Die Menschen sind unterschiedlich. Das ist ein Gemeinplatz, w\u00fcrde man meinen. Wenn wir allerdings einmal um uns schauen, dann werden wir schnell eines Besseren belehrt. Viele \u2013 ja, mitunter auch wir selbst \u2013 tun sich n\u00e4mlich nach wie vor sehr schwer mit dieser scheinbaren Selbstverst\u00e4ndlichkeit. Menschen, die in irgendeiner Weise\u2026","rel":"","context":"\u00c4hnlicher Beitrag","img":{"alt_text":"","src":"","width":0,"height":0},"classes":[]}],"_links":{"self":[{"href":"https:\/\/freitagsworte.de\/index.php\/wp-json\/wp\/v2\/posts\/1306"}],"collection":[{"href":"https:\/\/freitagsworte.de\/index.php\/wp-json\/wp\/v2\/posts"}],"about":[{"href":"https:\/\/freitagsworte.de\/index.php\/wp-json\/wp\/v2\/types\/post"}],"author":[{"embeddable":true,"href":"https:\/\/freitagsworte.de\/index.php\/wp-json\/wp\/v2\/users\/2"}],"replies":[{"embeddable":true,"href":"https:\/\/freitagsworte.de\/index.php\/wp-json\/wp\/v2\/comments?post=1306"}],"version-history":[{"count":3,"href":"https:\/\/freitagsworte.de\/index.php\/wp-json\/wp\/v2\/posts\/1306\/revisions"}],"predecessor-version":[{"id":1310,"href":"https:\/\/freitagsworte.de\/index.php\/wp-json\/wp\/v2\/posts\/1306\/revisions\/1310"}],"wp:attachment":[{"href":"https:\/\/freitagsworte.de\/index.php\/wp-json\/wp\/v2\/media?parent=1306"}],"wp:term":[{"taxonomy":"category","embeddable":true,"href":"https:\/\/freitagsworte.de\/index.php\/wp-json\/wp\/v2\/categories?post=1306"},{"taxonomy":"post_tag","embeddable":true,"href":"https:\/\/freitagsworte.de\/index.php\/wp-json\/wp\/v2\/tags?post=1306"}],"curies":[{"name":"wp","href":"https:\/\/api.w.org\/{rel}","templated":true}]}}