{"id":1288,"date":"2020-02-21T08:00:00","date_gmt":"2020-02-21T07:00:00","guid":{"rendered":"https:\/\/freitagsworte.de\/?p=1288"},"modified":"2020-04-19T20:51:22","modified_gmt":"2020-04-19T18:51:22","slug":"hanau","status":"publish","type":"post","link":"https:\/\/freitagsworte.de\/index.php\/2020\/02\/21\/hanau\/","title":{"rendered":"Hanau"},"content":{"rendered":"\n<p>Die Angeh\u00f6rigen der Opfer von Hanau werden den Rest ihres Lebens ohne ihre Liebsten verbringen m\u00fcssen. Auf die Frage nach dem \u201eWarum?\u201c werden sie keine Antwort finden, die ihnen Trost verschafft.<\/p>\n\n\n\n<p>Denn die Antwort auf die Frage nach dem \u201eWarum?\u201c der Anschl\u00e4ge von Hanau ist so simpel wie unertr\u00e4glich. In unserer Gesellschaft gibt es in weiten Teilen die \u00dcberzeugung, dass bestimmte Gruppen von Menschen, anderen Gruppen von Menschen \u00fcberlegen seien. Das ist der N\u00e4hrboden, auf dem dieser erste Keim der \u00dcberlegenheitsvorstellung heranw\u00e4chst bis er letztlich Fr\u00fcchte der Verachtung, der Entmenschlichung, des Hasses und schlie\u00dflich der T\u00f6tungsrechtfertigung tr\u00e4gt.<\/p>\n\n\n\n<!--more-->\n\n\n\n<p>Als Gesellschaft tragen wir seit Jahren kontinuierlich zum Heranreifen dieser bitteren Fr\u00fcchte bei. Unsere Debatten um vermeintliche kollektive Minderwertigkeiten bestimmter Gruppen sind der D\u00fcnger dieser Fr\u00fcchte. <\/p>\n\n\n\n<p>Unsere mediale Sprache, mit der wir kollektiv auf solche Taten reagieren, setzt die spaltenden Fliehkr\u00e4fte fort und erh\u00e4lt sie aufrecht &#8211; vielleicht ohne es zu merken. Schnell ist die Rede von einer Schie\u00dferei. Als ob sich Konfliktparteien einen Schusswechsel geliefert h\u00e4tten. Oder von einer Blutnacht, einer Art rituellem Exzess. Es soll sich um eine Raserei handeln, also um eine undurchdachte, impulsive, affektive \u00dcberreaktion. <\/p>\n\n\n\n<p>Der T\u00e4ter, ein Irrer, ein Wahnsinniger. Die Pathologisierung des Hasses l\u00e4sst ihn zu einer Art Naturkatastrophe werden, f\u00fcr die niemand was kann. Die Tat wird als Betriebsunfall unserer Gesellschaft verstanden, als individuelle Abweichung eines verwirrten Einzelt\u00e4ters. Letztlich also nicht zu verhindern und ohne Bezug zu uns als Gesellschaft. Die Gewalt kommt damit nicht aus unserer Mitte. Sie bricht von au\u00dfen \u00fcber uns herein. <\/p>\n\n\n\n<p>Es ist diese Vorstellung, dass terroristische Gewalt nie von uns Deutschen begangen werden kann, sondern immer nur von Fremden, die etwas gegen unsere Lebensweise haben. Die Vorstellung, dass wir f\u00fcr unsere Kultur und die Art unseres Zusammenlebens gehasst werden und deshalb zum Ziel heimt\u00fcckischer fremder Gewalt werden. <\/p>\n\n\n\n<p>Wir m\u00fcssen endlich begreifen, dass diese letzte Beschreibung terroristischer Gewalt genau das beschreibt, was in Hanau passiert ist. Der T\u00e4ter empfindet sich unserer heterogenen Gesellschaft entfremdet. Dort, wo es soviel Anderes gibt, wird er zum Fremden. In so einer Gesellschaft will er nicht leben, in der soll auch seine Mutter nicht leben. <\/p>\n\n\n\n<p>Er hasst eine deutsche Kultur, die sich in einer Bev\u00f6lkerung entwickelt, in der jeder Vierte in seiner Biografie oder in der seiner Eltern eine Einwanderungsgeschichte hat. Diese Art des Zusammenlebens, mit D\u00f6ner, Shisha, Moschee kann er nicht ertragen. <\/p>\n\n\n\n<p>Wer das nicht erkennt, wer immer noch glaubt, es gebe einen kulturellen Unterschied im Hinblick auf Gewalt, setzt den m\u00f6rderischen \u00dcberlegenheitswahn der T\u00e4ter fort. Es waren die damaligen Ermittler, die die T\u00e4ter der NSU-Morde im \u201eOpfermilieu\u201c suchten, weil das T\u00f6ten eines anderen Menschen in unserer deutschen Kultur mit einem hohen Tabu belegt sei. Die gleiche Vorstellung kommt in den Schlagzeilen zum Ausdruck, welche die Taten von Hanau nur z\u00f6gerlich als Terror definieren k\u00f6nnen.<\/p>\n\n\n\n<p>Wir m\u00fcssen diese Vorstellung \u00fcberwinden, um die richtigen Reaktionen auf die Tat von Hanau zeigen zu k\u00f6nnen. Der Terror von Hanau war nicht fremdenfeindlich oder ausl\u00e4nderfeindlich und damit von solchen Eigenschaften ausgel\u00f6st, die von au\u00dfen den Opfern zugeschrieben werden.<\/p>\n\n\n\n<p>Dieser Terror war rechtsradikal und rassistisch und damit von Eigenschaften gepr\u00e4gt, die dem T\u00e4ter zuzuschreiben sind.<\/p>\n\n\n\n<p>Die Reaktion darauf muss sein, dass wir uns alle als deutsche Gesellschaft verstehen, die in all ihren Auspr\u00e4gungen und Unterschieden zusammenh\u00e4lt. Und jene, die diese Vielfalt ablehnen, werden zu Fremden in unserer Gesellschaft. Nur jene Kultur verdient es, als \u00fcberlegen verstanden zu werden, die sich f\u00fcr das friedliche Zusammenleben aller Menschen einsetzt.   <\/p>\n\n\n\n<p>M\u00f6gen die Opfer der Terroranschl\u00e4ge von Hanau im Jenseits den Frieden finden, der ihnen im Diesseits nicht zugestanden wurde. M\u00f6gen die Hinterbliebenen die Kraft und die Geduld finden, den tiefen Schmerz ihres Verlustes zu ertragen. Und m\u00f6ge aus diesen Taten die Erkenntnis heranwachsen, dass wir nur gemeinsam den Hass \u00fcberwinden k\u00f6nnen.<\/p>\n\n\n\n<p class=\"has-text-align-center\"><strong>\u0625\u0650\u0646\u064e\u0651\u0627 \u0644\u0650\u0644\u0651\u0647\u0650 \u0648\u064e\u0625\u0650\u0646\u064e\u0651\u0640\u0627 \u0625\u0650\u0644\u064e\u064a\u0652\u0647\u0650 \u0631\u064e\u0627\u062c\u0650\u0639\u0648\u0646\u064e<\/strong><br> Von Allah kommen wir und zu ihm kehren wir zur\u00fcck. (2:156)<\/p>\n\n\n\n<p>(mk)<\/p>\n","protected":false},"excerpt":{"rendered":"<p>Die Angeh\u00f6rigen der Opfer von Hanau werden den Rest ihres Lebens ohne ihre Liebsten verbringen m\u00fcssen. Auf die Frage nach dem \u201eWarum?\u201c werden sie keine Antwort finden, die ihnen Trost verschafft. Denn die Antwort auf die Frage nach dem \u201eWarum?\u201c der Anschl\u00e4ge von Hanau ist so simpel wie unertr\u00e4glich. In unserer Gesellschaft gibt es in&hellip; <\/p>\n<p class=\"simppeli-read-more\"><a href=\"https:\/\/freitagsworte.de\/index.php\/2020\/02\/21\/hanau\/\" class=\"more-link\">Weiterlesen <span class=\"screen-reader-text\">Hanau<\/span> <span class=\"meta-nav\">&rarr;<\/span><\/a><\/p>\n","protected":false},"author":3,"featured_media":0,"comment_status":"closed","ping_status":"closed","sticky":false,"template":"","format":"standard","meta":{"spay_email":"","jetpack_publicize_message":"","jetpack_is_tweetstorm":false,"jetpack_publicize_feature_enabled":true},"categories":[1],"tags":[],"jetpack_publicize_connections":[],"jetpack_featured_media_url":"","jetpack_sharing_enabled":true,"jetpack_shortlink":"https:\/\/wp.me\/s8tv7g-hanau","jetpack-related-posts":[{"id":1818,"url":"https:\/\/freitagsworte.de\/index.php\/2022\/02\/18\/zwei-jahre-nach-hanau\/","url_meta":{"origin":1288,"position":0},"title":"Zwei Jahre nach Hanau","date":"18. Februar 2022","format":false,"excerpt":"Rassismus t\u00f6tet. Das ist uns nicht erst seit gestern klar. Auch nicht erst nach Hanau. Wir wissen, dass Menschen, die aus rassistischen Motiven hassen, irgendwann auch bereit dazu sind, diesen Hass in m\u00f6rderischer Weise auszuleben. Das erscheint uns kaum begreifbar. Auch wenn dieser letzte Schritt vom Hassen zum T\u00f6ten uns\u2026","rel":"","context":"\u00c4hnlicher Beitrag","img":{"alt_text":"","src":"https:\/\/i0.wp.com\/freitagsworte.de\/wp-content\/uploads\/2021\/02\/IMG_20210219_081346_017.jpg?resize=350%2C200&ssl=1","width":350,"height":200},"classes":[]},{"id":1589,"url":"https:\/\/freitagsworte.de\/index.php\/2021\/02\/19\/ein-jahr-nach-hanau\/","url_meta":{"origin":1288,"position":1},"title":"Ein Jahr nach Hanau","date":"19. Februar 2021","format":false,"excerpt":"Rassismus t\u00f6tet. Das ist uns nicht erst seit gestern klar. Auch nicht erst nach Hanau. Wir wissen, dass Menschen, die aus rassistischen Motiven hassen, irgendwann auch bereit dazu sind, diesen Hass in m\u00f6rderischer Weise auszuleben. Das erscheint uns kaum begreifbar. Auch wenn dieser letzte Schritt vom Hassen zum T\u00f6ten uns\u2026","rel":"","context":"\u00c4hnlicher Beitrag","img":{"alt_text":"","src":"https:\/\/i0.wp.com\/freitagsworte.de\/wp-content\/uploads\/2021\/02\/IMG_20210219_081346_017.jpg?resize=350%2C200&ssl=1","width":350,"height":200},"classes":[]},{"id":564,"url":"https:\/\/freitagsworte.de\/index.php\/2018\/03\/16\/ohne-suende-bleibt-der-glaube-ungeprueft\/","url_meta":{"origin":1288,"position":2},"title":"Ohne S\u00fcnde bleibt der Glaube ungepr\u00fcft","date":"16. M\u00e4rz 2018","format":false,"excerpt":"\u201eOhne S\u00fcnde bleibt der Glaube ungepr\u00fcft. Erst wenn man die Finsternis gesehen hat, wei\u00df man das Licht zu sch\u00e4tzen.\u201c\u00a0Ich erinnere mich noch gut an den Gesichtsausdruck eines guten, frommen Freundes, als ich diesen Satz zwischen Shisha und Schwarztee hingeknallt hatte. Ein ehrlicher Satz inmitten eines fruchtbaren Gespr\u00e4chs \u00fcber S\u00fcnde und\u2026","rel":"","context":"In &quot;S\u00fcnde&quot;","img":{"alt_text":"","src":"","width":0,"height":0},"classes":[]},{"id":1398,"url":"https:\/\/freitagsworte.de\/index.php\/2020\/06\/19\/wissen-bringt-verantwortung-mit-sich\/","url_meta":{"origin":1288,"position":3},"title":"Wissen bringt Verantwortung mit sich","date":"19. Juni 2020","format":false,"excerpt":"Rassismus, Nationalismus, Gewalt gegen\u00fcber Minderheiten, Frauen und Kinder, eine immer gr\u00f6\u00dfer werdende Kluft zwischen Arm und Reich: Das sind die gravierensten Probleme unserer Gegenwart. Ohne eine ehrliche und schmerzhafte Auseinandersetzung mit diesen Problemen k\u00f6nnen wir sie als Gesellschaft nicht \u00fcberwinden. Spirituelle Menschen sehen in ihrem Glauben oft eine Ressource und\u2026","rel":"","context":"\u00c4hnlicher Beitrag","img":{"alt_text":"","src":"","width":0,"height":0},"classes":[]},{"id":169,"url":"https:\/\/freitagsworte.de\/index.php\/2017\/05\/12\/wir-muessen-aufhoeren-aus-mitmenschen-behinderte-zu-machen\/","url_meta":{"origin":1288,"position":4},"title":"Wir m\u00fcssen aufh\u00f6ren, aus Mitmenschen \u201eBehinderte\u201c zu machen","date":"12. Mai 2017","format":false,"excerpt":"Ein Mensch, der im Rollstuhl sitzt, wird aber nur dann \u201ebehindert\u201c, wenn wir eine Treppe bauen, statt einer Rampe. Ein geh\u00f6rloser Mensch wird nur dann \u201ebehindert\u201c, wenn wir mit ihm reden, statt ihm etwas aufzuschreiben. Ein blinder Mensch wird nur dann \u201ebehindert\u201c, wenn wir ihm einen Text in die Hand\u2026","rel":"","context":"In &quot;Inklusion&quot;","img":{"alt_text":"","src":"","width":0,"height":0},"classes":[]},{"id":670,"url":"https:\/\/freitagsworte.de\/index.php\/2018\/06\/29\/wer-wir-sein-wollen\/","url_meta":{"origin":1288,"position":5},"title":"Wer wir sein wollen","date":"29. Juni 2018","format":false,"excerpt":"Wenn wir den Gleichheitsgrundsatz f\u00fcr uns beanspruchen wollen, m\u00fcssen wir ihn auch f\u00fcr alle anderen gesellschaftlichen Minderheiten einfordern. Wie wir Grund- und Menschenrechte verstehen und im Alltag leben, definiert wer wir sind \u2013 als Gesellschaft.","rel":"","context":"In &quot;Rassismus&quot;","img":{"alt_text":"","src":"","width":0,"height":0},"classes":[]}],"_links":{"self":[{"href":"https:\/\/freitagsworte.de\/index.php\/wp-json\/wp\/v2\/posts\/1288"}],"collection":[{"href":"https:\/\/freitagsworte.de\/index.php\/wp-json\/wp\/v2\/posts"}],"about":[{"href":"https:\/\/freitagsworte.de\/index.php\/wp-json\/wp\/v2\/types\/post"}],"author":[{"embeddable":true,"href":"https:\/\/freitagsworte.de\/index.php\/wp-json\/wp\/v2\/users\/3"}],"replies":[{"embeddable":true,"href":"https:\/\/freitagsworte.de\/index.php\/wp-json\/wp\/v2\/comments?post=1288"}],"version-history":[{"count":3,"href":"https:\/\/freitagsworte.de\/index.php\/wp-json\/wp\/v2\/posts\/1288\/revisions"}],"predecessor-version":[{"id":1292,"href":"https:\/\/freitagsworte.de\/index.php\/wp-json\/wp\/v2\/posts\/1288\/revisions\/1292"}],"wp:attachment":[{"href":"https:\/\/freitagsworte.de\/index.php\/wp-json\/wp\/v2\/media?parent=1288"}],"wp:term":[{"taxonomy":"category","embeddable":true,"href":"https:\/\/freitagsworte.de\/index.php\/wp-json\/wp\/v2\/categories?post=1288"},{"taxonomy":"post_tag","embeddable":true,"href":"https:\/\/freitagsworte.de\/index.php\/wp-json\/wp\/v2\/tags?post=1288"}],"curies":[{"name":"wp","href":"https:\/\/api.w.org\/{rel}","templated":true}]}}