{"id":1286,"date":"2020-02-28T08:07:00","date_gmt":"2020-02-28T07:07:00","guid":{"rendered":"https:\/\/freitagsworte.de\/?p=1286"},"modified":"2020-02-28T08:06:06","modified_gmt":"2020-02-28T07:06:06","slug":"inschallah","status":"publish","type":"post","link":"https:\/\/freitagsworte.de\/index.php\/2020\/02\/28\/inschallah\/","title":{"rendered":"Inschallah"},"content":{"rendered":"\n<p class=\"has-text-align-center\"><em>Ein Gastbeitrag von Hakan Turan<\/em><\/p>\n\n\n\n<p>Die Formulierungen &#8220;inschallah&#8221; und &#8220;hoffentlich&#8221; werden im Alltag der Muslime oft synonym verwendet.<\/p>\n\n\n\n<p>Dabei ist gibt es zwischen diesen beiden interessante Unterschiede.<\/p>\n\n\n\n<p>Ein Satz, der mit &#8220;inschallah&#8221; (Duden) bzw. &#8220;in\u015fall\u00e2h&#8221; (t\u00fcrkisch) bzw. &#8221; in sh\u00e2 All\u00e2h&#8221; (arabisch) beginnt, ist ein Konditionalsatz.<\/p>\n\n\n\n<p>Das hei\u00dft, ein Satz wie &#8220;Inschallah regnet es nicht&#8221; bedeutet w\u00f6rtlich:&nbsp;<\/p>\n\n\n\n<p>&#8220;<em>Wenn<\/em>&nbsp;Allah will,&nbsp;<em>dann<\/em>&nbsp;regnet es nicht.&#8221;<\/p>\n\n\n\n<p>Dieser Wenn-dann-Satz ist eine metaphysische Aussage \u00fcber einen tieferen Kausalzusammenhang in der Welt.<\/p>\n\n\n\n<!--more-->\n\n\n\n<p>Er leugnet nicht die gesetzesartige Struktur der sinnlich zug\u00e4nglichen Welt,&nbsp;<\/p>\n\n\n\n<p>sondern verweist darauf, dass diese Struktur in einer h\u00f6heren Hand zu einer f\u00fcr uns kaum erahnbaren gro\u00dfen Einheit zusammenl\u00e4uft.&nbsp;&nbsp;<\/p>\n\n\n\n<p>Dieser Satz formuliert also einen Zusammenhang zwischen der ersten metaphysischen Ursache aller Dinge und dem f\u00fcr uns sinnlich zug\u00e4nglichen Ph\u00e4nomen.<\/p>\n\n\n\n<p>Insofern ist er w\u00f6rtlich genommen zugleich ein theistisches Glaubensbekenntnis.&nbsp;<\/p>\n\n\n\n<p>Es transportiert Hoffnung \u2013&nbsp;<\/p>\n\n\n\n<p>verbunden mit der gleichzeitigen Benennung der Instanz, auf die die Hoffnung gr\u00fcndet.&nbsp;<\/p>\n\n\n\n<p>Sinngem\u00e4\u00df besagt diese Formel also:&nbsp;<\/p>\n\n\n\n<p>\u201eGewissheit \u00fcber den Ausgang eines Geschehens habe ich nicht.&nbsp;<\/p>\n\n\n\n<p>Der Ausgang des Geschehnisses wird so sein, wie ich es mir w\u00fcnsche,&nbsp;<em>wenn<\/em>&nbsp;Gott will.\u201c<\/p>\n\n\n\n<p>Der Satz &#8220;Hoffentlich regnet es nicht&#8221; hingegen dr\u00fcckt nur den Aspekt des Hoffens aus, also den subjektiven Wunsch.<\/p>\n\n\n\n<p>&#8220;Hoffentlich regnet es nicht&#8221; bedeutet:&nbsp;<\/p>\n\n\n\n<p>&#8220;Es ist zu hoffen, dass es nicht regnet&#8221; bzw. &#8220;Ich hoffe, dass es nicht regnet&#8221;.<\/p>\n\n\n\n<p>&#8220;Hoffentlich&#8221; ist metaphysikfrei.&nbsp;<\/p>\n\n\n\n<p>(Wenn man sie nicht an die christliche Tugend der Hoffnung angebunden hat).<\/p>\n\n\n\n<p>Es wird dabei keine These \u00fcber tiefere Zusammenh\u00e4nge in der Welt aufgestellt.<\/p>\n\n\n\n<p>&#8220;Hoffentlich&#8221; dr\u00fcckt ein eigenes Unverm\u00f6gen aus.&nbsp;<\/p>\n\n\n\n<p>&#8220;Inschallah&#8221; dr\u00fcckt auch ein eigenes Unverm\u00f6gen aus,&nbsp;<\/p>\n\n\n\n<p>benennt zugleich aber auch die verm\u00f6gende Instanz, der der Ausgang der Dinge anvertraut ist.<\/p>\n\n\n\n<p>Und doch werden beide Formulierungen oft in der gleichen Bedeutung verwendet.<\/p>\n\n\n\n<p>(B\u00f6se Zungen behaupten derweil, das &#8220;Inschallah&#8221; der Orientalen, T\u00fcrken eingeschlossen, sei eher ein Synonym f\u00fcr &#8220;eher nicht&#8221;:<\/p>\n\n\n\n<p>&#8220;Kommst du heute bitte p\u00fcnktlich?&#8221; \u2013 (Z\u00f6gern) \u2013&nbsp;&nbsp;&#8220;Inschallah!&#8221;&nbsp;<\/p>\n\n\n\n<p>D.h.: \u201eIch komme wohl leider nicht p\u00fcnktlich. Aber hoffe du weiter, vielleicht geschieht unterwegs ja ein Wunder.\u201c)<\/p>\n\n\n\n<p>F\u00fcr mich ist \u201einschallah\u201c bzw. \u201ein sh\u00e2 All\u00e2h\u201c eine der sch\u00f6nsten alltagsnahen Sprachsch\u00f6pfungen des Islams \u00fcberhaupt.<\/p>\n\n\n\n<p>\u00c4hnlich sch\u00f6n wie \u201em\u00e2&nbsp;\u015f\u00e2 All\u00e2h\u201c.<\/p>\n\n\n\n<p>Maschallah (Duden) bzw. \u201em\u00e2\u015fall\u00e2h\u201c (t\u00fcrkisch) bzw. \u201em\u00e2&nbsp;\u015f\u00e2 All\u00e2h\u201c (arabisch) bedeutet ungef\u00e4hr:<\/p>\n\n\n\n<p>\u201eWie Gott es wollte!\u201c&nbsp;<\/p>\n\n\n\n<p>Eine r\u00fcckblickende Formel, die die erste metaphysische Ursache des Ausgangs einer bereits erfolgten Situation benennt.<\/p>\n\n\n\n<p>Sie wird meist bei Eindr\u00fccken von tiefer Sch\u00f6nheit oder bei erfreulichen Ereignissen verwendet, obwohl sie w\u00f6rtlich genommen alles umfasst.<\/p>\n\n\n\n<p>Sie dr\u00fcckt aus, dass die Einwirkungen unseres Willens auf das Werden der Dinge nur eine beschr\u00e4nkte Reichweite haben &#8211; im Unterschied zu den Beschl\u00fcssen der h\u00f6chsten Instanz.<\/p>\n\n\n\n<p>(B\u00f6se Zungen behaupten derweil, dass ein erstaunter Ausruf von \u201eMaschallah\u201c manchmal auch ein Hinweis darauf sei, dass das Gegen\u00fcber seit dem letzten Treffen in unerwartetem Ausma\u00df an Gewicht und Umfang zugenommen habe)&nbsp;<\/p>\n\n\n\n<p>M\u00e2 sh\u00e2 All\u00e2h, in der positiven Verwendung im Alltag, ist Bescheidenheit und Begeisterung zugleich:<\/p>\n\n\n\n<p>\u201eSieh, wie sch\u00f6n es geworden ist!\u201c<\/p>\n\n\n\n<p>In sh\u00e2 All\u00e2h ist davor,<\/p>\n\n\n\n<p>M\u00e2 sh\u00e2 All\u00e2h ist danach.<\/p>\n\n\n\n<p>Doch was ist zwischen den beiden?<\/p>\n\n\n\n<p>Vielleicht ist \u201eBismill\u00e2h\u201c dazwischen,&nbsp;<\/p>\n\n\n\n<p>also &#8220;beim Namen Gottes&#8221; bzw. &#8220;mit dem Namen Gottes&#8221;.<\/p>\n\n\n\n<p>(Aber sicher nicht &#8220;im&#8221; Namen Gottes.&nbsp;<\/p>\n\n\n\n<p>Dazu sind die Schultern des Dieners zu schwach.)<\/p>\n\n\n\n<p>Der Gedanke an Allah wird so in die Gegenwart geholt.<\/p>\n\n\n\n<p>Als Wunsch nach einem Bewusstsein von der Gegenwart Gottes.<\/p>\n\n\n\n<p>Als Zeuge und Beistand zugleich.<\/p>\n\n\n\n<p>Bismill\u00e2h ist nicht mehr davor, oder danach, sondern w\u00e4hrenddessen.<\/p>\n\n\n\n<p>Gott, der \u00fcber seine Namen in allem pr\u00e4sent ist,&nbsp;<\/p>\n\n\n\n<p>wird so auch im Bewusstsein des betrachtenden Menschen pr\u00e4sent.<\/p>\n\n\n\n<p>\u201eBismill\u00e2h\u201c gibt es auch in einer erweiterten Form, bekannt als Basmala.&nbsp;<\/p>\n\n\n\n<p>Sie tritt im Koran an hundertvierzehn Stellen auf und ist im Alltag der Muslime allgegenw\u00e4rtig.<\/p>\n\n\n\n<p>Sie hebt hervor, welche der vielen Erscheinungsweisen der Namen Gottes genau man sich f\u00fcr eine Situation und f\u00fcr sein eigenes Bewusstsein w\u00fcnscht:<\/p>\n\n\n\n<p>\u201eBismi-ll\u00e2hi-r-Rahm\u00e2ni-r-Rah\u00eem\u201c, oder zu deutsch:Beim Namen Allahs, des Allerbarmers, des Barmherzigen.<\/p>\n","protected":false},"excerpt":{"rendered":"<p>Ein Gastbeitrag von Hakan Turan Die Formulierungen &#8220;inschallah&#8221; und &#8220;hoffentlich&#8221; werden im Alltag der Muslime oft synonym verwendet. Dabei ist gibt es zwischen diesen beiden interessante Unterschiede. Ein Satz, der mit &#8220;inschallah&#8221; (Duden) bzw. &#8220;in\u015fall\u00e2h&#8221; (t\u00fcrkisch) bzw. &#8221; in sh\u00e2 All\u00e2h&#8221; (arabisch) beginnt, ist ein Konditionalsatz. Das hei\u00dft, ein Satz wie &#8220;Inschallah regnet es nicht&#8221;&hellip; <\/p>\n<p class=\"simppeli-read-more\"><a href=\"https:\/\/freitagsworte.de\/index.php\/2020\/02\/28\/inschallah\/\" class=\"more-link\">Weiterlesen <span class=\"screen-reader-text\">Inschallah<\/span> <span class=\"meta-nav\">&rarr;<\/span><\/a><\/p>\n","protected":false},"author":30,"featured_media":0,"comment_status":"closed","ping_status":"closed","sticky":false,"template":"","format":"standard","meta":{"spay_email":"","jetpack_publicize_message":"","jetpack_is_tweetstorm":false,"jetpack_publicize_feature_enabled":true},"categories":[1],"tags":[372,373],"jetpack_publicize_connections":[],"jetpack_featured_media_url":"","jetpack_sharing_enabled":true,"jetpack_shortlink":"https:\/\/wp.me\/p8tv7g-kK","jetpack-related-posts":[{"id":792,"url":"https:\/\/freitagsworte.de\/index.php\/2018\/10\/26\/der-instagram-glaube-der-selfie-muslime\/","url_meta":{"origin":1286,"position":0},"title":"Der Glaube im Instagram-Zeitalter","date":"26. Oktober 2018","format":false,"excerpt":"Hinter dem auf diese Weise ge\u00e4u\u00dferten \u201eguten Willen\u201c steckt in Wahrheit manchmal nichts anderes als reine Geh\u00e4ssigkeit. Als Muslime sind wir dazu angehalten, zun\u00e4chst Gutes, und immer nur Gutes von unseren Mitmenschen zu denken. Denn wer nicht Allahs Gesch\u00f6pfe liebt, der liebt auch nicht Allah.","rel":"","context":"In &quot;Aufrichtigkeit&quot;","img":{"alt_text":"","src":"","width":0,"height":0},"classes":[]},{"id":1231,"url":"https:\/\/freitagsworte.de\/index.php\/2019\/11\/22\/nicht-die-anderen-sind-arm-nicht-wir-reich\/","url_meta":{"origin":1286,"position":1},"title":"Nicht die Anderen sind arm, nicht wir reich","date":"22. November 2019","format":false,"excerpt":"\u201cDie Armen erben das Land. Der Reiche, der die Bettlerschale \u00fcbersieht, der L\u00e4sterworte redet wider die Armen, ist verroht und verstockt. Auch wenn die reichen viel auf Manieren und Etikette geben, eine feine Seele haben sie nicht.\u201d Mit diesen und anderen drastischen Worten hatte Feridun Zaimoglu den Bachmannpreis in Klagenfurt\u2026","rel":"","context":"In &quot;Hilfsbereitschaft&quot;","img":{"alt_text":"","src":"","width":0,"height":0},"classes":[]},{"id":816,"url":"https:\/\/freitagsworte.de\/index.php\/2018\/11\/09\/nicht-wir-sind-reich-nicht-die-anderen-arm\/","url_meta":{"origin":1286,"position":2},"title":"Nicht wir sind reich, nicht die anderen arm","date":"9. November 2018","format":false,"excerpt":"Auch um uns herum gibt es genug Menschen, denen nicht die gleichen Startbedingungen wie uns zu Teil geworden sind. Schicksalsschl\u00e4ge haben sie aus der Bahn geworfen oder sie haben einfach im richtigen Augenblick nicht das Gl\u00fcck erfahren, das wir erlebt haben.","rel":"","context":"In &quot;Demut&quot;","img":{"alt_text":"","src":"","width":0,"height":0},"classes":[]},{"id":1350,"url":"https:\/\/freitagsworte.de\/index.php\/2020\/05\/01\/der-segen-der-nacht\/","url_meta":{"origin":1286,"position":3},"title":"Der Segen der Nacht","date":"1. Mai 2020","format":false,"excerpt":"Es sind die gemeinschaftlichen Rituale von Religion, die auf uns besonders intensiv wirken. Das Dschuma-\/Freitagsgebet im Islam, der Gottesdienst am Sonntag in der Kirche oder die Zusammenkunft eines Minjan, einer Betgemeinde im Judentum. Die Bilder von solchen Gebeten werden zu Symbolen der gemeinsam erlebten Spiritualit\u00e4t, ob nach innen oder nach\u2026","rel":"","context":"In &quot;Spiritualit\u00e4t&quot;","img":{"alt_text":"","src":"","width":0,"height":0},"classes":[]},{"id":1353,"url":"https:\/\/freitagsworte.de\/index.php\/2020\/04\/24\/kein-ramadan-wie-jeder-andere\/","url_meta":{"origin":1286,"position":4},"title":"Kein Ramadan wie jeder andere","date":"24. April 2020","format":false,"excerpt":"Viele von uns haben sich in den letzten Wochen gefragt, wie denn der heilige Fastenmonat Ramadan f\u00fcr uns Muslime in Zeiten von \u201eSocial Distancing\u201c und erh\u00f6hter gesundheitlicher Achtsamkeit werden k\u00f6nnte. Sagen wir mal so, er wird anders sein als im letzten Jahr. Eigentlich ist kein Ramadan so wie jeder andere.\u2026","rel":"","context":"In &quot;Ramadan&quot;","img":{"alt_text":"","src":"","width":0,"height":0},"classes":[]},{"id":1663,"url":"https:\/\/freitagsworte.de\/index.php\/2021\/05\/28\/frevler-sind-immer-die-anderen-3\/","url_meta":{"origin":1286,"position":5},"title":"Frevler sind immer die anderen","date":"28. Mai 2021","format":false,"excerpt":"Der Weg in die H\u00f6lle ist mit guten Vors\u00e4tzen gepflastert. Dieser Sinnspruch ist in vielen Kulturen, in vielen unterschiedlichen Sprachen bekannt. Wir Muslime sind davon \u00fcberzeugt, dass der Vorsatz, die Absicht, die unserem Handeln zu Grunde liegt, das Entscheidende ist. Wir nehmen h\u00e4ufig an, das Resultat unseres Handelns oder unserer\u2026","rel":"","context":"\u00c4hnlicher Beitrag","img":{"alt_text":"","src":"","width":0,"height":0},"classes":[]}],"_links":{"self":[{"href":"https:\/\/freitagsworte.de\/index.php\/wp-json\/wp\/v2\/posts\/1286"}],"collection":[{"href":"https:\/\/freitagsworte.de\/index.php\/wp-json\/wp\/v2\/posts"}],"about":[{"href":"https:\/\/freitagsworte.de\/index.php\/wp-json\/wp\/v2\/types\/post"}],"author":[{"embeddable":true,"href":"https:\/\/freitagsworte.de\/index.php\/wp-json\/wp\/v2\/users\/30"}],"replies":[{"embeddable":true,"href":"https:\/\/freitagsworte.de\/index.php\/wp-json\/wp\/v2\/comments?post=1286"}],"version-history":[{"count":1,"href":"https:\/\/freitagsworte.de\/index.php\/wp-json\/wp\/v2\/posts\/1286\/revisions"}],"predecessor-version":[{"id":1287,"href":"https:\/\/freitagsworte.de\/index.php\/wp-json\/wp\/v2\/posts\/1286\/revisions\/1287"}],"wp:attachment":[{"href":"https:\/\/freitagsworte.de\/index.php\/wp-json\/wp\/v2\/media?parent=1286"}],"wp:term":[{"taxonomy":"category","embeddable":true,"href":"https:\/\/freitagsworte.de\/index.php\/wp-json\/wp\/v2\/categories?post=1286"},{"taxonomy":"post_tag","embeddable":true,"href":"https:\/\/freitagsworte.de\/index.php\/wp-json\/wp\/v2\/tags?post=1286"}],"curies":[{"name":"wp","href":"https:\/\/api.w.org\/{rel}","templated":true}]}}