{"id":1265,"date":"2020-01-17T08:00:00","date_gmt":"2020-01-17T07:00:00","guid":{"rendered":"https:\/\/freitagsworte.de\/?p=1265"},"modified":"2020-04-19T20:55:38","modified_gmt":"2020-04-19T18:55:38","slug":"der-wert-der-ruhe","status":"publish","type":"post","link":"https:\/\/freitagsworte.de\/index.php\/2020\/01\/17\/der-wert-der-ruhe\/","title":{"rendered":"Der Wert der Ruhe"},"content":{"rendered":"\n<p>In unserer lauten Gegenwart ist einer der gro\u00dfen Vorz\u00fcge der gelebten Religion, dem Menschen Orte und Zeiten der Ruhe zu gew\u00e4hren. Gezwungenerma\u00dfen kommt der gestresste Karrieremensch f\u00fcnfmal am Tag im Gebet zur Ruhe. Doch der \u00e4u\u00dfere \u201aZwang\u2019 des Pflichtrituals erweist sich dem Betenden schnell als innere Gnade, und das nicht nur im Sinne einer Verschnaufpause, in der man seine aufgezehrten Energiereserven regeneriert. Die Ruhe selbst ist ein Schl\u00fcssel zu einer starken Beziehung zu unsrem Herrn und einem lebendigen Glauben, der \u00fcber die \u00e4u\u00dferen Schichten des Intellekts hinausgeht und in den Kern unsres Wesens einsinkt. <\/p>\n\n\n\n<!--more-->\n\n\n\n<p>Allah versichert uns im Koran: \u201eWahrlich, Wir erschufen den Menschen, und Wir wissen, was er in seinem Innern hegt; und Wir sind ihm n\u00e4her als seine Halsschlagader.\u201c (50:16) Wir erfahren aus diesem Vers, dass die N\u00e4he Gottes nichts ist, was erst von uns hergestellt oder bewirkt werden m\u00fcsste. Sie ist stets schon da. Wir m\u00fcssen sie nur vor uns selbst enth\u00fcllen, sie sozusagen aktualisieren. Und genau hier kommt der Wert der Ruhe ins Spiel. Solange wir uns wie wild in unserer Religiosit\u00e4t aufplustern und durch spirituellen Aktionismus versuchen, Gottes N\u00e4he zu erzwingen, d\u00fcrfen wir uns nicht wundern, wenn er uns verborgen bleibt. Gerade, weil Gott f\u00fcr uns das absolut Unverf\u00fcgbare ist, f\u00fchrt der einzige Weg zu ihm \u00fcber das Nicht-Verf\u00fcgen-Wollen, \u00fcber ruhige Hingabe. <\/p>\n\n\n\n<p>Ruhige Hingabe f\u00fchrt dazu, dass Herzen zu Ruhe kommen. \u201eWahrlich, im Gedenken Gottes finden die Herzen Ruhe\u201c (13:28), sagt uns Gott im Koran. Diese Ruhe hat etwas ungemein Befreiendes, da sie uns von unserem weltlichen Getriebensein erl\u00f6st. Wir d\u00fcrfen rasten, wir d\u00fcrfen unsere Seelen erfrischen an der \u00fcberflie\u00dfenden G\u00f6ttlichen Barmherzigkeit. <\/p>\n\n\n\n<p>Als Menschen der heutigen Zeit erschweren uns jedoch einige Blockaden den Zugang zu diesem Zustand. Deswegen sollten wir versuchen, unsere F\u00e4higkeit zur Ruhe aktiv zu pflegen und zu entwickeln. Etwa m\u00fcssen wir die Vorstellung aus unserem Kopf bekommen, dass Nichtstun ein Laster sei. Die Verachtung f\u00fcr das kontemplative Leben der \u201efaulen M\u00f6nche\u201c steckt tief in den Knochen des modernen Denkens. Dabei gibt es, bei Lichte betrachtet, nichts, womit wir unsere Bestimmung als Gesch\u00f6pfe Gottes mehr erf\u00fcllten, als durch Gottgedenken. Eine starke, feste, ruhige Beziehung zu Allah zu haben ist der gr\u00f6\u00dfte \u201eErfolg\u201c, der uns zuteilwerden kann. Daher gibt es eigentlich nichts Absurderes, als beim Gedenken Gottes das Gef\u00fchl zu haben, irgendwelche wichtigeren weltlichen Dinge zu verpassen und sich f\u00fcr die eigene Unt\u00fcchtigkeit zu sch\u00e4men. Leider ergeht es jedoch vielen immer wieder genau so \u2013 nicht zuletzt auch dem Autor dieser Zeilen.<\/p>\n\n\n\n<p>Daher hier ein paar Ratschl\u00e4ge, wie man eine religi\u00f6se Kultur der Ruhe in seinen Alltag integrieren kann, ohne st\u00e4ndig auf hei\u00dfen Kohlen zu sitzen:<\/p>\n\n\n\n<p>1) Zun\u00e4chst einmal muss man verstehen, dass Ruhe und Konzentration zwei ganz unterschiedliche Sachen sind. Die Selbstoptimierung, die einem Life-Coachs heutzutage gerne als L\u00f6sung f\u00fcr alle Probleme andrehen wollen, l\u00e4uft meist eher auf erh\u00f6hte Konzentration und Anspannung hinaus. Die Ruhe ist dann nur Mittel zum Zweck, ein Kr\u00e4ftesammeln, um nachher noch mehr Leistung zu erbringen. Religion ist aber weder Sport noch Karriere, bei denen man stumpf Leistungspunkte ansammelt. Wir sind nicht die Angestellten Gottes, sondern Seine Diener.<\/p>\n\n\n\n<p>2) Anstatt sich also auf neumodische Ratgeberliteratur zu verlassen und ein bisschen Feng-Shui mit ein bisschen Meditation und ein bisschen Self-Love zu kombinieren, sollte man sich lieber auf die klassischen Praktiken der Ruhe aus unserer Tradition besinnen. Dazu geh\u00f6rt etwa das zur\u00fcckgezogene Koranrezitieren, das Gedenken Gottes in l\u00e4ngeren Phasen des Dhikrs, und nat\u00fcrlich das Gebet in der Nacht. <\/p>\n\n\n\n<p>3) Bei alle dem hilft es, das Handy und andere Ger\u00e4te auf lautlos zu stellen oder am besten sogar au\u00dfer Reichweite zu bringen. Entweder werden wir st\u00e4ndig durch eingehende Nachrichten abgelenkt, oder aber wir greifen beim Anflug der ersten Langeweile reflexartig zum Handy, um auf irgendeine Weise die Zeit totzuschlagen. Damit jedoch laufen wir Gefahr, eine Trennwand der Unruhe zwischen uns und Gott zu errichten, ein st\u00e4ndiges Rauschen, das uns die stets schon existierende N\u00e4he Gottes \u201e\u00fcberh\u00f6ren\u201c l\u00e4sst. <\/p>\n\n\n\n<p>4) In Zeiten der gesteigerten Unruhe, etwa bei Streitereien und Diskussionen, k\u00f6nnen wir den Wert des Schweigens neu entdecken, so wir nicht wirklich etwas Wichtiges und Gutes vorzubringen haben. Der Prophet sagte, Allahs Segen und Frieden auf ihn: \u201eWer an Allah und den J\u00fcngsten Tag glaubt, der soll entweder Gutes (\u201eKhaiyran\u201c) sprechen, oder schweigen.\u201c (u. a. Bukhari) Die Aufforderung zum Schweigen wirkt auf unser modernes Ohr zun\u00e4chst etwas barsch. Doch ist sie hier keineswegs abwertend gemeint. Im Schweigen liegt eine tiefere Weisheit, da es eine Grundhaltung des auf die N\u00e4he Gottes horchenden Muslims ausdr\u00fcckt. (lsj)<\/p>\n","protected":false},"excerpt":{"rendered":"<p>In unserer lauten Gegenwart ist einer der gro\u00dfen Vorz\u00fcge der gelebten Religion, dem Menschen Orte und Zeiten der Ruhe zu gew\u00e4hren. Gezwungenerma\u00dfen kommt der gestresste Karrieremensch f\u00fcnfmal am Tag im Gebet zur Ruhe. Doch der \u00e4u\u00dfere \u201aZwang\u2019 des Pflichtrituals erweist sich dem Betenden schnell als innere Gnade, und das nicht nur im Sinne einer Verschnaufpause,&hellip; <\/p>\n<p class=\"simppeli-read-more\"><a href=\"https:\/\/freitagsworte.de\/index.php\/2020\/01\/17\/der-wert-der-ruhe\/\" class=\"more-link\">Weiterlesen <span class=\"screen-reader-text\">Der Wert der Ruhe<\/span> <span class=\"meta-nav\">&rarr;<\/span><\/a><\/p>\n","protected":false},"author":468,"featured_media":0,"comment_status":"closed","ping_status":"closed","sticky":false,"template":"","format":"standard","meta":{"spay_email":"","jetpack_publicize_message":"","jetpack_is_tweetstorm":false,"jetpack_publicize_feature_enabled":true},"categories":[1],"tags":[],"jetpack_publicize_connections":[],"jetpack_featured_media_url":"","jetpack_sharing_enabled":true,"jetpack_shortlink":"https:\/\/wp.me\/p8tv7g-kp","jetpack-related-posts":[{"id":1064,"url":"https:\/\/freitagsworte.de\/index.php\/2019\/05\/03\/der-ramadan-ist-gottesnaehe\/","url_meta":{"origin":1265,"position":0},"title":"Der Ramadan ist Gottesn\u00e4he","date":"3. Mai 2019","format":false,"excerpt":"Ruhig ist es, wie an einem warmen Sommerabend auf einer weiten Wiese. Ein leichter Lufthauch umstr\u00f6mt uns, fern aller Hektik und Sorge. So in etwa f\u00fchlt sich f\u00fcr viele Muslime der erste Abend des Fastens im Ramadan und viele weitere Abende dieses besonderen Monats an. Diese Minuten vor dem Fastenbrechen,\u2026","rel":"","context":"In &quot;Ramadan&quot;","img":{"alt_text":"","src":"","width":0,"height":0},"classes":[]},{"id":293,"url":"https:\/\/freitagsworte.de\/index.php\/2017\/08\/18\/allahu-akbar\/","url_meta":{"origin":1265,"position":1},"title":"Allahu akbar!","date":"18. August 2017","format":false,"excerpt":"\u201eEr ist Allah, der Sch\u00f6pfer, der Erschaffer, der Gestalter. Sein sind die sch\u00f6nsten Namen. Ihn preist alles, was in den Himmeln und auf der Erde ist. Und Er ist der Allm\u00e4chtige und Allweise.\u201c In diesem 24. Vers der Sure 59 werden einige der sch\u00f6nen Namen Gottes hervorgehoben. Im arabischen Original\u2026","rel":"","context":"In &quot;Sch\u00f6pfung&quot;","img":{"alt_text":"","src":"","width":0,"height":0},"classes":[]},{"id":1477,"url":"https:\/\/freitagsworte.de\/index.php\/2020\/10\/02\/danken-und-gedenken-der-wahre-pfad-zur-freiheit-der-seele\/","url_meta":{"origin":1265,"position":2},"title":"Danken und Gedenken \u2013 der wahre Pfad zur Freiheit der Seele!","date":"2. Oktober 2020","format":false,"excerpt":"Ein Gastbeitrag von Fatih Seyfi Grenzschlie\u00dfungen, Reiseeinschr\u00e4nkungen, Schlie\u00dfungen von kleinen wie gro\u00dfen Arbeitsst\u00e4tten, Einschr\u00e4nkungen des pers\u00f6nlichen Treffens im Familien- und Freundeskreis, Quarant\u00e4ne-Auflagen \u2013 es ist jetzt schon gewiss, dass die weltweite Ausbreitung der COVID-19-Pandemie eine einschneidende Z\u00e4sur f\u00fcr die Welt darstellen wird. Diese bisweilen f\u00fcr die Menschheit schwierige Phase l\u00e4sst\u2026","rel":"","context":"\u00c4hnlicher Beitrag","img":{"alt_text":"","src":"","width":0,"height":0},"classes":[]},{"id":1736,"url":"https:\/\/freitagsworte.de\/index.php\/2021\/10\/01\/ihr-werdet-was-wir-sind\/","url_meta":{"origin":1265,"position":3},"title":"Ihr werdet, was wir sind","date":"1. Oktober 2021","format":false,"excerpt":"Aus dem antiken Rom ist bekannt, dass w\u00e4hrend der Siegesz\u00fcge erfolgreicher Feldherren, diese von einem Sklaven begleitet wurden, der in st\u00e4ndiger Wiederholung folgende Worte sprach: \u201eMemento mori. Memento te hominem esse. Respice post te, hominem te esse memento.\u201c \u201eBedenke, dass du sterben wirst. Bedenke, dass du ein Mensch bist. Sieh\u2026","rel":"","context":"\u00c4hnlicher Beitrag","img":{"alt_text":"","src":"","width":0,"height":0},"classes":[]},{"id":1646,"url":"https:\/\/freitagsworte.de\/index.php\/2021\/04\/30\/die-ruhende-seele-im-ramadan\/","url_meta":{"origin":1265,"position":4},"title":"Die ruhende Seele im Ramadan","date":"30. April 2021","format":false,"excerpt":"Der Ramadan ist anders. Er riecht anders, er schmeckt anders, er f\u00fchlt sich anders an. Das Fasten in diesem Monat z\u00fcgelt zwar den Verzehr, er sch\u00e4rft daf\u00fcr die Sinne. Schon nach zwei oder drei Fastentagen \u00e4ndert sich die Wahrnehmung der Umwelt. Sie wird bewusster gesehen, gerochen, gef\u00fchlt, geschmeckt. Es \u00e4ndert\u2026","rel":"","context":"In &quot;Ramadan&quot;","img":{"alt_text":"","src":"","width":0,"height":0},"classes":[]},{"id":1860,"url":"https:\/\/freitagsworte.de\/index.php\/2022\/04\/15\/die-ruhende-seele-im-ramadan-2\/","url_meta":{"origin":1265,"position":5},"title":"Die ruhende Seele im Ramadan","date":"15. April 2022","format":false,"excerpt":"Der Ramadan ist anders. Er riecht anders, er schmeckt anders, er f\u00fchlt sich anders an. Das Fasten in diesem Monat z\u00fcgelt zwar den Verzehr, sch\u00e4rft aber daf\u00fcr die Sinne. Schon nach zwei oder drei Fastentagen \u00e4ndert sich die Wahrnehmung der Umwelt. Sie wird bewusster gesehen, gerochen, gef\u00fchlt, geschmeckt. Es \u00e4ndert\u2026","rel":"","context":"\u00c4hnlicher Beitrag","img":{"alt_text":"","src":"","width":0,"height":0},"classes":[]}],"_links":{"self":[{"href":"https:\/\/freitagsworte.de\/index.php\/wp-json\/wp\/v2\/posts\/1265"}],"collection":[{"href":"https:\/\/freitagsworte.de\/index.php\/wp-json\/wp\/v2\/posts"}],"about":[{"href":"https:\/\/freitagsworte.de\/index.php\/wp-json\/wp\/v2\/types\/post"}],"author":[{"embeddable":true,"href":"https:\/\/freitagsworte.de\/index.php\/wp-json\/wp\/v2\/users\/468"}],"replies":[{"embeddable":true,"href":"https:\/\/freitagsworte.de\/index.php\/wp-json\/wp\/v2\/comments?post=1265"}],"version-history":[{"count":1,"href":"https:\/\/freitagsworte.de\/index.php\/wp-json\/wp\/v2\/posts\/1265\/revisions"}],"predecessor-version":[{"id":1266,"href":"https:\/\/freitagsworte.de\/index.php\/wp-json\/wp\/v2\/posts\/1265\/revisions\/1266"}],"wp:attachment":[{"href":"https:\/\/freitagsworte.de\/index.php\/wp-json\/wp\/v2\/media?parent=1265"}],"wp:term":[{"taxonomy":"category","embeddable":true,"href":"https:\/\/freitagsworte.de\/index.php\/wp-json\/wp\/v2\/categories?post=1265"},{"taxonomy":"post_tag","embeddable":true,"href":"https:\/\/freitagsworte.de\/index.php\/wp-json\/wp\/v2\/tags?post=1265"}],"curies":[{"name":"wp","href":"https:\/\/api.w.org\/{rel}","templated":true}]}}