{"id":1262,"date":"2020-01-10T08:00:00","date_gmt":"2020-01-10T07:00:00","guid":{"rendered":"https:\/\/freitagsworte.de\/?p=1262"},"modified":"2020-04-19T20:55:47","modified_gmt":"2020-04-19T18:55:47","slug":"stirbt-die-biene-stirbt-der-mensch","status":"publish","type":"post","link":"https:\/\/freitagsworte.de\/index.php\/2020\/01\/10\/stirbt-die-biene-stirbt-der-mensch\/","title":{"rendered":"Stirbt die Biene, stirbt der Mensch!"},"content":{"rendered":"\n<p>Seit Monaten sehen wir in den Medien die Bilder von brennenden W\u00e4ldern in Brasilien und Australien. Sie sind gewaltig und gehen nicht so leicht aus dem Kopf. Menschen fl\u00fcchten, weil ihre Heimat durch die Feuer zerst\u00f6rt werden. Unz\u00e4hlige Tiere verlieren ihre Lebensgrundlage und verenden in den Katastrophengebieten. Zigtausende Hektar B\u00e4ume werden vernichtet, die uns normalerweise die Luft zum Atmen erm\u00f6glichen. <\/p>\n\n\n\n<!--more-->\n\n\n\n<p>Der Klimawandel ist auf dem Vormarsch: in vielen Regionen bleibt der lebenswichtige Regen aus, woanders zerst\u00f6ren riesige \u00dcberschwemmungen das Land. Steigende Temperaturen und schmelzende Polkappen werden in den n\u00e4chsten Jahren zu einer immer gr\u00f6\u00dferen Bedrohung f\u00fcr alles Leben, wenn die Menschen nicht auf den letzten Metern an einem Strang ziehen w\u00fcrden und alles tun, damit die Folgen des Klimawandels abgebremst werden.<\/p>\n\n\n\n<p>Ein Teil hat dies begriffen und so starten deren Regierungen klimafreundliche Ma\u00dfnahmen, nicht immer sind diese aber ausreichend. Oft stehen wirtschaftliche Interessen diesen entgegen. So verwundert es nicht, dass ausgerechnet die M\u00e4chtigen in gro\u00dfen L\u00e4ndern wie den USA, Brasilien oder Australien von Klimaschutz nichts wissen wollen, sie sogar den Klimawandel leugnen. Sie erfinden Ausreden, um von der globalen Krise abzulenken. Einmal lockt das Abholzen der Regenw\u00e4lder mit immensen Gewinnen, das andere Mal wird dem Abbau der klimasch\u00e4dlichen Kohle Vorrang vor Mensch und Natur gegeben. <\/p>\n\n\n\n<p>Schon heute ist ein gro\u00dfer Teil der Insektenarten vom Aussterben bedroht, viele existieren bereits nicht mehr. Wir bekommen das oft nicht mit, weil wir in Umgebungen leben, wo es keinen Platz mehr f\u00fcr Bienen und die Natur gibt. Dabei h\u00e4lt das Sterben der Bienen bereits seit Jahren an. Die Folgen des Bienensterbens w\u00e4ren f\u00fcr die Menschen fatal. <\/p>\n\n\n\n<p>Auch der Koran weist auf die Besonderheit der Biene in einer eigenen Sure (Die Bienen) hin, die unter anderem die Sch\u00f6pfung der Natur beschreibt. So hei\u00dft es in Sure 16, Vers 68\/69: <\/p>\n\n\n\n<p>\u201eDein Herr gab der Biene ein: \u201aMach dir H\u00e4user in den Bergen, in den B\u00e4umen und in dem, was die Menschen errichten! Dann iss von allen Fr\u00fcchten, und folge den gebahnten Wegen deines Herrn!\u2018 Aus dem Leib der Bienen kommt ein Saft, verschiedenartig in den Farben. In ihm liegt Heilkraft f\u00fcr die Menschen.\u201c<\/p>\n\n\n\n<p>Die Biene hat als Gesch\u00f6pf Allahs genau wie der Mensch eine wichtige Aufgabe und einen Platz in der von ihm geschaffenen Welt. Sie soll uns auch behilflich sein. Nicht nur ihr Honig ist wertvoll f\u00fcr den Menschen, auch \u00fcbernimmt sie durch die Best\u00e4ubung von Pflanzen eine besondere Rolle bei der Entstehung unserer Nahrung. Wird diese Kette unterbrochen, dazu tragen die Menschen durch die Zerst\u00f6rung der Lebensgrundlagen dieser Tiere bei, wird mit der Zeit auch unsere verschwinden. <\/p>\n\n\n\n<p>Um es kurz zu sagen: Stirbt die Biene, stirbt der Mensch!  Wir Menschen m\u00fcssen die von Allah zugeteilte Rolle des Statthalters auf Erden endlich wieder ernst nehmen und gewaltig umdenken. Die Zeit rennt. Nicht nur unsere Kinder werden uns sp\u00e4ter fragen, was wir unternommen haben, um Klima und Natur zu retten. <\/p>\n\n\n\n<p>Was werden wir antworten? (ab)<\/p>\n","protected":false},"excerpt":{"rendered":"<p>Seit Monaten sehen wir in den Medien die Bilder von brennenden W\u00e4ldern in Brasilien und Australien. Sie sind gewaltig und gehen nicht so leicht aus dem Kopf. Menschen fl\u00fcchten, weil ihre Heimat durch die Feuer zerst\u00f6rt werden. Unz\u00e4hlige Tiere verlieren ihre Lebensgrundlage und verenden in den Katastrophengebieten. Zigtausende Hektar B\u00e4ume werden vernichtet, die uns normalerweise&hellip; <\/p>\n<p class=\"simppeli-read-more\"><a href=\"https:\/\/freitagsworte.de\/index.php\/2020\/01\/10\/stirbt-die-biene-stirbt-der-mensch\/\" class=\"more-link\">Weiterlesen <span class=\"screen-reader-text\">Stirbt die Biene, stirbt der Mensch!<\/span> <span class=\"meta-nav\">&rarr;<\/span><\/a><\/p>\n","protected":false},"author":4,"featured_media":0,"comment_status":"closed","ping_status":"closed","sticky":false,"template":"","format":"standard","meta":{"spay_email":"","jetpack_publicize_message":"","jetpack_is_tweetstorm":false,"jetpack_publicize_feature_enabled":true},"categories":[1],"tags":[],"jetpack_publicize_connections":[],"jetpack_featured_media_url":"","jetpack_sharing_enabled":true,"jetpack_shortlink":"https:\/\/wp.me\/p8tv7g-km","jetpack-related-posts":[{"id":550,"url":"https:\/\/freitagsworte.de\/index.php\/2018\/03\/02\/die-schoepfung-bewahren\/","url_meta":{"origin":1262,"position":0},"title":"Die Sch\u00f6pfung bewahren","date":"2. M\u00e4rz 2018","format":false,"excerpt":"Wir erleben derzeit eine extreme K\u00e4ltewelle in Europa. Wer morgens fr\u00fch aus dem Haus muss, um zur Arbeit oder zur Schule zu fahren, wundert sich oft, wann es in den letzten Jahren solch kalte Tage und N\u00e4chte gegeben hat. Ein Blick auf die Wetterkarten der letzten Woche offenbarte erstaunliches. So\u2026","rel":"","context":"In &quot;Sch\u00f6pfung&quot;","img":{"alt_text":"","src":"","width":0,"height":0},"classes":[]},{"id":1791,"url":"https:\/\/freitagsworte.de\/index.php\/2022\/01\/07\/unsere-realitaet-ist-satire\/","url_meta":{"origin":1262,"position":1},"title":"Unsere Realit\u00e4t ist Satire","date":"7. Januar 2022","format":false,"excerpt":"Ein Gastbeitrag von Prof. Dr. Serdar Kurnaz Ich nehme an, die meisten von Ihnen haben den neuen Film von Adam McKay gesehen: \u201eDon\u2019t Look Up\u201c F\u00fcr diejenigen, die ihn noch nicht gesehen haben: Es ist eine schwarze Kom\u00f6die \u00fcber den Weltuntergang. Ein Komet rast auf die Erde zu und die\u2026","rel":"","context":"\u00c4hnlicher Beitrag","img":{"alt_text":"","src":"","width":0,"height":0},"classes":[]},{"id":1629,"url":"https:\/\/freitagsworte.de\/index.php\/2021\/04\/02\/freitagsworte-verbinden-uns\/","url_meta":{"origin":1262,"position":2},"title":"Freitagsworte verbinden uns","date":"2. April 2021","format":false,"excerpt":"Ein Gastbeitrag von Superintendent Michael Raddatz Von Herzen danke ich der Alhambra Gesellschaft f\u00fcr die Gelegenheit, ein Freitagswort zu schreiben. Die Freitagsworte sind f\u00fcr mich jede Woche der Auftakt in die geistliche Reise vom Freitag, \u00fcber den Sabbat bis zum Sonntag. Sie verbinden mich mit Ihnen, religi\u00f6s Suchenden und leidenschaftlichen\u2026","rel":"","context":"\u00c4hnlicher Beitrag","img":{"alt_text":"","src":"","width":0,"height":0},"classes":[]},{"id":1431,"url":"https:\/\/freitagsworte.de\/index.php\/2020\/08\/07\/mono-no-aware\/","url_meta":{"origin":1262,"position":3},"title":"Mono no aware","date":"7. August 2020","format":false,"excerpt":"Sakura hei\u00dft die japanische Kirschbl\u00fcte. Sie bl\u00fcht in verschiedenen Gegenden Japans zwischen Ende M\u00e4rz bis Anfang Mai und l\u00e4utet mit ihrer Farbenpracht den Fr\u00fchling ein. Der Kirschbaum tr\u00e4gt keine essbaren Fr\u00fcchte, hat daf\u00fcr aber viele Bl\u00fcten. Wenn man so will, erf\u00fcllt die japanische Kirsche ihren Lebenszweck nur f\u00fcr die Zeit\u2026","rel":"","context":"\u00c4hnlicher Beitrag","img":{"alt_text":"","src":"","width":0,"height":0},"classes":[]},{"id":1121,"url":"https:\/\/freitagsworte.de\/index.php\/2019\/07\/26\/die-angst-vor-veraenderung\/","url_meta":{"origin":1262,"position":4},"title":"Die Angst vor Ver\u00e4nderung","date":"26. Juli 2019","format":false,"excerpt":"Ein Gastbeitrag von Dr. Ali Ghandour Eines der Prinzipien, das\u00a0\u00a0der Welt innewohnt, ist der Wandel. Die Ver\u00e4nderung betrifft alle Formen und Erscheinungen des Seins. Im Koran lesen wir: \u201eAlles ist verg\u00e4nglich au\u00dfer Seiner Wirklichkeit\u201c (28:88). Nach dem osmanischen Gelehrten Karaba\u015f Veli (gest. 1686) ist die Verg\u00e4nglichkeit kein Ereignis, das zu\u2026","rel":"","context":"\u00c4hnlicher Beitrag","img":{"alt_text":"","src":"","width":0,"height":0},"classes":[]},{"id":1740,"url":"https:\/\/freitagsworte.de\/index.php\/2021\/10\/08\/die-angst-vor-veraenderung-2\/","url_meta":{"origin":1262,"position":5},"title":"Die Angst vor Ver\u00e4nderung","date":"8. Oktober 2021","format":false,"excerpt":"Ein Gastbeitrag von Dr. Ali Ghandour Eines der Prinzipien, das\u00a0\u00a0der Welt innewohnt, ist der Wandel. Die Ver\u00e4nderung betrifft alle Formen und Erscheinungen des Seins. Im Koran lesen wir: \u201eAlles ist verg\u00e4nglich au\u00dfer Seiner Wirklichkeit\u201c (28:88). Nach dem osmanischen Gelehrten Karaba\u015f Veli (gest. 1686) ist die Verg\u00e4nglichkeit kein Ereignis, das zu\u2026","rel":"","context":"\u00c4hnlicher Beitrag","img":{"alt_text":"","src":"","width":0,"height":0},"classes":[]}],"_links":{"self":[{"href":"https:\/\/freitagsworte.de\/index.php\/wp-json\/wp\/v2\/posts\/1262"}],"collection":[{"href":"https:\/\/freitagsworte.de\/index.php\/wp-json\/wp\/v2\/posts"}],"about":[{"href":"https:\/\/freitagsworte.de\/index.php\/wp-json\/wp\/v2\/types\/post"}],"author":[{"embeddable":true,"href":"https:\/\/freitagsworte.de\/index.php\/wp-json\/wp\/v2\/users\/4"}],"replies":[{"embeddable":true,"href":"https:\/\/freitagsworte.de\/index.php\/wp-json\/wp\/v2\/comments?post=1262"}],"version-history":[{"count":1,"href":"https:\/\/freitagsworte.de\/index.php\/wp-json\/wp\/v2\/posts\/1262\/revisions"}],"predecessor-version":[{"id":1263,"href":"https:\/\/freitagsworte.de\/index.php\/wp-json\/wp\/v2\/posts\/1262\/revisions\/1263"}],"wp:attachment":[{"href":"https:\/\/freitagsworte.de\/index.php\/wp-json\/wp\/v2\/media?parent=1262"}],"wp:term":[{"taxonomy":"category","embeddable":true,"href":"https:\/\/freitagsworte.de\/index.php\/wp-json\/wp\/v2\/categories?post=1262"},{"taxonomy":"post_tag","embeddable":true,"href":"https:\/\/freitagsworte.de\/index.php\/wp-json\/wp\/v2\/tags?post=1262"}],"curies":[{"name":"wp","href":"https:\/\/api.w.org\/{rel}","templated":true}]}}