{"id":1233,"date":"2019-11-29T09:06:00","date_gmt":"2019-11-29T08:06:00","guid":{"rendered":"https:\/\/freitagsworte.de\/?p=1233"},"modified":"2020-04-19T20:58:06","modified_gmt":"2020-04-19T18:58:06","slug":"in-ehrfurcht-erbebende-herzen","status":"publish","type":"post","link":"https:\/\/freitagsworte.de\/index.php\/2019\/11\/29\/in-ehrfurcht-erbebende-herzen\/","title":{"rendered":"In Ehrfurcht erbebende Herzen"},"content":{"rendered":"\n<p>Der Glauben, der Iman an den einen Gott, er ist nichts Statisches, nicht einfach nur ein Zustand. Er bewegt den Menschen, beeinflusst und zeigt sich im Handeln des Einzelnen. Der Glaube nimmt Einfluss auf die Handlung, aber die Handlung pr\u00e4gt auch den Glauben. Immer wieder wird im Koran der Iman zusammen mit den Taten angef\u00fchrt, f\u00fcr die der Glauben sorgt, zu denen er die Gl\u00e4ubigen f\u00fchrt. <\/p>\n\n\n\n<p>Mit dem Glauben an Allah, an Gott endet f\u00fcr den Muslim nicht sein Pfad. Mit dem Glauben \u00f6ffnet sich der Weg zu einem mehr an Menschlichkeit und F\u00fcrsorge f\u00fcr den Anderen. In vielen Versen taucht der Glaube als Teil eines Dreiklangs auf: Der Glaube, das Gebet und die gute Tat. Diese drei Elemente bedingen sich gegenseitig, sie st\u00fctzen sich gegenseitig. Der Glaube w\u00e4chst zum Beispiel mit dem Gedenken Gottes, mit seiner Anbetung. Die Gute Tat, auch diese l\u00e4sst den Glauben wachsen. Zu Glauben bedeutet, ein feinf\u00fchliges, ein in Ehrfurcht immerzu erbebendes Herz zu haben:<\/p>\n\n\n\n<!--more-->\n\n\n\n<blockquote class=\"wp-block-quote\"><p>Die Gl\u00e4ubigen, das sind jene, deren Herzen in Ehrfurcht erbeben, <br>wenn Gott genannt wird, und deren Glaube zunimmt,<br>wenn ihnen seine Verse vorgetragen werden, <br>und die auf ihren Herrn vertrauen, <br>die das Gebet verrichten <br>und von dem, womit wir sie bedachten, spenden. <br>Das sind die wahrhaft Gl\u00e4ubigen,<br>Wertsch\u00e4tzung haben sie bei ihrem Herrn, <br>Vergebung und gro\u00dfz\u00fcgige Versorgung. (8:2-4)<\/p><\/blockquote>\n\n\n\n<p>Der Glaube bezieht sich nicht nur auf die Beziehung des Menschen zu seinem Sch\u00f6pfer. Er sollte sich auch auf die Verh\u00e4ltnisse zwischen den Gesch\u00f6pfen auswirken. Der Niederschlag des Glaubens auf Haltung und Handeln des Menschen zeigt sich insbesondere im Umgang mit anderen Menschen. Kann ein Herz denn mit Ehrfurcht beben, wenn er gef\u00fcllt ist mit Hass gegen andere Menschen? Darf man auf Gottes Wertsch\u00e4tzung hoffen, wenn man keine f\u00fcr seine Mitmenschen aufbringt? <\/p>\n\n\n\n<p>In der Sura Furkan wird eine Wesenseigenschaft des Gl\u00e4ubigen mit Sanftm\u00fctigkeit beschrieben. Es ist nicht Zorn, der sie oder ihn antreibt, es ist nicht Hass der ihr\/sein Leben bestimmt. Sanftm\u00fctig wandelt der Gl\u00e4ubige auf Erden und beschr\u00e4nkt die eigene Sanftheit nicht nur auf den ihm Genehmen: <\/p>\n\n\n\n<blockquote class=\"wp-block-quote\"><p>Die Diener des Barmherzigen sind jene, <br>Die sanftm\u00fctig auf Erden wandeln <br>Und die, wenn Unwissende zu ihnen sprechen, \u00abFrieden!\u00bb sagen. (25:63)<\/p><\/blockquote>\n\n\n\n<p>Die Begegnung mit dem \u201cUnwissenden\u201d findet heute haupts\u00e4chlich in den sozialen Medien statt. Viele Nutzer durchleben dort ihre Pr\u00fcfung. Es begegnen uns Hass, Neid und beharrliches Unwissen. \u201cFrieden\u201d zu sprechen, \u201cSalam\u201d im Original, w\u00fcrde hier bedeuten, sich von diesen niederen Instinkten nicht ansprechen zu lassen, sie erst recht nicht zu \u00fcbernehmen. <\/p>\n\n\n\n<p>Der Vers warnt uns davor, von der Schlechtigkeit des Gegen\u00fcber uns anstecken zu lassen. Er empfiehlt uns als Zeichen des Glaubens, unsere Sanftm\u00fctigkeit nicht zu verlieren. Diese zeigt sich nicht blo\u00df in einem harmonischen Umfeld. Sie bekommt ihre wahre Bedeutung gerade dann, wenn es uns schwer f\u00e4llt sanftm\u00fctig zu sein, uns unserem bebenden Herzen bewusst zu sein. (ek)<\/p>\n","protected":false},"excerpt":{"rendered":"<p>Der Glauben, der Iman an den einen Gott, er ist nichts Statisches, nicht einfach nur ein Zustand. Er bewegt den Menschen, beeinflusst und zeigt sich im Handeln des Einzelnen. Der Glaube nimmt Einfluss auf die Handlung, aber die Handlung pr\u00e4gt auch den Glauben. Immer wieder wird im Koran der Iman zusammen mit den Taten angef\u00fchrt,&hellip; <\/p>\n<p class=\"simppeli-read-more\"><a href=\"https:\/\/freitagsworte.de\/index.php\/2019\/11\/29\/in-ehrfurcht-erbebende-herzen\/\" class=\"more-link\">Weiterlesen <span class=\"screen-reader-text\">In Ehrfurcht erbebende Herzen<\/span> <span class=\"meta-nav\">&rarr;<\/span><\/a><\/p>\n","protected":false},"author":1,"featured_media":0,"comment_status":"closed","ping_status":"closed","sticky":false,"template":"","format":"standard","meta":{"spay_email":"","jetpack_publicize_message":"","jetpack_is_tweetstorm":false,"jetpack_publicize_feature_enabled":true},"categories":[308],"tags":[371,128,224],"jetpack_publicize_connections":[],"jetpack_featured_media_url":"","jetpack_sharing_enabled":true,"jetpack_shortlink":"https:\/\/wp.me\/p8tv7g-jT","jetpack-related-posts":[{"id":1725,"url":"https:\/\/freitagsworte.de\/index.php\/2021\/09\/10\/in-ehrfurcht-erbebende-herzen-2\/","url_meta":{"origin":1233,"position":0},"title":"In Ehrfurcht erbebende Herzen","date":"10. September 2021","format":false,"excerpt":"Der Glauben, der Iman an den einen Gott, er ist nichts Statisches, nicht einfach nur ein Zustand. Er bewegt den Menschen, beeinflusst und zeigt sich im Handeln des Einzelnen. Der Glaube nimmt Einfluss auf die Handlung, aber die Handlung pr\u00e4gt auch den Glauben. Immer wieder wird im Koran der Iman\u2026","rel":"","context":"\u00c4hnlicher Beitrag","img":{"alt_text":"","src":"","width":0,"height":0},"classes":[]},{"id":792,"url":"https:\/\/freitagsworte.de\/index.php\/2018\/10\/26\/der-instagram-glaube-der-selfie-muslime\/","url_meta":{"origin":1233,"position":1},"title":"Der Glaube im Instagram-Zeitalter","date":"26. Oktober 2018","format":false,"excerpt":"Hinter dem auf diese Weise ge\u00e4u\u00dferten \u201eguten Willen\u201c steckt in Wahrheit manchmal nichts anderes als reine Geh\u00e4ssigkeit. Als Muslime sind wir dazu angehalten, zun\u00e4chst Gutes, und immer nur Gutes von unseren Mitmenschen zu denken. Denn wer nicht Allahs Gesch\u00f6pfe liebt, der liebt auch nicht Allah.","rel":"","context":"In &quot;Aufrichtigkeit&quot;","img":{"alt_text":"","src":"","width":0,"height":0},"classes":[]},{"id":534,"url":"https:\/\/freitagsworte.de\/index.php\/2018\/02\/16\/tue-gutes-so-wie-allah-dir-gutes-tat\/","url_meta":{"origin":1233,"position":2},"title":"Tue Gutes, so wie Allah dir Gutes tat","date":"16. Februar 2018","format":false,"excerpt":"Religiosit\u00e4t und Gl\u00e4ubigkeit findet f\u00fcr Muslime nicht in einem begrenzten sakralen Raum statt. Vielmehr spiegelt sich der Glauben in der Haltung und der Handlung der Gl\u00e4ubigen wieder. Der religi\u00f6se Dienst beschr\u00e4nkt sich nicht auf das Gebet in der Moschee oder das Fasten im Ramadan, es durchzieht das ganze Leben. Religiosit\u00e4t\u2026","rel":"","context":"In &quot;Gottesn\u00e4he&quot;","img":{"alt_text":"","src":"","width":0,"height":0},"classes":[]},{"id":691,"url":"https:\/\/freitagsworte.de\/index.php\/2018\/07\/20\/das-anvertraute\/","url_meta":{"origin":1233,"position":3},"title":"Das Anvertraute","date":"20. Juli 2018","format":false,"excerpt":"\u201eWir haben das Anvertraute den Himmeln und der Erde und den Bergen angeboten, aber sie weigerten sich, es zu tragen, sie scheuten sich davor. Der Mensch trug es \u2013 gewi\u00df, er ist sehr oft ungerecht und sehr oft t\u00f6richt\u201c (al-Ahzab\/33:72)","rel":"","context":"In &quot;Aufrichtigkeit&quot;","img":{"alt_text":"","src":"","width":0,"height":0},"classes":[]},{"id":945,"url":"https:\/\/freitagsworte.de\/index.php\/2018\/12\/28\/vom-haben-zum-sein\/","url_meta":{"origin":1233,"position":4},"title":"Vom Haben zum Sein","date":"28. Dezember 2018","format":false,"excerpt":"Das f\u00fcnfmal t\u00e4gliche rituelle Gebet (as-salat, namaz) geh\u00f6rt zu den religi\u00f6sen Pflichten jedes gl\u00e4ubigen Muslims und jeder gl\u00e4ubigen Muslima. Es gilt, neben dem Fasten, dem Zahlen der Armensteuer und der gro\u00dfen Pilgerfahrt nach Mekka, als die Best\u00e4tigung und praktische Entfaltung des muslimischen Glaubensbekenntnisses, der schahada. Die Inhalte des Glaubensbekenntnisses \u2013\u2026","rel":"","context":"\u00c4hnlicher Beitrag","img":{"alt_text":"","src":"","width":0,"height":0},"classes":[]},{"id":1474,"url":"https:\/\/freitagsworte.de\/index.php\/2020\/09\/25\/tue-gutes-so-wie-allah-dir-gutes-tat-2\/","url_meta":{"origin":1233,"position":5},"title":"Tue Gutes, so wie Allah dir Gutes tat","date":"25. September 2020","format":false,"excerpt":"Religiosit\u00e4t und Gl\u00e4ubigkeit findet f\u00fcr Muslime nicht in einem begrenzten sakralen Raum statt. Vielmehr spiegelt sich der Glaube in der Haltung und der Handlung der Gl\u00e4ubigen wieder. Der Gottesdienst beschr\u00e4nkt sich nicht auf das Gebet in der Moschee oder das Fasten im Ramadan, es durchzieht das ganze Leben. Religiosit\u00e4t ist\u2026","rel":"","context":"\u00c4hnlicher Beitrag","img":{"alt_text":"","src":"","width":0,"height":0},"classes":[]}],"_links":{"self":[{"href":"https:\/\/freitagsworte.de\/index.php\/wp-json\/wp\/v2\/posts\/1233"}],"collection":[{"href":"https:\/\/freitagsworte.de\/index.php\/wp-json\/wp\/v2\/posts"}],"about":[{"href":"https:\/\/freitagsworte.de\/index.php\/wp-json\/wp\/v2\/types\/post"}],"author":[{"embeddable":true,"href":"https:\/\/freitagsworte.de\/index.php\/wp-json\/wp\/v2\/users\/1"}],"replies":[{"embeddable":true,"href":"https:\/\/freitagsworte.de\/index.php\/wp-json\/wp\/v2\/comments?post=1233"}],"version-history":[{"count":2,"href":"https:\/\/freitagsworte.de\/index.php\/wp-json\/wp\/v2\/posts\/1233\/revisions"}],"predecessor-version":[{"id":1235,"href":"https:\/\/freitagsworte.de\/index.php\/wp-json\/wp\/v2\/posts\/1233\/revisions\/1235"}],"wp:attachment":[{"href":"https:\/\/freitagsworte.de\/index.php\/wp-json\/wp\/v2\/media?parent=1233"}],"wp:term":[{"taxonomy":"category","embeddable":true,"href":"https:\/\/freitagsworte.de\/index.php\/wp-json\/wp\/v2\/categories?post=1233"},{"taxonomy":"post_tag","embeddable":true,"href":"https:\/\/freitagsworte.de\/index.php\/wp-json\/wp\/v2\/tags?post=1233"}],"curies":[{"name":"wp","href":"https:\/\/api.w.org\/{rel}","templated":true}]}}