{"id":1231,"date":"2019-11-22T07:27:26","date_gmt":"2019-11-22T06:27:26","guid":{"rendered":"https:\/\/freitagsworte.de\/?p=1231"},"modified":"2020-04-19T20:58:23","modified_gmt":"2020-04-19T18:58:23","slug":"nicht-die-anderen-sind-arm-nicht-wir-reich","status":"publish","type":"post","link":"https:\/\/freitagsworte.de\/index.php\/2019\/11\/22\/nicht-die-anderen-sind-arm-nicht-wir-reich\/","title":{"rendered":"Nicht die Anderen sind arm, nicht wir reich"},"content":{"rendered":"<p>\n<!--StartFragment--><\/p>\n\n\n<p>\u201cDie Armen erben das Land. Der Reiche, der die Bettlerschale \u00fcbersieht, der L\u00e4sterworte redet wider die Armen, ist verroht und verstockt. Auch wenn die reichen viel auf Manieren und Etikette geben, eine feine Seele haben sie nicht.\u201d Mit diesen und anderen drastischen Worten hatte Feridun Zaimoglu den Bachmannpreis in Klagenfurt er\u00f6ffnet. Worte, gesprochen im Sommer, schon zu der Zeit schneiden sie ins Fleisch, erst recht jetzt an diesen kalten Tagen. Zu h\u00e4ufig begegnen wir Menschen auf der Stra\u00dfe, die die Hand \u00f6ffnen m\u00fcssen, um \u00fcber die Runden zu kommen. Und schroff zur\u00fcckgewiesen werden.<\/p>\n\n\n\n<p>Die Worte erinnern an eine Mahnung in der Sura Maun: <\/p>\n\n\n\n<blockquote class=\"wp-block-quote\"><p>\u201cHast du den gesehen, der das (Letzte) Gericht leugnet? Er ist es, der die Waise wegst\u00f6\u00dft und nicht zur Speisung des Armen anspornt.\u201d (107:1-3) <\/p><\/blockquote>\n\n\n\n<p>Es ist nicht die einzige Stelle im Koran, der den Umgang mit Bed\u00fcrftigen zu einer Frage des rechten Glaubens erkl\u00e4rt. Dabei wird nicht dazu aufgerufen, ihnen einfach nur etwas von dem Eigenen  abzugeben. Nein, der Bed\u00fcrftige hat einen Anspruch auf diese Unterst\u00fctzung. <\/p>\n\n\n\n<!--more-->\n\n\n\n<blockquote class=\"wp-block-quote\"><p>\u201cUnd von ihrem Verm\u00f6gen war ein Teil f\u00fcr den Bittenden und den versch\u00e4mten Armen.\u201d (51:19)<\/p><\/blockquote>\n\n\n\n<p>Dem Bed\u00fcrftigen steht von den Sch\u00e4tzen des irdischen Lebens etwas zu, weil er Mensch ist, weil er zur Sch\u00f6pfung Allahs geh\u00f6rt. Allah ist der \u201cMalik-al-mulk\u201d, der Inhaber aller Reicht\u00fcmer. Alles im Himmel und der Erde geh\u00f6rt ihm und wir geben untereinander nur seine Reicht\u00fcmer aneinander weiter. Der Geiz ist dann nicht einfach nur eine Verfehlung, er ist auch ein Vorenthalten des Rechts des Anderem an den Gaben Allahs. <\/p>\n\n\n\n<blockquote class=\"wp-block-quote\"><p>\u201cUnd diejenigen, die mit dem knauserig sind, was Allah in Seiner Huld ihnen gab, sollen nicht w\u00e4hnen, es diene ihnen zum Guten: Nein, zum B\u00f6sen dient es ihnen. Als Kette sollen sie am Tag der Auferstehung um den Hals tragen, womit sie gegeizt hatten. Und Allahs ist das Erbe der Himmel und der Erde. Und Allah kennt wohl euer Tun.\u201d (3:180)<\/p><\/blockquote>\n\n\n\n<p>Immer wieder wird im Koran daran erinnert, dass es Allah teala ist, der gibt und der nimmt. Dabei geht es nicht um die Darstellung eines Gottes, der beliebig seine Sch\u00e4tze verteilt. Wir werden dabei  eher daran erinnert, dass gerade Reichtum und Status nicht immer auf eigener Leistung beruhen m\u00fcssen. <\/p>\n\n\n\n<p>Wie viel von dem, das wir erreicht haben, k\u00f6nnen wir ohne Einschr\u00e4nkung uns selbst zuschreiben? H\u00e4ngt ein Gro\u00dfteil unserer \u201cErfolge\u201d nicht eher davon ab, in welcher Region der Welt wir auf die Welt gekommen, in was f\u00fcr eine Familie wir hineingeboren sind, welche Schulbildung uns unsere Eltern haben zukommen lassen? Vieles der Selbstverst\u00e4ndlichkeiten um uns herum sind in den \u00e4rmsten Regionen der Welt selbst in Tr\u00e4umen unerreichbar. <\/p>\n\n\n\n<p>Auch um uns herum gibt es genug Menschen, denen nicht die gleichen Startbedingungen wie uns zu Teil geworden sind. Schicksalsschl\u00e4ge haben sie aus der Bahn geworfen oder sie haben einfach im richtigen Augenblick nicht das Gl\u00fcck erfahren, das wir erlebt haben. <\/p>\n\n\n\n<p>Die Erinnerung daran, dass es Allah ist, der uns gibt, soll uns nicht zu Passivit\u00e4t und zu Fatalismus verleiten. Sie soll uns zur Demut geleiten, zur Erkenntnis, dass nicht alles in unseren H\u00e4nden lag, als wir Erfolg oder Scheitern erlebt haben. Erfolg soll keine Grundlage f\u00fcr \u00dcberheblichkeit, R\u00fcckschl\u00e4ge keine Grundlage f\u00fcr Hoffnungslosigkeit sein. Denn,  \u201csiehe, mein Herr gibt Versorgung, reichlich oder bemessen, wem Er will. Doch die meisten Menschen verstehen es nicht.\u201d (34:36) (ek)<\/p>\n","protected":false},"excerpt":{"rendered":"<p>\u201cDie Armen erben das Land. Der Reiche, der die Bettlerschale \u00fcbersieht, der L\u00e4sterworte redet wider die Armen, ist verroht und verstockt. Auch wenn die reichen viel auf Manieren und Etikette geben, eine feine Seele haben sie nicht.\u201d Mit diesen und anderen drastischen Worten hatte Feridun Zaimoglu den Bachmannpreis in Klagenfurt er\u00f6ffnet. Worte, gesprochen im Sommer,&hellip; <\/p>\n<p class=\"simppeli-read-more\"><a href=\"https:\/\/freitagsworte.de\/index.php\/2019\/11\/22\/nicht-die-anderen-sind-arm-nicht-wir-reich\/\" class=\"more-link\">Weiterlesen <span class=\"screen-reader-text\">Nicht die Anderen sind arm, nicht wir reich<\/span> <span class=\"meta-nav\">&rarr;<\/span><\/a><\/p>\n","protected":false},"author":1,"featured_media":0,"comment_status":"closed","ping_status":"closed","sticky":false,"template":"","format":"standard","meta":{"spay_email":"","jetpack_publicize_message":"","jetpack_is_tweetstorm":false,"jetpack_publicize_feature_enabled":true},"categories":[369],"tags":[310,370,312],"jetpack_publicize_connections":[],"jetpack_featured_media_url":"","jetpack_sharing_enabled":true,"jetpack_shortlink":"https:\/\/wp.me\/p8tv7g-jR","jetpack-related-posts":[{"id":310,"url":"https:\/\/freitagsworte.de\/index.php\/2017\/08\/31\/das-opferfest\/","url_meta":{"origin":1231,"position":0},"title":"Das Opferfest","date":"31. August 2017","format":false,"excerpt":"Auch dieses Jahr feiern wir wieder das islamische Opferfest. Wir sind in Gedanken bei unseren Glaubensgeschwistern in Mekka, die ihre Pilgerreise mit dem Ritus der Schlachtung eines Opfertieres beenden. So wie sie sind auch wir hier in Deutschland dazu berufen, dieses hohe Fest unseres Glaubens mit der Schlachtung eines Opfertieres\u2026","rel":"","context":"In &quot;Aufrichtigkeit&quot;","img":{"alt_text":"","src":"","width":0,"height":0},"classes":[]},{"id":816,"url":"https:\/\/freitagsworte.de\/index.php\/2018\/11\/09\/nicht-wir-sind-reich-nicht-die-anderen-arm\/","url_meta":{"origin":1231,"position":1},"title":"Nicht wir sind reich, nicht die anderen arm","date":"9. November 2018","format":false,"excerpt":"Auch um uns herum gibt es genug Menschen, denen nicht die gleichen Startbedingungen wie uns zu Teil geworden sind. Schicksalsschl\u00e4ge haben sie aus der Bahn geworfen oder sie haben einfach im richtigen Augenblick nicht das Gl\u00fcck erfahren, das wir erlebt haben.","rel":"","context":"In &quot;Demut&quot;","img":{"alt_text":"","src":"","width":0,"height":0},"classes":[]},{"id":1872,"url":"https:\/\/freitagsworte.de\/index.php\/2022\/05\/13\/gewissensfragen-2\/","url_meta":{"origin":1231,"position":2},"title":"Gewissensfragen","date":"13. Mai 2022","format":false,"excerpt":"Gew\u00f6hnlich findet sich freitags an dieser Stelle ein Text, mit dem das Thema Spiritualit\u00e4t im Islam angesprochen wird. Oder die Autoren versuchen, eben jene Spiritualit\u00e4t durch ihre Texte sp\u00fcrbar zu machen. Aber zuweilen hat man das Gef\u00fchl, dass die \u00e4u\u00dferen Bedingungen unserer Existenz unsere Gedankenwelt derart \u00fcberlagern, dass kein Platz\u2026","rel":"","context":"\u00c4hnlicher Beitrag","img":{"alt_text":"","src":"","width":0,"height":0},"classes":[]},{"id":759,"url":"https:\/\/freitagsworte.de\/index.php\/2018\/09\/14\/gewissensfragen\/","url_meta":{"origin":1231,"position":3},"title":"Gewissensfragen","date":"14. September 2018","format":false,"excerpt":"Gew\u00f6hnlich findet sich freitags an dieser Stelle ein Text, mit dem das Thema Spiritualit\u00e4t im Islam angesprochen wird. Oder die Autoren versuchen, eben jene Spiritualit\u00e4t durch ihre Texte sp\u00fcrbar zu machen. Aber zuweilen hat man das Gef\u00fchl, dass die \u00e4u\u00dferen Bedingungen unserer Existenz unsere Gedankenwelt derart \u00fcberlagern, dass kein Platz\u2026","rel":"","context":"In &quot;Aufrichtigkeit&quot;","img":{"alt_text":"","src":"","width":0,"height":0},"classes":[]},{"id":1901,"url":"https:\/\/freitagsworte.de\/index.php\/2022\/07\/08\/das-fest-der-naehe-2\/","url_meta":{"origin":1231,"position":4},"title":"Das Fest der N\u00e4he","date":"8. Juli 2022","format":false,"excerpt":"Wie jedes Jahr feiern wir auch diesmal das Opferfest mit unseren gewohnten Ritualen. Dazu geh\u00f6rt die Schlachtung eines Opfertieres und das Verteilen eines Teils des Fleisches.\u00a0 Dieses Ritual ist buchst\u00e4blich so k\u00f6rperlich pr\u00e4sent und pr\u00e4gend, dass wir nahezu \u00fcberw\u00e4ltigt von seiner physischen Kraft uns zunehmend von der ihm innewohnenden und\u2026","rel":"","context":"\u00c4hnlicher Beitrag","img":{"alt_text":"","src":"","width":0,"height":0},"classes":[]},{"id":1426,"url":"https:\/\/freitagsworte.de\/index.php\/2020\/07\/30\/das-fest-der-naehe\/","url_meta":{"origin":1231,"position":5},"title":"Das Fest der N\u00e4he","date":"30. Juli 2020","format":false,"excerpt":"Wie jedes Jahr feiern wir auch diesmal das Opferfest mit unseren gewohnten Ritualen. Dazu geh\u00f6rt die Schlachtung eines Opfertieres und das Verteilen eines Teils des Fleisches.\u00a0 Dieses Ritual ist buchst\u00e4blich so k\u00f6rperlich pr\u00e4sent und pr\u00e4gend, dass wir nahezu \u00fcberw\u00e4ltigt von seiner physischen Kraft uns zunehmend von der ihm innewohnenden und\u2026","rel":"","context":"\u00c4hnlicher Beitrag","img":{"alt_text":"","src":"","width":0,"height":0},"classes":[]}],"_links":{"self":[{"href":"https:\/\/freitagsworte.de\/index.php\/wp-json\/wp\/v2\/posts\/1231"}],"collection":[{"href":"https:\/\/freitagsworte.de\/index.php\/wp-json\/wp\/v2\/posts"}],"about":[{"href":"https:\/\/freitagsworte.de\/index.php\/wp-json\/wp\/v2\/types\/post"}],"author":[{"embeddable":true,"href":"https:\/\/freitagsworte.de\/index.php\/wp-json\/wp\/v2\/users\/1"}],"replies":[{"embeddable":true,"href":"https:\/\/freitagsworte.de\/index.php\/wp-json\/wp\/v2\/comments?post=1231"}],"version-history":[{"count":2,"href":"https:\/\/freitagsworte.de\/index.php\/wp-json\/wp\/v2\/posts\/1231\/revisions"}],"predecessor-version":[{"id":1344,"href":"https:\/\/freitagsworte.de\/index.php\/wp-json\/wp\/v2\/posts\/1231\/revisions\/1344"}],"wp:attachment":[{"href":"https:\/\/freitagsworte.de\/index.php\/wp-json\/wp\/v2\/media?parent=1231"}],"wp:term":[{"taxonomy":"category","embeddable":true,"href":"https:\/\/freitagsworte.de\/index.php\/wp-json\/wp\/v2\/categories?post=1231"},{"taxonomy":"post_tag","embeddable":true,"href":"https:\/\/freitagsworte.de\/index.php\/wp-json\/wp\/v2\/tags?post=1231"}],"curies":[{"name":"wp","href":"https:\/\/api.w.org\/{rel}","templated":true}]}}