{"id":1209,"date":"2019-10-25T09:00:12","date_gmt":"2019-10-25T07:00:12","guid":{"rendered":"https:\/\/freitagsworte.de\/?p=1209"},"modified":"2020-04-19T20:59:11","modified_gmt":"2020-04-19T18:59:11","slug":"nicht-von-der-negativitaet-anderer-anstecken-lassen","status":"publish","type":"post","link":"https:\/\/freitagsworte.de\/index.php\/2019\/10\/25\/nicht-von-der-negativitaet-anderer-anstecken-lassen\/","title":{"rendered":"Nicht von der Negativit\u00e4t anderer anstecken lassen"},"content":{"rendered":"\n<p>St\u00e4ndig sind wir konfrontiert mit medialen und politischen Debatten \u00fcber uns Muslime. Gesellschaftliche Debatten \u2013 so anstrengend sie oft auch sein m\u00f6gen \u2013 sind trotzdem wichtig. Wir als deutsche Muslime, denen die Zukunft dieser unseren Gesellschaft am Herzen liegt, m\u00fcssen auf allen Ebenen auch unserer Verantwortung gerecht werden, in dem auch wir als Muslime unseren Beitrag f\u00fcr die Bew\u00e4ltigung gesellschaftlicher Herausforderungen leisten.<\/p>\n\n\n\n<p>Das ist nicht immer einfach, weil man mit den unterschiedlichsten Sichtweisen und Meinungen konfrontiert ist. Dass dies nicht so einfach ist und manche Muslime auch belastet, merkt man daran, dass manche Muslime frustriert sind und das Gef\u00fchl haben, dass man nicht weiterkommt. Das ist menschlich nachvollziehbar, aber ich m\u00f6chte hier den Fokus auf eine andere Facette lenken. Denn ganz schnell entwickelt sich daraus ein Geist des Ressentiments, wo man immer h\u00e4ufiger die eigene Legitimation aus der Ablehnung anderer zieht.&nbsp;Die gute Tat und die Erlangung Allahs Zufriedenheit wird ersetzt durch die Selbsteinordnung in der Gruppe der Unterdr\u00fcckten.<\/p>\n\n\n\n<!--more-->\n\n\n\n<p>Trotz der immer fortlaufenden Islamdebatte, die ganz oft auch skurrile Formen annehmen kann, m\u00fcssen wir uns als hier lebende Muslime auch immer wieder die Frage stellen, inwiefern wir noch in der Lage sind \u2013 losgel\u00f6st von der medialen und politischen Gro\u00dfwetterlage \u2013 unsere Priorit\u00e4ten nicht aus den Augen zu verlieren. Frustration f\u00fchrt fr\u00fcher oder sp\u00e4ter dazu, dass man sich von der Negativit\u00e4t, die vielleicht um einen herum existiert, beeinflussen l\u00e4sst, bis man dann anf\u00e4ngt selber negativ zu werden. In dem man permanent auf Entwicklungen, Aussagen und Entscheidungen immer nur reagiert, ist man in der Rolle des Passiven. Und ganz schnell \u00fcbernimmt man die Merkmale des Gegen\u00fcbers, was man eigentlich anfangs kritisierte, ohne dass man es bemerkt hat.<\/p>\n\n\n\n<p>Wir diskutieren viel \u00fcber \u201aden\u2018 Islam, unsere Glaubenspraxis, verteidigen unsere Religionsfreiheit. Wir sind so durchdrungen von diesen theoretischen Diskursen und Meinungsstreits, k\u00e4mpfen so sehr um die Deutungshoheit, was alles sicher seine Berechtigung hat, aber merken manchmal nicht, wie sehr uns diese ganzen Diskurse dominieren, so dass wir den Blick f\u00fcr das Wesentliche aus den Augen zu verlieren scheinen. Denn direkt vor unseren Augen sind wir mit unterschiedlichen Ph\u00e4nomenen konfrontiert, von Altersarmut, Obdachlosigkeit und insgesamt einer gro\u00dfen Ignoranz gegen\u00fcber Menschen, die unsere Hilfe brauchen. Inwiefern werden wir unserer Verantwortung vor Allah gerecht, wenn wir per Bank\u00fcberweisung bed\u00fcrftigen Menschen in entlegenen Regionen der Welt helfen, aber blind sind, wenn direkt vor unserer Haust\u00fcr bed\u00fcrftige Menschen ums \u00dcberleben k\u00e4mpfen?<\/p>\n\n\n\n<p>Daran musste ich denken, als ich auf den Satz von Erich K\u00e4stner wieder einmal gesto\u00dfen bin, wo es hei\u00dft: \u201eEs gibt nichts Gutes, au\u00dfer man tut es.\u201c Es ist ein banaler Satz, aber es bringt das Wesentliche in einer sehr einfachen Sprache zum Ausdruck. Diskurse hin oder her, als Mensch und als Muslim geht es im Ergebnis darum, Gutes zu tun. Und das tut man in erster Linie in seinem direkten Umfeld. Da ist es manchmal auch angebracht eine aktuelle Debatte mal links liegen zu lassen, um einfach etwas Gutes zu tun. Wer auf der Suche nach etwas negativem ist, wird immer etwas finden, aber am Ende auch in einer Verbitterung enden, ohne, ja ohne auch eine Kleinigkeiten an Positivem getan zu haben.<\/p>\n\n\n\n<p>Wenn es darum geht, auf Dinge hinzuweisen, die nicht gut laufen, wird man immer etwas finden. Aber den Blick auf das Positive zu richten, und somit bei anderen Muslimen etwas Positives zu stiften, dass ist einer der wichtigen Herausforderungen von uns Muslimen heute. Schon unser Prophet Muhammad (sav) sagte: \u201eSeid nicht wie gew\u00f6hnliche Menschen, die sagen: \u201aWenn jeder Gutes tut, dann werden wir das auch tun, wenn jeder ungerecht handelt, dann handeln wir auch ungerecht.\u2018&nbsp;Handelt anders: Bereitet euch darauf vor, dass wenn die Menschen Gutes tun, ihr auch beim Guten dabei seid und wenn sie Schlechtes tun, ihr nicht dabei mitmacht.\u201c [Tirmidhi, Birr, 63] (eg)<\/p>\n","protected":false},"excerpt":{"rendered":"<p>St\u00e4ndig sind wir konfrontiert mit medialen und politischen Debatten \u00fcber uns Muslime. Gesellschaftliche Debatten \u2013 so anstrengend sie oft auch sein m\u00f6gen \u2013 sind trotzdem wichtig. Wir als deutsche Muslime, denen die Zukunft dieser unseren Gesellschaft am Herzen liegt, m\u00fcssen auf allen Ebenen auch unserer Verantwortung gerecht werden, in dem auch wir als Muslime unseren&hellip; <\/p>\n<p class=\"simppeli-read-more\"><a href=\"https:\/\/freitagsworte.de\/index.php\/2019\/10\/25\/nicht-von-der-negativitaet-anderer-anstecken-lassen\/\" class=\"more-link\">Weiterlesen <span class=\"screen-reader-text\">Nicht von der Negativit\u00e4t anderer anstecken lassen<\/span> <span class=\"meta-nav\">&rarr;<\/span><\/a><\/p>\n","protected":false},"author":2,"featured_media":0,"comment_status":"closed","ping_status":"closed","sticky":false,"template":"","format":"standard","meta":{"spay_email":"","jetpack_publicize_message":"","jetpack_is_tweetstorm":false,"jetpack_publicize_feature_enabled":true},"categories":[1],"tags":[],"jetpack_publicize_connections":[],"jetpack_featured_media_url":"","jetpack_sharing_enabled":true,"jetpack_shortlink":"https:\/\/wp.me\/p8tv7g-jv","jetpack-related-posts":[{"id":617,"url":"https:\/\/freitagsworte.de\/index.php\/2018\/05\/04\/es-gibt-nichts-gutes-ausser-man-tut-es\/","url_meta":{"origin":1209,"position":0},"title":"Es gibt nichts Gutes, au\u00dfer man tut es","date":"4. Mai 2018","format":false,"excerpt":"St\u00e4ndig sind wir konfrontiert mit medialen und politischen Debatten \u00fcber uns Muslime. Gesellschaftliche Debatten \u2013 so anstrengend sie oft auch sein m\u00f6gen \u2013 sind trotzdem wichtig. Wir als deutsche Muslime, denen die Zukunft dieser unseren Gesellschaft am Herzen liegt, m\u00fcssen auf allen Ebenen auch unserer Verantwortung gerecht werden, in dem\u2026","rel":"","context":"\u00c4hnlicher Beitrag","img":{"alt_text":"","src":"","width":0,"height":0},"classes":[]},{"id":1302,"url":"https:\/\/freitagsworte.de\/index.php\/2020\/03\/13\/es-gibt-nichts-gutes-ausser-man-tut-es-2\/","url_meta":{"origin":1209,"position":1},"title":"Es gibt nichts Gutes, au\u00dfer man tut es","date":"13. M\u00e4rz 2020","format":false,"excerpt":"St\u00e4ndig sind wir konfrontiert mit medialen und politischen Debatten \u00fcber uns Muslime. Gesellschaftliche Debatten \u2013 so anstrengend sie oft auch sein m\u00f6gen \u2013 sind trotzdem wichtig. Wir als deutsche Muslime, denen die Zukunft dieser unseren Gesellschaft am Herzen liegt, m\u00fcssen auf allen Ebenen auch unserer Verantwortung gerecht werden, in dem\u2026","rel":"","context":"\u00c4hnlicher Beitrag","img":{"alt_text":"","src":"","width":0,"height":0},"classes":[]},{"id":686,"url":"https:\/\/freitagsworte.de\/index.php\/2018\/07\/13\/goldgewinnung\/","url_meta":{"origin":1209,"position":2},"title":"Goldgewinnung","date":"13. Juli 2018","format":false,"excerpt":"Islam- und Muslimfeindlichkeit ist etwas, was uns Muslime immer mehr Sorge bereitet. Es gibt in unserer Gesellschaft Akteure, die immer massiver Ressentiments gegen Muslime befeuern und Hysterie verbreiten. Der gesellschaftliche Frieden leidet darunter. Positiv zu beobachten ist allerdings auch,\u00a0dass immer mehr Organisationen und Initiativen auf dieses Ph\u00e4nomen aufmerksam machen. Zivilgesellschaftliche\u2026","rel":"","context":"In \"antimuslimischer Rassismus\"","img":{"alt_text":"","src":"","width":0,"height":0},"classes":[]},{"id":1771,"url":"https:\/\/freitagsworte.de\/index.php\/2021\/11\/26\/meinungsvielfalt-nur-wenn-es-uns-passt-3\/","url_meta":{"origin":1209,"position":3},"title":"Meinungsvielfalt nur wenn es uns passt?","date":"26. November 2021","format":false,"excerpt":"Die nicht enden wollenden Debatten \u00fcber die islamische Glaubenspraxis und Muslime geht nicht spurlos an uns Muslimen vorbei. Wie sollte dies auch, denn nat\u00fcrlich ber\u00fchrt uns Muslime die Infragestellung unserer Glaubensgrundlagen. Im sogenannten Islamdiskurs haben wir es nicht selten mit Panikmachern zu tun, die unsere Glaubenspraxis und Glaubensinhalte als feindliche\u2026","rel":"","context":"\u00c4hnlicher Beitrag","img":{"alt_text":"","src":"","width":0,"height":0},"classes":[]},{"id":1044,"url":"https:\/\/freitagsworte.de\/index.php\/2019\/04\/12\/meinungsvielfalt-nur-wenn-es-uns-passt\/","url_meta":{"origin":1209,"position":4},"title":"Meinungsvielfalt nur wenn es uns passt?","date":"12. April 2019","format":false,"excerpt":"Die nicht enden wollenden Debatten \u00fcber die islamische Glaubenspraxis und Muslime geht nicht spurlos an uns Muslimen vorbei. Wie sollte dies auch, denn nat\u00fcrlich ber\u00fchrt uns Muslime die Infragestellung unserer Glaubensgrundlagen. Im sogenannten Islamdiskurs haben wir es nicht selten mit Panikmachern zu tun, die unsere Glaubenspraxis und Glaubensinhalte als feindliche\u2026","rel":"","context":"In &quot;Vielfalt&quot;","img":{"alt_text":"","src":"","width":0,"height":0},"classes":[]},{"id":1278,"url":"https:\/\/freitagsworte.de\/index.php\/2020\/02\/07\/meinungsvielfalt-nur-wenn-es-uns-passt-2\/","url_meta":{"origin":1209,"position":5},"title":"Meinungsvielfalt nur wenn es uns passt?","date":"7. Februar 2020","format":false,"excerpt":"Die nicht enden wollenden Debatten \u00fcber die islamische Glaubenspraxis und Muslime geht nicht spurlos an uns Muslimen vorbei. Wie sollte dies auch, denn nat\u00fcrlich ber\u00fchrt uns Muslime die Infragestellung unserer Glaubensgrundlagen. Im sogenannten Islamdiskurs haben wir es nicht selten mit Panikmachern zu tun, die unsere Glaubenspraxis und Glaubensinhalte als feindliche\u2026","rel":"","context":"\u00c4hnlicher Beitrag","img":{"alt_text":"","src":"","width":0,"height":0},"classes":[]}],"_links":{"self":[{"href":"https:\/\/freitagsworte.de\/index.php\/wp-json\/wp\/v2\/posts\/1209"}],"collection":[{"href":"https:\/\/freitagsworte.de\/index.php\/wp-json\/wp\/v2\/posts"}],"about":[{"href":"https:\/\/freitagsworte.de\/index.php\/wp-json\/wp\/v2\/types\/post"}],"author":[{"embeddable":true,"href":"https:\/\/freitagsworte.de\/index.php\/wp-json\/wp\/v2\/users\/2"}],"replies":[{"embeddable":true,"href":"https:\/\/freitagsworte.de\/index.php\/wp-json\/wp\/v2\/comments?post=1209"}],"version-history":[{"count":1,"href":"https:\/\/freitagsworte.de\/index.php\/wp-json\/wp\/v2\/posts\/1209\/revisions"}],"predecessor-version":[{"id":1210,"href":"https:\/\/freitagsworte.de\/index.php\/wp-json\/wp\/v2\/posts\/1209\/revisions\/1210"}],"wp:attachment":[{"href":"https:\/\/freitagsworte.de\/index.php\/wp-json\/wp\/v2\/media?parent=1209"}],"wp:term":[{"taxonomy":"category","embeddable":true,"href":"https:\/\/freitagsworte.de\/index.php\/wp-json\/wp\/v2\/categories?post=1209"},{"taxonomy":"post_tag","embeddable":true,"href":"https:\/\/freitagsworte.de\/index.php\/wp-json\/wp\/v2\/tags?post=1209"}],"curies":[{"name":"wp","href":"https:\/\/api.w.org\/{rel}","templated":true}]}}