{"id":1111,"date":"2019-07-12T09:23:37","date_gmt":"2019-07-12T07:23:37","guid":{"rendered":"https:\/\/freitagsworte.de\/?p=1111"},"modified":"2020-04-19T21:05:05","modified_gmt":"2020-04-19T19:05:05","slug":"den-eigenen-neid-erkennen","status":"publish","type":"post","link":"https:\/\/freitagsworte.de\/index.php\/2019\/07\/12\/den-eigenen-neid-erkennen\/","title":{"rendered":"Den eigenen Neid erkennen"},"content":{"rendered":"\n<blockquote class=\"wp-block-quote\"><p>\u201cDa trieb ihn seine Seele, seinen Bruder zu t\u00f6ten. <br> Und er t\u00f6tete ihn. <br> So wurde er zu einem der Verlierer.\u201d (Maida, 30)<\/p><\/blockquote>\n\n\n\n<p>Dieser Vers, er ist so schwer, so traurig und tragisch. Ein kurzer Vers, der viel Leid in sich birgt. Er l\u00e4sst uns in einen Abgrund blicken, in den wir eigentlich nie blicken wollen. Wie b\u00f6se kann denn unsere Seele werden, dass sie uns gar zum Mord an einem der uns N\u00e4chsten treiben kann? <\/p>\n\n\n\n<p>Der Vers stammt aus der Schilderung des Gleichnisses von Kain und Abel im Koran, oder wie sie in der islamischen Tradition genannt werden, Habil und Qabil. Das Gleichnis geh\u00f6rt zu den gemeinsamen Themen von Koran und Talmud. Und selbst die Sumerer haben in einem sehr alten Mythos um ihren Bauerngott Enkimdu und ihren Jagdgott Dumuzi ein \u00e4hnliches Thema der br\u00fcderlichen Auseinandersetzung vor Tausenden von Jahren aufgegriffen. Das Gleichnis, die Mahnung die in ihm steckt, scheint so alt und so tiefgr\u00fcndig wie die Menschheit selbst zu sein. <\/p>\n\n\n\n<!--more-->\n\n\n\n<p>Die Erz\u00e4hlung im Talmud ist im Vergleich zu der koranischen Version viel l\u00e4nger. Im Koran sind es gerade einmal f\u00fcnf Verse, die von den beiden Br\u00fcdern handeln. Nicht einmal die Namen dieser Br\u00fcder werden erw\u00e4hnt. Der Fokus der Darstellung liegt nicht auf den Namen der Beiden oder auf der Darlegung von Tatsachen. Der Koran transportiert eine Nachricht, eine Botschaft. Ihm geht es nicht um einen \u201c<em>Faktencheck<\/em>\u201d mit Blick auf die talmudische oder die sumerische Erz\u00e4hlung:<\/p>\n\n\n\n<blockquote class=\"wp-block-quote\"><p> \u201cTrag ihnen die Nachricht von den beiden S\u00f6hnen Adams vor,<br> Gem\u00e4\u00df der Wahrheit,<br> Als die beide ein Opfer brachten.\u201d (Maida, 27).<\/p><\/blockquote>\n\n\n\n<p>Gelehrte wie Razi, Bayzawi oder Zamachschari verstanden unter der Aufforderung, die Nachricht \u201c<em>gem\u00e4\u00df der Wahrheit<\/em>\u201d vorzutragen, diese in einem \u201c<em>Kleid der Wahrheit und Weisheit wiederzugeben<\/em>\u201d, sie mit der \u201c<em>Weisheit zu vereinen<\/em>\u201d oder mit ihr den \u201c<em>Neid zu verurteilen<\/em>\u201d. <\/p>\n\n\n\n<p>Denn um dieses Laster geht es in diesem kurzen St\u00fcck des Korans haupts\u00e4chlich. Der Neid ist der Abgrund, vor dem wir hier gewarnt werden, den wir auch in der eigenen Seele suchen sollen. Dieser Neid war es, der einen der Br\u00fcder jegliche N\u00e4he zu seinem Opfer hat vergessen lassen. Der Neid war es, der seine Seele derma\u00dfen verdarb, dass sie ihn zum Mord an seinem N\u00e4chsten getrieben hat. <\/p>\n\n\n\n<p>Neid lie\u00df Qabil Liebe und Barmherzigkeit f\u00fcr den Bruder beiseite schieben, seine Ohren und sein Herz vor den Warnungen seines Bruders verschlie\u00dfen. Habil weigert sich selbst in dem Moment gr\u00f6\u00dfter Not, dem Beispiel seines Bruders zu folgen und die Hand gegen einen Menschen zu erheben. Es ist nicht nur die Liebe f\u00fcr den Bruder, es ist auch die Gottesfurcht, die ihn davon abh\u00e4lt: <\/p>\n\n\n\n<blockquote class=\"wp-block-quote\"><p> \u201cWenn du nun nach mir deine Hand ausstreckst, um mich zu t\u00f6ten. <br> So will ich meine Hand doch nicht nach dir ausstrecken, um dich zu t\u00f6ten. <br> Siehe, ich f\u00fcrchte Gott, den Herrn der Weltbewohner.\u201d (Maide 28)<\/p><\/blockquote>\n\n\n\n<p>Der Koran skizziert uns hier modellhaft zwei menschliche Typen. Qabil, der sich innerlich seinen schlechten Haltungen und Vorstellungen hingibt, und Habil, bei dem selbst in Lebensgefahr das Streben nach dem Guten und dem Segensreichen \u00fcberwiegen kann. Die Darstellung verf\u00e4llt dabei jedoch nicht in Schwarz\/Wei\u00df. Bei Habil werden wir Zeuge seiner Reflexion, seiner Vergewisserung hinsichtlich der Bedeutung von Taten und der Verantwortung, derer man sich mit dem eigenen Tun unterwirft. Er ist nicht gut, weil er sowieso nicht anders kann, er ist gut, weil er sich bewusst daf\u00fcr entscheidet. <\/p>\n\n\n\n<p>Auch bei Kain\/Qabil werden wir nicht mit einem eindeutigen Urteil der Verdammnis ihm gegen\u00fcber entlassen. Selbst ihn erreicht \u00fcber den Raben Allahs Rechtleitung. Mit dessen Scharren im Boden scheinen auch die Schichten an Frevel auf Kains Herz langsam an Bedeutung zu verlieren. Er erkennt, dass seine Tat nicht gerechtfertigt, sondern eine Greueltat war.  Mit dieser Anerkenntnis des eigenen falschen Handelns wurde er einer von denen, \u201c<em>die bereuen<\/em>\u201d (Maida, 31). (ek)<\/p>\n","protected":false},"excerpt":{"rendered":"<p>\u201cDa trieb ihn seine Seele, seinen Bruder zu t\u00f6ten. Und er t\u00f6tete ihn. So wurde er zu einem der Verlierer.\u201d (Maida, 30) Dieser Vers, er ist so schwer, so traurig und tragisch. Ein kurzer Vers, der viel Leid in sich birgt. Er l\u00e4sst uns in einen Abgrund blicken, in den wir eigentlich nie blicken wollen.&hellip; <\/p>\n<p class=\"simppeli-read-more\"><a href=\"https:\/\/freitagsworte.de\/index.php\/2019\/07\/12\/den-eigenen-neid-erkennen\/\" class=\"more-link\">Weiterlesen <span class=\"screen-reader-text\">Den eigenen Neid erkennen<\/span> <span class=\"meta-nav\">&rarr;<\/span><\/a><\/p>\n","protected":false},"author":1,"featured_media":0,"comment_status":"closed","ping_status":"closed","sticky":false,"template":"","format":"standard","meta":{"spay_email":"","jetpack_publicize_message":"","jetpack_is_tweetstorm":false,"jetpack_publicize_feature_enabled":true},"categories":[329],"tags":[359,133,358,357,360],"jetpack_publicize_connections":[],"jetpack_featured_media_url":"","jetpack_sharing_enabled":true,"jetpack_shortlink":"https:\/\/wp.me\/p8tv7g-hV","jetpack-related-posts":[{"id":1164,"url":"https:\/\/freitagsworte.de\/index.php\/2019\/09\/06\/damit-es-anders-anfaengt-zwischen-uns-allen\/","url_meta":{"origin":1111,"position":0},"title":"11. September","date":"6. September 2019","format":false,"excerpt":"Ein Gastbeitrag von Pfarrerin Dr. Gerdi N\u00fctzel In der kommenden Woche j\u00e4hrt sich der Jahrestag des 11. Septembers 2001, ein markantes Datum f\u00fcr die Beziehungen der Menschen unterschiedlicher Religionen. Als Huntington Mitte der 90er Jahre vom Clash der Zivilisationen und Religionen sprach, wurde er von vielen bel\u00e4chelt oder auch verspottet.\u2026","rel":"","context":"\u00c4hnlicher Beitrag","img":{"alt_text":"","src":"","width":0,"height":0},"classes":[]},{"id":1409,"url":"https:\/\/freitagsworte.de\/index.php\/2020\/07\/10\/der-atem-und-der-duft-der-rose\/","url_meta":{"origin":1111,"position":1},"title":"Der Atem und der Duft der Rose","date":"10. Juli 2020","format":false,"excerpt":"Ganz gleich, wie gewahr wir uns unserer Fehler und Neigungen sind. Wir sind Menschen. Wir sind fehlbar und es ist sogar so, dass wir zuweilen Gefallen an unseren Fehlern finden. Wir schauen von Zeit zu Zeit mit stiller oder gar offen zum Ausdruck gebrachter Freude in die Abgr\u00fcnde unseres Selbst.\u2026","rel":"","context":"\u00c4hnlicher Beitrag","img":{"alt_text":"","src":"","width":0,"height":0},"classes":[]},{"id":1654,"url":"https:\/\/freitagsworte.de\/index.php\/2021\/05\/14\/hoffnung-in-der-not-das-gleichnis-des-propheten-yussuf-as\/","url_meta":{"origin":1111,"position":2},"title":"Hoffnung in der Not &#8211; Das Gleichnis des Propheten Yussuf (as)","date":"14. Mai 2021","format":false,"excerpt":"Sieben bis zehn Jahre nach der ersten Herabsendung des Korans durchlebten die Muslime in Mekka ihre schwierigste Zeit. Die Mekkaner belegten den Stamm des Propheten mit einem Boykott, der es allen anderen St\u00e4mmen verbot, mit dem Stamm der Banu Haschim zu handeln. Auch Nahrung geh\u00f6rte zu den G\u00fctern, die die\u2026","rel":"","context":"In &quot;Hoffnung&quot;","img":{"alt_text":"","src":"","width":0,"height":0},"classes":[]},{"id":446,"url":"https:\/\/freitagsworte.de\/index.php\/2017\/12\/15\/zwei-seelen-in-einer-brust\/","url_meta":{"origin":1111,"position":3},"title":"Zwei Seelen in einer Brust","date":"15. Dezember 2017","format":false,"excerpt":"A\u2018uudhu bi-llahi mina sch-schaitaani r-radjiim. Bi-smi llahi r-rahmani r-rahim. Mit diesen Worten leiten wir Muslime die Rezitation von Koranversen ein. Sei es w\u00e4hrend des Ritualgebetes f\u00fcnfmal am Tag, sei es bei Feiertagsgottesdiensten oder wenn wir ganz einfach den Koran zur Hand nehmen und anfangen, darin zu lesen.Diese Praxis geht zur\u00fcck\u2026","rel":"","context":"In &quot;Gottesn\u00e4he&quot;","img":{"alt_text":"","src":"","width":0,"height":0},"classes":[]},{"id":858,"url":"https:\/\/freitagsworte.de\/index.php\/2018\/12\/07\/der-loewe-der-sich-selbst-angriff\/","url_meta":{"origin":1111,"position":4},"title":"Der L\u00f6we, der sich selbst angriff","date":"7. Dezember 2018","format":false,"excerpt":"Es vergeht wohl kaum ein Tag, ohne dass wir uns \u00fcber einen anderen Menschen aufregen. Sei es zu Hause, in der Familie, im Stra\u00dfenverkehr, an der Kasse im Supermarkt oder auch in den sozialen Medien, immer wieder gibt es Situationen, in denen wir Ansto\u00df nehmen am Verhalten unserer Mitmenschen. Wir\u2026","rel":"","context":"In &quot;Aufrichtigkeit&quot;","img":{"alt_text":"","src":"","width":0,"height":0},"classes":[]},{"id":293,"url":"https:\/\/freitagsworte.de\/index.php\/2017\/08\/18\/allahu-akbar\/","url_meta":{"origin":1111,"position":5},"title":"Allahu akbar!","date":"18. August 2017","format":false,"excerpt":"\u201eEr ist Allah, der Sch\u00f6pfer, der Erschaffer, der Gestalter. Sein sind die sch\u00f6nsten Namen. Ihn preist alles, was in den Himmeln und auf der Erde ist. Und Er ist der Allm\u00e4chtige und Allweise.\u201c In diesem 24. Vers der Sure 59 werden einige der sch\u00f6nen Namen Gottes hervorgehoben. Im arabischen Original\u2026","rel":"","context":"In &quot;Sch\u00f6pfung&quot;","img":{"alt_text":"","src":"","width":0,"height":0},"classes":[]}],"_links":{"self":[{"href":"https:\/\/freitagsworte.de\/index.php\/wp-json\/wp\/v2\/posts\/1111"}],"collection":[{"href":"https:\/\/freitagsworte.de\/index.php\/wp-json\/wp\/v2\/posts"}],"about":[{"href":"https:\/\/freitagsworte.de\/index.php\/wp-json\/wp\/v2\/types\/post"}],"author":[{"embeddable":true,"href":"https:\/\/freitagsworte.de\/index.php\/wp-json\/wp\/v2\/users\/1"}],"replies":[{"embeddable":true,"href":"https:\/\/freitagsworte.de\/index.php\/wp-json\/wp\/v2\/comments?post=1111"}],"version-history":[{"count":2,"href":"https:\/\/freitagsworte.de\/index.php\/wp-json\/wp\/v2\/posts\/1111\/revisions"}],"predecessor-version":[{"id":1113,"href":"https:\/\/freitagsworte.de\/index.php\/wp-json\/wp\/v2\/posts\/1111\/revisions\/1113"}],"wp:attachment":[{"href":"https:\/\/freitagsworte.de\/index.php\/wp-json\/wp\/v2\/media?parent=1111"}],"wp:term":[{"taxonomy":"category","embeddable":true,"href":"https:\/\/freitagsworte.de\/index.php\/wp-json\/wp\/v2\/categories?post=1111"},{"taxonomy":"post_tag","embeddable":true,"href":"https:\/\/freitagsworte.de\/index.php\/wp-json\/wp\/v2\/tags?post=1111"}],"curies":[{"name":"wp","href":"https:\/\/api.w.org\/{rel}","templated":true}]}}