{"id":1074,"date":"2019-05-17T09:30:45","date_gmt":"2019-05-17T07:30:45","guid":{"rendered":"https:\/\/freitagsworte.de\/?p=1074"},"modified":"2019-05-16T16:03:47","modified_gmt":"2019-05-16T14:03:47","slug":"zeit-der-versoehnung-und-inneren-staerke","status":"publish","type":"post","link":"https:\/\/freitagsworte.de\/index.php\/2019\/05\/17\/zeit-der-versoehnung-und-inneren-staerke\/","title":{"rendered":"Zeit der Vers\u00f6hnung und inneren St\u00e4rke"},"content":{"rendered":"\n<p>Das erste Drittel des Ramadans ist vor\u00fcber und nicht wenige von uns haben die Eingew\u00f6hnung auf den Verzicht von Essen und Trinken am Tag mit mehr oder weniger M\u00fchen geschafft. Jeden Tag gibt es einen festen Zeitpunkt, ab und bis wann man wieder essen und trinken darf. Umso mehr freuen wir uns, wenn wir abends zusammen im Kreis der Familie, der Freunde oder mit den Arbeitskollegen gemeinsam das Fasten brechen d\u00fcrfen.<\/p>\n\n\n\n<p>Es ist ein liebgewonnenes Ritual, bei dem Musliminnen und Muslimen nicht nur unter sich bleiben, sondern auch Andersgl\u00e4ubige miteinbeziehen. Im Ramadan gilt es, neben der Konzentration auf Allah und die besondere Spiritualit\u00e4t des heiligen Monats, auch die zwischenmenschlichen Beziehungen zu festigen. Das gemeinsame Fastenbrechen z\u00e4hlt zweifellos dazu.<\/p>\n\n\n\n<!--more-->\n\n\n\n<p>Ebenso ist es im Ramadan \u00fcblich, sich mit den Menschen in Verbindung zusetzen, mit denen man zerstritten ist, die einen vielleicht entt\u00e4uscht oder pers\u00f6nlich verletzt haben. Oft steht einem dabei der eigene Stolz im Weg. Diesen zu \u00fcberwinden ist nicht einfach. Aussprache und Vers\u00f6hnung sind im Zustand der inneren Ruhe, die der Fastenmonat einem gibt, vielleicht am besten m\u00f6glich. Umso erleichterter sind alle, wenn der Konflikt gel\u00f6st wurde und das pers\u00f6nliche Umfeld wieder voller positiver Energie ist.<\/p>\n\n\n\n<p>Wie oft neigen wir dazu, uns \u00fcber andere Menschen zu \u00e4rgern oder gar schlechtes \u00fcber andere zu denken? In der Fastenzeit fehlt einem oft die Energie dazu, sich auf diese negativen Gedanken einzulassen, aber manchmal kommen sie doch hervor. Wir sollten uns bewusst bem\u00fchen und uns gut \u00fcberlegen, ob man sich darauf einl\u00e4sst. Jeder negative Gedanke raubt Energie und das nicht nur im Ramadan.<\/p>\n\n\n\n<p>Wir trainieren unsere eigene Selbstdisziplin und handeln \u00fcberlegter statt impulsiver, wenn wir uns von negativen Gedanken m\u00f6glichst fernhalten. So lautet ein bekannter Hadith:<\/p>\n\n\n\n<p>\u201eFasten ist ein Schild; wenn einer von euch fastet, soll er weder schlecht reden noch seine Stimme im Zorn erheben. Wenn ihn jemand angreift oderbeschimpft, soll er sagen: \u201aIch faste, ich faste!\u2018\u201c (Muslim)<\/p>\n\n\n\n<p>Die Fastenzeit ist ein guter Zeitpunkt, damit zu beginnen. Die innere Einkehr, die Besch\u00e4ftigung mit dem Koran und das erlebte Gemeinschaftsgef\u00fchl helfen einem dabei, geistig ein St\u00fcckchen mehr zu wachsen. Am Ende des Ramadans merken wir umso mehr, wie gut uns dieser Monat tat. (ab) <\/p>\n","protected":false},"excerpt":{"rendered":"<p>Das erste Drittel des Ramadans ist vor\u00fcber und nicht wenige von uns haben die Eingew\u00f6hnung auf den Verzicht von Essen und Trinken am Tag mit mehr oder weniger M\u00fchen geschafft. Jeden Tag gibt es einen festen Zeitpunkt, ab und bis wann man wieder essen und trinken darf. Umso mehr freuen wir uns, wenn wir abends&hellip; <\/p>\n<p class=\"simppeli-read-more\"><a href=\"https:\/\/freitagsworte.de\/index.php\/2019\/05\/17\/zeit-der-versoehnung-und-inneren-staerke\/\" class=\"more-link\">Weiterlesen <span class=\"screen-reader-text\">Zeit der Vers\u00f6hnung und inneren St\u00e4rke<\/span> <span class=\"meta-nav\">&rarr;<\/span><\/a><\/p>\n","protected":false},"author":6,"featured_media":0,"comment_status":"closed","ping_status":"closed","sticky":false,"template":"","format":"standard","meta":{"spay_email":"","jetpack_publicize_message":"","jetpack_is_tweetstorm":false,"jetpack_publicize_feature_enabled":true},"categories":[1],"tags":[100,99,349],"jetpack_publicize_connections":[],"jetpack_featured_media_url":"","jetpack_sharing_enabled":true,"jetpack_shortlink":"https:\/\/wp.me\/p8tv7g-hk","jetpack-related-posts":[{"id":653,"url":"https:\/\/freitagsworte.de\/index.php\/2018\/06\/15\/zeit-der-freude-zeit-der-vergebung\/","url_meta":{"origin":1074,"position":0},"title":"Zeit der Freude, Zeit der Vergebung","date":"15. Juni 2018","format":false,"excerpt":"Wieder ist der Ramadan schnell vor\u00fcber gegangen. 30 Tage, in denen Muslime weltweit zwischen dem Beginn der Morgend\u00e4mmerung und Sonnenuntergang nicht nur auf Essen und Trinken verzichtet haben, sondern auch mit den Augen, Ohren und mit dem Mund gefastet haben. Sich von negativen Dingen ferngehalten haben. Dabei scheint es so,\u2026","rel":"","context":"In &quot;Ramadan&quot;","img":{"alt_text":"","src":"","width":0,"height":0},"classes":[]},{"id":1064,"url":"https:\/\/freitagsworte.de\/index.php\/2019\/05\/03\/der-ramadan-ist-gottesnaehe\/","url_meta":{"origin":1074,"position":1},"title":"Der Ramadan ist Gottesn\u00e4he","date":"3. Mai 2019","format":false,"excerpt":"Ruhig ist es, wie an einem warmen Sommerabend auf einer weiten Wiese. Ein leichter Lufthauch umstr\u00f6mt uns, fern aller Hektik und Sorge. So in etwa f\u00fchlt sich f\u00fcr viele Muslime der erste Abend des Fastens im Ramadan und viele weitere Abende dieses besonderen Monats an. Diese Minuten vor dem Fastenbrechen,\u2026","rel":"","context":"In &quot;Ramadan&quot;","img":{"alt_text":"","src":"","width":0,"height":0},"classes":[]},{"id":641,"url":"https:\/\/freitagsworte.de\/index.php\/2018\/06\/01\/ramadan-spiritualitaet-fuer-alle\/","url_meta":{"origin":1074,"position":2},"title":"Ramadan \u2013 Spiritualit\u00e4t f\u00fcr Alle?","date":"1. Juni 2018","format":false,"excerpt":"Im Ramadan erreicht die Spiritualit\u00e4t der Muslime ihren H\u00f6henpunkt. Der Fastenmonat ist gesegnet von Gottesdiensten, die dem Gl\u00e4ubigen die M\u00f6glichkeit geben, k\u00f6rperlich und seelisch Allahs N\u00e4he zu sp\u00fcren. Sowohl das Fasten als auch das rituelle Gebet und die religi\u00f6se Pflichtgabe und Almosen sollen in diesem Monat intensiv verrichtet werden, so\u2026","rel":"","context":"In &quot;Aufrichtigkeit&quot;","img":{"alt_text":"","src":"","width":0,"height":0},"classes":[]},{"id":196,"url":"https:\/\/freitagsworte.de\/index.php\/2017\/05\/26\/der-verzicht-nimmt-nicht-der-verzicht-gibt\/","url_meta":{"origin":1074,"position":3},"title":"Der Verzicht nimmt nicht, der Verzicht gibt","date":"26. Mai 2017","format":false,"excerpt":"Die Zeit verfliegt schnell. Man kann sich noch an die N\u00e4chte des letzten Ramadans erinnern, als ob es noch gestern war, aber schon stehen wir wieder an der Schwelle zum Fastenmonat. Jedes Jahr ist die Vorfreude gro\u00df bei uns Muslimen. Man bereitet sich vor auf diesen gesegneten Monat, sowohl geistig\u2026","rel":"","context":"In &quot;Ramadan&quot;","img":{"alt_text":"","src":"","width":0,"height":0},"classes":[]},{"id":1330,"url":"https:\/\/freitagsworte.de\/index.php\/2020\/04\/17\/zeit-der-erneuerung\/","url_meta":{"origin":1074,"position":4},"title":"Zeit der Erneuerung","date":"17. April 2020","format":false,"excerpt":"Es ist wieder ein Jahr vergangen und der Ramadan steht uns bevor. Jedes Jahr verbinden wir diesen Monat mit positiven Erlebnissen und den Segnungen des Fastens. Was f\u00fcr Au\u00dfenstehende h\u00e4ufig wie eine gro\u00dfe \u00dcberwindung und irrationale Selbstgei\u00dfelung wirkt, erleben wir Tag f\u00fcr Tag als zunehmende Erleichterung, als Zeit der Beruhigung\u2026","rel":"","context":"In &quot;Ramadan&quot;","img":{"alt_text":"","src":"","width":0,"height":0},"classes":[]},{"id":1852,"url":"https:\/\/freitagsworte.de\/index.php\/2022\/04\/01\/zeit-der-erneuerung-2\/","url_meta":{"origin":1074,"position":5},"title":"Zeit der Erneuerung","date":"1. April 2022","format":false,"excerpt":"Es ist wieder ein Jahr vergangen und der Ramadan steht uns bevor. Jedes Jahr verbinden wir diesen Monat mit positiven Erlebnissen und den Segnungen des Fastens. Was f\u00fcr Au\u00dfenstehende h\u00e4ufig wie eine gro\u00dfe \u00dcberwindung und irrationale Selbstgei\u00dfelung wirkt, erleben wir Tag f\u00fcr Tag als zunehmende Erleichterung, als Zeit der Beruhigung\u2026","rel":"","context":"\u00c4hnlicher Beitrag","img":{"alt_text":"","src":"","width":0,"height":0},"classes":[]}],"_links":{"self":[{"href":"https:\/\/freitagsworte.de\/index.php\/wp-json\/wp\/v2\/posts\/1074"}],"collection":[{"href":"https:\/\/freitagsworte.de\/index.php\/wp-json\/wp\/v2\/posts"}],"about":[{"href":"https:\/\/freitagsworte.de\/index.php\/wp-json\/wp\/v2\/types\/post"}],"author":[{"embeddable":true,"href":"https:\/\/freitagsworte.de\/index.php\/wp-json\/wp\/v2\/users\/6"}],"replies":[{"embeddable":true,"href":"https:\/\/freitagsworte.de\/index.php\/wp-json\/wp\/v2\/comments?post=1074"}],"version-history":[{"count":1,"href":"https:\/\/freitagsworte.de\/index.php\/wp-json\/wp\/v2\/posts\/1074\/revisions"}],"predecessor-version":[{"id":1075,"href":"https:\/\/freitagsworte.de\/index.php\/wp-json\/wp\/v2\/posts\/1074\/revisions\/1075"}],"wp:attachment":[{"href":"https:\/\/freitagsworte.de\/index.php\/wp-json\/wp\/v2\/media?parent=1074"}],"wp:term":[{"taxonomy":"category","embeddable":true,"href":"https:\/\/freitagsworte.de\/index.php\/wp-json\/wp\/v2\/categories?post=1074"},{"taxonomy":"post_tag","embeddable":true,"href":"https:\/\/freitagsworte.de\/index.php\/wp-json\/wp\/v2\/tags?post=1074"}],"curies":[{"name":"wp","href":"https:\/\/api.w.org\/{rel}","templated":true}]}}