{"id":1064,"date":"2019-05-03T09:48:58","date_gmt":"2019-05-03T07:48:58","guid":{"rendered":"https:\/\/freitagsworte.de\/?p=1064"},"modified":"2020-04-19T21:05:18","modified_gmt":"2020-04-19T19:05:18","slug":"der-ramadan-ist-gottesnaehe","status":"publish","type":"post","link":"https:\/\/freitagsworte.de\/index.php\/2019\/05\/03\/der-ramadan-ist-gottesnaehe\/","title":{"rendered":"Der Ramadan ist Gottesn\u00e4he"},"content":{"rendered":"\n<p>Ruhig ist es, wie an einem warmen Sommerabend auf einer weiten Wiese. Ein leichter Lufthauch umstr\u00f6mt uns, fern aller Hektik und Sorge. So in etwa f\u00fchlt sich f\u00fcr viele Muslime der erste Abend des Fastens im Ramadan  und viele weitere Abende dieses besonderen Monats an. Diese Minuten vor dem Fastenbrechen, wenn man sich mit seinen Liebsten an den Tisch setzt, aber die Aufmerksamkeit nicht dem Essen gilt, sie f\u00fchlen sich besonders intensiv an. Es mag verwundern, dass zu diesem Zeitpunkt nicht der Hunger die treibende Kraft ist. Vielmehr scheint die Seele die Kontrolle \u00fcber das Fleischliche des Menschen wieder zur\u00fcckzugewinnen. In diesen letzten Minuten ist dem Fasten eine besondere Ruhe inne. <\/p>\n\n\n\n<!--more-->\n\n\n\n<p>Schon der erste Tag ist ein ganz Anderer. Der Fastende hat den Tag \u00fcber nicht gehungert, er hat Gott gedacht &#8211; auf unterschiedlichen Wegen. Der Tag begann sehr fr\u00fch mit dem gemeinsamen Essen. Selbst die Kinder sind aufgeregt um dieses Mahl zu erleben, auch wenn sie zu jung f\u00fcr das Fasten sind. Die Eltern wollen sie nicht aufwecken, erinnern sich aber daran, dass sie selbst damals aus Trotz und Vorfreude erst gar nicht zu Bett gegangen sind. Und wie sauer sie noch als Kind auf die Eltern waren, weil sie einen nicht zum Sahur, dem letzten Essen vor der Morgend\u00e4mmerung geweckt hatten. Mit dem Sahur f\u00e4ngt das Fasten an. Durchgefastet haben und mussten wir in dem Alter nicht, doch waren wir stolz f\u00fcr jede weitere Minute, die wir geschafft haben.  Selbst ins Erwachsenenalter retten sich die Erinnerungen an den k\u00f6stlichen Geschmack dieses fr\u00fchen Essens. Dabei gab es keine besonderen Speisen, eher schlicht war die Speisekarte. Aber die Vorfreude auf das Fasten lag in der Luft, belegte das Gegessene mit einer unvergesslichen Essenz. Nicht um die Nahrungsaufnahme ging es damals und geht es heute, sondern um den spirituellen Beginn des Tages. <\/p>\n\n\n\n<p>Mit klarem Geist und klarem Herz beginnt fr\u00fch der Tag, mit jedem weiteren Gebet, jeder weiteren Rezitation des Koran \u00f6ffnen sich Geist und Herz der N\u00e4he Gottes. Unbelastet von Bed\u00fcrfnissen wie Essen und Trinken, wird der Muslim seinem Innersten Gewahr: <\/p>\n\n\n\n<blockquote class=\"wp-block-quote\"><p> \u201cWir schufen einst den Menschen und wissen ganz genau, was seine Seele ihm einzufl\u00fcstern sucht: Denn wir sind ihm viel n\u00e4her noch als seine Halsschlagader.\u201d (50:16) <\/p><\/blockquote>\n\n\n\n<p>Im Ramadan sp\u00fcren wir diese N\u00e4he besonders intensiv. Das in sich gehen im Gebet, aber auch in der Geduld und der Ruhe des Fastens l\u00e4sst den Gl\u00e4ubigen diese N\u00e4he sp\u00fcren. Wie nach innen sind auch die Sinne nach au\u00dfen gesch\u00e4rft. Die Umwelt wird viel intensiver wahrgenommen, der Umgang mit ihr geschieht bewusster. Den Tag in dieser Geisteshaltung verbracht, ist es nicht der Hunger, der die Gedanken zum Iftar, dem Fastenbrechen besch\u00e4ftigt. <\/p>\n\n\n\n<p>Nur wenige Tage sind es noch, bis diese Zeit f\u00fcr uns Muslime wieder anbricht. Und schon jetzt steigt die Vorfreude und Erwartung, auf eine Erfahrung an Spiritualit\u00e4t, die nur in diesem Monat so intensiv erlebt werden kann. Gemeinsam werden wir das Fasten beginnen, so oft es m\u00f6glich ist, gemeinsam beten und rezitieren, gemeinsam unser Brot brechen. Und am liebsten haben wir dabei unsere Familie und Freunde dabei, unabh\u00e4ngig davon, ob es Muslime sind oder nicht. (ek)<\/p>\n\n\n\n<p><\/p>\n","protected":false},"excerpt":{"rendered":"<p>Ruhig ist es, wie an einem warmen Sommerabend auf einer weiten Wiese. Ein leichter Lufthauch umstr\u00f6mt uns, fern aller Hektik und Sorge. So in etwa f\u00fchlt sich f\u00fcr viele Muslime der erste Abend des Fastens im Ramadan und viele weitere Abende dieses besonderen Monats an. Diese Minuten vor dem Fastenbrechen, wenn man sich mit seinen&hellip; <\/p>\n<p class=\"simppeli-read-more\"><a href=\"https:\/\/freitagsworte.de\/index.php\/2019\/05\/03\/der-ramadan-ist-gottesnaehe\/\" class=\"more-link\">Weiterlesen <span class=\"screen-reader-text\">Der Ramadan ist Gottesn\u00e4he<\/span> <span class=\"meta-nav\">&rarr;<\/span><\/a><\/p>\n","protected":false},"author":1,"featured_media":0,"comment_status":"closed","ping_status":"closed","sticky":false,"template":"","format":"standard","meta":{"spay_email":"","jetpack_publicize_message":"","jetpack_is_tweetstorm":false,"jetpack_publicize_feature_enabled":true},"categories":[98],"tags":[100,53,99,348],"jetpack_publicize_connections":[],"jetpack_featured_media_url":"","jetpack_sharing_enabled":true,"jetpack_shortlink":"https:\/\/wp.me\/p8tv7g-ha","jetpack-related-posts":[{"id":641,"url":"https:\/\/freitagsworte.de\/index.php\/2018\/06\/01\/ramadan-spiritualitaet-fuer-alle\/","url_meta":{"origin":1064,"position":0},"title":"Ramadan \u2013 Spiritualit\u00e4t f\u00fcr Alle?","date":"1. Juni 2018","format":false,"excerpt":"Im Ramadan erreicht die Spiritualit\u00e4t der Muslime ihren H\u00f6henpunkt. Der Fastenmonat ist gesegnet von Gottesdiensten, die dem Gl\u00e4ubigen die M\u00f6glichkeit geben, k\u00f6rperlich und seelisch Allahs N\u00e4he zu sp\u00fcren. Sowohl das Fasten als auch das rituelle Gebet und die religi\u00f6se Pflichtgabe und Almosen sollen in diesem Monat intensiv verrichtet werden, so\u2026","rel":"","context":"In &quot;Aufrichtigkeit&quot;","img":{"alt_text":"","src":"","width":0,"height":0},"classes":[]},{"id":622,"url":"https:\/\/freitagsworte.de\/index.php\/2018\/05\/11\/ramadan-an-der-grenze-zu-neuen-anfaengen\/","url_meta":{"origin":1064,"position":1},"title":"Ramadan &#8211; An der Grenze zu neuen Anf\u00e4ngen","date":"11. Mai 2018","format":false,"excerpt":"In der kommenden Woche beginnt der Monat Ramadan. Es ist der neunte Monat des islamischen Mondkalenders. Von Mitte Mai bis Mitte Juni werden wir einen Monat lang uns auf eine der f\u00fcnf S\u00e4ulen des Islam st\u00fctzen \u2013 das Fasten. Verschiedene Koranverse verweisen auf das Fasten und auf den Monat Ramadan,\u2026","rel":"","context":"In &quot;Gebet&quot;","img":{"alt_text":"","src":"","width":0,"height":0},"classes":[]},{"id":1646,"url":"https:\/\/freitagsworte.de\/index.php\/2021\/04\/30\/die-ruhende-seele-im-ramadan\/","url_meta":{"origin":1064,"position":2},"title":"Die ruhende Seele im Ramadan","date":"30. April 2021","format":false,"excerpt":"Der Ramadan ist anders. Er riecht anders, er schmeckt anders, er f\u00fchlt sich anders an. Das Fasten in diesem Monat z\u00fcgelt zwar den Verzehr, er sch\u00e4rft daf\u00fcr die Sinne. Schon nach zwei oder drei Fastentagen \u00e4ndert sich die Wahrnehmung der Umwelt. Sie wird bewusster gesehen, gerochen, gef\u00fchlt, geschmeckt. Es \u00e4ndert\u2026","rel":"","context":"In &quot;Ramadan&quot;","img":{"alt_text":"","src":"","width":0,"height":0},"classes":[]},{"id":1860,"url":"https:\/\/freitagsworte.de\/index.php\/2022\/04\/15\/die-ruhende-seele-im-ramadan-2\/","url_meta":{"origin":1064,"position":3},"title":"Die ruhende Seele im Ramadan","date":"15. April 2022","format":false,"excerpt":"Der Ramadan ist anders. Er riecht anders, er schmeckt anders, er f\u00fchlt sich anders an. Das Fasten in diesem Monat z\u00fcgelt zwar den Verzehr, sch\u00e4rft aber daf\u00fcr die Sinne. Schon nach zwei oder drei Fastentagen \u00e4ndert sich die Wahrnehmung der Umwelt. Sie wird bewusster gesehen, gerochen, gef\u00fchlt, geschmeckt. Es \u00e4ndert\u2026","rel":"","context":"\u00c4hnlicher Beitrag","img":{"alt_text":"","src":"","width":0,"height":0},"classes":[]},{"id":1848,"url":"https:\/\/freitagsworte.de\/index.php\/2022\/03\/25\/ramadan-an-der-grenze-zu-neuen-anfaengen-2\/","url_meta":{"origin":1064,"position":4},"title":"Ramadan &#8211; An der Grenze zu neuen Anf\u00e4ngen","date":"25. M\u00e4rz 2022","format":false,"excerpt":"In der kommenden Woche beginnt der Monat Ramadan. Es ist der neunte Monat des islamischen Mondkalenders. Von Anfang April bis Anfang Mai werden wir einen Monat lang uns auf eine der f\u00fcnf S\u00e4ulen des Islam st\u00fctzen \u2013 das Fasten. Verschiedene Koranverse verweisen auf das Fasten und auf den Monat Ramadan,\u2026","rel":"","context":"\u00c4hnlicher Beitrag","img":{"alt_text":"","src":"","width":0,"height":0},"classes":[]},{"id":534,"url":"https:\/\/freitagsworte.de\/index.php\/2018\/02\/16\/tue-gutes-so-wie-allah-dir-gutes-tat\/","url_meta":{"origin":1064,"position":5},"title":"Tue Gutes, so wie Allah dir Gutes tat","date":"16. Februar 2018","format":false,"excerpt":"Religiosit\u00e4t und Gl\u00e4ubigkeit findet f\u00fcr Muslime nicht in einem begrenzten sakralen Raum statt. Vielmehr spiegelt sich der Glauben in der Haltung und der Handlung der Gl\u00e4ubigen wieder. Der religi\u00f6se Dienst beschr\u00e4nkt sich nicht auf das Gebet in der Moschee oder das Fasten im Ramadan, es durchzieht das ganze Leben. Religiosit\u00e4t\u2026","rel":"","context":"In &quot;Gottesn\u00e4he&quot;","img":{"alt_text":"","src":"","width":0,"height":0},"classes":[]}],"_links":{"self":[{"href":"https:\/\/freitagsworte.de\/index.php\/wp-json\/wp\/v2\/posts\/1064"}],"collection":[{"href":"https:\/\/freitagsworte.de\/index.php\/wp-json\/wp\/v2\/posts"}],"about":[{"href":"https:\/\/freitagsworte.de\/index.php\/wp-json\/wp\/v2\/types\/post"}],"author":[{"embeddable":true,"href":"https:\/\/freitagsworte.de\/index.php\/wp-json\/wp\/v2\/users\/1"}],"replies":[{"embeddable":true,"href":"https:\/\/freitagsworte.de\/index.php\/wp-json\/wp\/v2\/comments?post=1064"}],"version-history":[{"count":4,"href":"https:\/\/freitagsworte.de\/index.php\/wp-json\/wp\/v2\/posts\/1064\/revisions"}],"predecessor-version":[{"id":1068,"href":"https:\/\/freitagsworte.de\/index.php\/wp-json\/wp\/v2\/posts\/1064\/revisions\/1068"}],"wp:attachment":[{"href":"https:\/\/freitagsworte.de\/index.php\/wp-json\/wp\/v2\/media?parent=1064"}],"wp:term":[{"taxonomy":"category","embeddable":true,"href":"https:\/\/freitagsworte.de\/index.php\/wp-json\/wp\/v2\/categories?post=1064"},{"taxonomy":"post_tag","embeddable":true,"href":"https:\/\/freitagsworte.de\/index.php\/wp-json\/wp\/v2\/tags?post=1064"}],"curies":[{"name":"wp","href":"https:\/\/api.w.org\/{rel}","templated":true}]}}